{"id":40226,"date":"2026-03-11T02:32:55","date_gmt":"2026-03-11T05:32:55","guid":{"rendered":"https:\/\/gilpimentel.com.br\/site\/?p=40226"},"modified":"2026-03-11T16:03:19","modified_gmt":"2026-03-11T19:03:19","slug":"stream-palace-hotel-da-7-dicas-de-passeios-interessantes-pelo-centro-de-ribeirao-preto","status":"publish","type":"post","link":"https:\/\/gilpimentel.com.br\/site\/stream-palace-hotel-da-7-dicas-de-passeios-interessantes-pelo-centro-de-ribeirao-preto\/","title":{"rendered":"STREAM PALACE HOTEL D\u00c1 7 DICAS DE PASSEIOS INTERESSANTES PELO CENTRO DE RIBEIR\u00c3O PRETO"},"content":{"rendered":"<p>Localizado no cora\u00e7\u00e3o de Ribeir\u00e3o Preto, o Stream Hot\u00e9is conta com mais de cinco d\u00e9cadas de hist\u00f3ria e estrutura completa para receber h\u00f3spedes de perfis variados. S\u00e3o duas torres com estilos diferentes (Cl\u00e1ssica e Superior), que comportam 172 apartamentos, al\u00e9m de piscina, sauna, \u00e1rea fitness, servi\u00e7o de lavanderia, wi-fi de alta velocidade, TV a cabo e estacionamento com manobrista. O Athenas Restaurante e o Eros Bar completam os servi\u00e7os.<\/p>\n<p>&nbsp;<\/p>\n<p>Confira abaixo uma lista de passeios para quem deseja curtir o melhor de Ribeir\u00e3o Preto e se hospedar no hotel mais completo da cidade.<\/p>\n<p>&nbsp;<\/p>\n<p>Theatro Pedro II<\/p>\n<p>&nbsp;<\/p>\n<p>Principal pr\u00e9dio do Quarteir\u00e3o Paulista, o Theatro Pedro II foi inaugurado em 8 de outubro e 1930 e se tornou o cart\u00e3o postal de Ribeir\u00e3o Preto. O local foi destru\u00eddo por um inc\u00eandio em 1980, mas, 14 anos depois, totalmente restaurado, foi reinaugurado.<\/p>\n<p>&nbsp;<\/p>\n<p>Endere\u00e7o: Rua \u00c1lvares Cabral, 370, Centro.<\/p>\n<p>&nbsp;<\/p>\n<p>Palacete 1922<\/p>\n<p>&nbsp;<\/p>\n<p>Casar\u00e3o hist\u00f3rico de Ribeir\u00e3o Preto, o Palacete Jorge Lobato foi restaurado e virou o caf\u00e9 e restaurante Palacete 1922.<\/p>\n<p>&nbsp;<\/p>\n<p>Endere\u00e7o: Rua \u00c1lvares Cabral, 716, Centro. Local abre para o almo\u00e7o, de ter\u00e7a a domingo, e jantar, sexta e s\u00e1bado. Recentemente, tamb\u00e9m passou a servir caf\u00e9 da manh\u00e3 aos finais de semana.<\/p>\n<p>&nbsp;<\/p>\n<p>Biblioteca Sinh\u00e1 Junqueira<\/p>\n<p>&nbsp;<\/p>\n<p>Antiga Biblioteca Altino Arantes, o local passou por restaura\u00e7\u00e3o, sendo reinaugurado em 2019 com o nome de Sinh\u00e1 Junqueira. Al\u00e9m de biblioteca, espa\u00e7o conta com um caf\u00e9, em um ambiente \u00fanico em Ribeir\u00e3o Preto.<\/p>\n<p>&nbsp;<\/p>\n<p>Endere\u00e7o: Rua Duque De Caxias, 547, Centro.<\/p>\n<p>&nbsp;<\/p>\n<p>Cafeteria A \u00danica<\/p>\n<p>&nbsp;<\/p>\n<p>Local hist\u00f3rico de Ribeir\u00e3o Preto, est\u00e1 em funcionamento h\u00e1 mais de 80 anos. A esquina j\u00e1 viu a presen\u00e7a dos principais pol\u00edticos brasileiros, que sempre passam pelo local para tomar um caf\u00e9 e falar com a imprensa.<\/p>\n<p>&nbsp;<\/p>\n<p>Endere\u00e7o: Rua S\u00e3o Sebasti\u00e3o, 465, Centro. Local funciona, de segunda a sexta, das 6h \u00e0s 18h30, e aos s\u00e1bados e domingos, das 6h \u00e0s 12h.<\/p>\n<p>&nbsp;<\/p>\n<p>Choperia Pinguim<\/p>\n<p>&nbsp;<\/p>\n<p>Assim como o caf\u00e9, o chope faz parte da hist\u00f3ria de Ribeir\u00e3o Preto. E o local mais emblem\u00e1tico \u00e9 a Choperia Pinguim, no Edif\u00edcio Meira Junior, que tamb\u00e9m integra o Quarteir\u00e3o Paulista.<\/p>\n<p>&nbsp;<\/p>\n<p>Endere\u00e7o: Rua General Os\u00f3rio, 389, Centro. Funciona diariamente, a partir das 11 horas.<\/p>\n<p>&nbsp;<\/p>\n<p>Casa da Mem\u00f3ria Italiana<\/p>\n<p>&nbsp;<\/p>\n<p>Local \u00e9 mais um pr\u00e9dio que foi restaurado na regi\u00e3o central de Ribeir\u00e3o Preto. A casa foi constru\u00edda entre 1923 e 1925, pelo casal de imigrantes italianos Pedro Biagi e Eugenia Biagi.<\/p>\n<p>&nbsp;<\/p>\n<p>Endere\u00e7o: Rua Tibiri\u00e7\u00e1, 776, Centro. Visitas podem ser feitas com agendamento e ser consultada na agenda mensal de eventos.<\/p>\n<p>&nbsp;<\/p>\n<p>Marp<\/p>\n<p>&nbsp;<\/p>\n<p>Museu de Arte de Ribeir\u00e3o Preto (Marp) Pedro Manuel-Gismond fica em um pr\u00e9dio recheado de hist\u00f3rias. Foi inaugurado em 1908 como a primeira sede do clube Sociedade Recreativa. A partir de 1956, o local se tornou a C\u00e2mara de Vereadores de Ribeir\u00e3o Preto. J\u00e1 a partir de 1992, com a mudan\u00e7a da C\u00e2mara, o local passou a ser o Marp.<\/p>\n<p>&nbsp;<\/p>\n<p>Endere\u00e7o: Rua Bar\u00e3o do Amazonas, 323, Centro.<\/p>\n<p>&nbsp;<\/p>\n<p>SERVI\u00c7O<\/p>\n<p>&nbsp;<\/p>\n<p>Stream Hot\u00e9is<\/p>\n<p>&nbsp;<\/p>\n<p>R. Gen. Os\u00f3rio, 830 &#8211; Centro, Ribeir\u00e3o Preto<\/p>\n","protected":false},"excerpt":{"rendered":"<p>Localizado no cora\u00e7\u00e3o de Ribeir\u00e3o Preto, o Stream Hot\u00e9is conta com mais de cinco d\u00e9cadas de hist\u00f3ria e estrutura completa para receber h\u00f3spedes de perfis &hellip; <\/p>\n","protected":false},"author":2,"featured_media":40227,"comment_status":"closed","ping_status":"closed","sticky":false,"template":"","format":"standard","meta":{"footnotes":""},"categories":[2],"tags":[],"class_list":["post-40226","post","type-post","status-publish","format-standard","has-post-thumbnail","hentry","category-noticias","latest_post"],"_links":{"self":[{"href":"https:\/\/gilpimentel.com.br\/site\/wp-json\/wp\/v2\/posts\/40226","targetHints":{"allow":["GET"]}}],"collection":[{"href":"https:\/\/gilpimentel.com.br\/site\/wp-json\/wp\/v2\/posts"}],"about":[{"href":"https:\/\/gilpimentel.com.br\/site\/wp-json\/wp\/v2\/types\/post"}],"author":[{"embeddable":true,"href":"https:\/\/gilpimentel.com.br\/site\/wp-json\/wp\/v2\/users\/2"}],"replies":[{"embeddable":true,"href":"https:\/\/gilpimentel.com.br\/site\/wp-json\/wp\/v2\/comments?post=40226"}],"version-history":[{"count":1,"href":"https:\/\/gilpimentel.com.br\/site\/wp-json\/wp\/v2\/posts\/40226\/revisions"}],"predecessor-version":[{"id":40228,"href":"https:\/\/gilpimentel.com.br\/site\/wp-json\/wp\/v2\/posts\/40226\/revisions\/40228"}],"wp:featuredmedia":[{"embeddable":true,"href":"https:\/\/gilpimentel.com.br\/site\/wp-json\/wp\/v2\/media\/40227"}],"wp:attachment":[{"href":"https:\/\/gilpimentel.com.br\/site\/wp-json\/wp\/v2\/media?parent=40226"}],"wp:term":[{"taxonomy":"category","embeddable":true,"href":"https:\/\/gilpimentel.com.br\/site\/wp-json\/wp\/v2\/categories?post=40226"},{"taxonomy":"post_tag","embeddable":true,"href":"https:\/\/gilpimentel.com.br\/site\/wp-json\/wp\/v2\/tags?post=40226"}],"curies":[{"name":"wp","href":"https:\/\/api.w.org\/{rel}","templated":true}]}}