{"id":40223,"date":"2026-03-13T01:31:17","date_gmt":"2026-03-13T04:31:17","guid":{"rendered":"https:\/\/gilpimentel.com.br\/site\/?p=40223"},"modified":"2026-03-13T16:58:44","modified_gmt":"2026-03-13T19:58:44","slug":"ingressos-a-venda-para-cabare-o-ultimo-encontro-com-leonardo-e-bruno-marrone-em-sp","status":"publish","type":"post","link":"https:\/\/gilpimentel.com.br\/site\/ingressos-a-venda-para-cabare-o-ultimo-encontro-com-leonardo-e-bruno-marrone-em-sp\/","title":{"rendered":"INGRESSOS \u00c0 VENDA PARA CABAR\u00c9 &#8211; O \u00daLTIMO ENCONTRO COM LEONARDO E BRUNO &#038; MARRONE EM SP"},"content":{"rendered":"<p>Forma\u00e7\u00e3o atual do projeto se despede dos palcos, no dia 12 de setembro, na Mercado Livre Arena Pacaembu<\/p>\n<p>&nbsp;<\/p>\n<p>A nova edi\u00e7\u00e3o do projeto Cabar\u00e9, que re\u00fane Leonardo e a dupla Bruno &amp; Marrone, anunciou recentemente turn\u00ea de despedida, encerrando um ciclo que marcou \u00e9poca na m\u00fasica sertaneja. Ao longo de cinco anos na estrada, o espet\u00e1culo percorreu o pa\u00eds com ingressos esgotados em diversas capitais, transformando cada apresenta\u00e7\u00e3o em uma celebra\u00e7\u00e3o e consolidando o encontro como um dos eventos mais emblem\u00e1ticos do sertanejo contempor\u00e2neo.<\/p>\n<p>&nbsp;<\/p>\n<p>\u201cCabar\u00e9 \u2013 O \u00daltimo Encontro\u201d marca o encerramento de um dos cap\u00edtulos mais marcantes da hist\u00f3ria recente do g\u00eanero. Ser\u00e1 a \u00faltima oportunidade de ver no mesmo palco tr\u00eas artistas fundamentais que ajudaram a moldar a identidade da m\u00fasica sertaneja no Brasil. O projeto tornou-se um verdadeiro fen\u00f4meno cultural, aproximou gera\u00e7\u00f5es, reuniu multid\u00f5es e construiu mem\u00f3rias afetivas inesquec\u00edveis. Nesta temporada final, emo\u00e7\u00e3o, nostalgia e romantismo conduzem um repert\u00f3rio que percorre d\u00e9cadas e celebra a for\u00e7a de uma amizade que conquistou e divertiu todo o pa\u00eds.<\/p>\n<p>&nbsp;<\/p>\n<p>Com realiza\u00e7\u00e3o da Opus Entretenimento, a maior plataforma de entretenimento ao vivo do pa\u00eds, em parceria com a Groove Live Entertainment, \u201cCabar\u00e9 \u2013 O \u00daltimo Encontro\u201d percorrer\u00e1 apenas oito cidades, em datas especiais que prometem transformar cada apresenta\u00e7\u00e3o em um momento hist\u00f3rico para os f\u00e3s.<\/p>\n<p>&nbsp;<\/p>\n<p>Em S\u00e3o Paulo, o show est\u00e1 marcado para o dia 12 de setembro, na Mercado Livre Arena Pacaembu. A venda de ingressos come\u00e7a hoje (10\/03), \u00e0s 14h, exclusivamente pelo site turnecabare.com.br e pontos autorizados. Mais informa\u00e7\u00f5es no servi\u00e7o abaixo.<\/p>\n<p>&nbsp;<\/p>\n<p>Ao longo dos \u00faltimos anos, essa fase de \u201cCabar\u00e9\u201d tornou-se s\u00edmbolo de cumplicidade, respeito e admira\u00e7\u00e3o entre alguns dos maiores nomes da m\u00fasica brasileira. No palco, Leonardo e Bruno &amp; Marrone conduzem o p\u00fablico por uma experi\u00eancia intensa, embalada por can\u00e7\u00f5es que percorrem mais de quatro d\u00e9cadas do sertanejo e transformam cada noite em uma celebra\u00e7\u00e3o coletiva, eternizada tamb\u00e9m no aclamado DVD gravado na Vibra S\u00e3o Paulo.<\/p>\n<p>&nbsp;<\/p>\n<p>O espet\u00e1culo re\u00fane sucessos marcantes das trajet\u00f3rias dos artistas em uma atmosfera de proximidade e conex\u00e3o genu\u00edna com a plateia. S\u00e3o momentos pensados exclusivamente para essa parceria que conquistou o pa\u00eds e agora se despede de forma definitiva, reafirmando o sertanejo como trilha sonora da vida de milh\u00f5es de brasileiros.<\/p>\n<p>&nbsp;<\/p>\n<p>Para esta \u00faltima rodada, o trio retorna \u00e0 estrada com uma produ\u00e7\u00e3o de grande porte, cenografia impactante, pain\u00e9is de LED e intensidade do in\u00edcio ao fim. O repert\u00f3rio funciona como um amplo retrato das carreiras de Leonardo e de Bruno &amp; Marrone, somado a m\u00fasicas escolhidas especialmente para este encerramento, preservando a identidade e a ess\u00eancia desse encontro hist\u00f3rico.<\/p>\n<p>&nbsp;<\/p>\n<p>Cl\u00e1ssicos como \u201cViva a Vida\u201d, \u201cTelefone Mudo\u201d, \u201cBoate Azul\u201d, \u201cGar\u00e7om\u201d, \u201cDama de Vermelho\u201d, \u201cAmor de Primavera\u201d, \u201cAndorinhas\u201d e \u201cEu N\u00e3o Sou Cachorro, N\u00e3o\u201d levam o p\u00fablico por uma viagem afetiva que transforma cada apresenta\u00e7\u00e3o em uma noite inesquec\u00edvel, agora marcada pelo sentimento de despedida.<\/p>\n<p>&nbsp;<\/p>\n<p>\u201cO projeto Cabar\u00e9 foi criado para celebrar encontros, este com Bruno &amp; Marrone \u00e9 especial por v\u00e1rios motivos; Marrone conhe\u00e7o desde sempre e o Bruno \u00e9 o par que todo admirador de um bom \u201ccabar\u00e9&#8221; pode ter. Vamos fazer esta turn\u00ea de despedida nos palcos e seguirmos firmes como companheiros\u201d, diz Leonardo, sempre com seu jeito irreverente.<\/p>\n<p>&nbsp;<\/p>\n<p>Bruno &amp; Marrone tamb\u00e9m ressaltam a emo\u00e7\u00e3o desses \u00faltimos encontros no palco ao lado do amigo. \u201cCelebramos nossa carreira com muito orgulho, dividir o palco com Leonardo \u00e9 mais um sonho realizado, gra\u00e7as ao \u2018Cabar\u00e9\u2019, e temos certeza que estas \u00faltimas apresenta\u00e7\u00f5es ser\u00e3o ainda mais especiais\u201d, comentam.<\/p>\n<p>&nbsp;<\/p>\n<p>A tour &#8220;Cabar\u00e9 \u2013 O \u00daltimo Encontro&#8221; consiste, at\u00e9 ent\u00e3o, com as seguintes datas:<\/p>\n<p>18\/04 \u2013 Cuiab\u00e1 (MT) \u2013 Allure Music Hall<\/p>\n<p>09\/05 \u2013 Goi\u00e2nia (GO) \u2013 Estacionamento do Est\u00e1dio Serra Dourada<\/p>\n<p>31\/05 \u2013 Curitiba (PR) \u2013 Est\u00e1dio Durival de Britto e Silva (Vila Capanema) \u2013 participa\u00e7\u00e3o especial de Ra\u00e7a Negra<\/p>\n<p>15\/08 \u2013 Betim (MG) \u2013 Partage Shopping Betim<\/p>\n<p>12\/09 \u2013 S\u00e3o Paulo (SP) \u2013 Mercado Livre Arena Pacaembu<\/p>\n<p>09\/10 \u2013 Recife (PE) \u2013 Classic Hall<\/p>\n<p>10\/10 \u2013 Fortaleza (CE) \u2013 Local a definir<\/p>\n<p>16\/10 \u2013 Maring\u00e1 (PR) \u2013 Sociedade Rural de Maring\u00e1 \u2013 Arena Coberta \u2013 Parque de Exposi\u00e7\u00f5es<\/p>\n<p>&nbsp;<\/p>\n<p>A ideia do Cabar\u00e9 foi idealizada pela Talism\u00e3 Music, escrit\u00f3rio de Leonardo, e nasceu do desejo de celebrar uma amizade constru\u00edda ao longo de d\u00e9cadas, com leveza, bom humor e paix\u00e3o pela m\u00fasica, al\u00e9m de promover encontros memor\u00e1veis. Os n\u00fameros confirmam a dimens\u00e3o do projeto: s\u00e3o mais de 300 apresenta\u00e7\u00f5es, 4 milh\u00f5es de espectadores, 410 milh\u00f5es de visualiza\u00e7\u00f5es no YouTube, 20 milh\u00f5es de plays nas plataformas digitais, lideran\u00e7a nas r\u00e1dios, destaque no IBOPE da TV e alcance superior a 45 milh\u00f5es de pessoas nas redes sociais.<\/p>\n<p>&nbsp;<\/p>\n<p>SERVI\u00c7O S\u00c3O PAULO<\/p>\n<p>&nbsp;<\/p>\n<p>Opus Entretenimento e Groove orgulhosamente apresentam Cabar\u00e9 \u2013 O \u00daltimo Encontro: Leonardo e Bruno &amp; Marrone<\/p>\n<p>Data: 12 de setembro de 2026<\/p>\n<p>Local: Mercado Livre Arena Pacaembu<\/p>\n<p>Endere\u00e7o: Pra\u00e7a Charles Miller, s\/n &#8211; Pacaembu, S\u00e3o Paulo &#8211; SP, 01234-010.<\/p>\n<p>Hor\u00e1rio: 17h (abertura da arena)<\/p>\n<p>Ingressos a partir de R$ 80,00 em at\u00e9 12x<\/p>\n<p>Classifica\u00e7\u00e3o: 18 anos.<\/p>\n<p>&nbsp;<\/p>\n<p>Setores:<\/p>\n<p>Mesa Vip: a partir de R$ 6.000,00+ taxas<\/p>\n<p>Bistro: a partir de R$ 2.400,00+ taxas<\/p>\n<p>Camarote Pista: a partir de R$ 800,00+ taxas<\/p>\n<p>Pista: a partir de R$ 120,00+ taxas<\/p>\n<p>Cadeira Oeste: a partir de R$ 80,00+ taxas<\/p>\n<p>Cad. Oeste Coberta: a partir de R$ 112,00+ taxas<\/p>\n<p>Cad. Oeste Esplanada: a partir de R$ 80,00+ taxas<\/p>\n<p>Arquibancada Norte: a partir de R$ 80,00+ taxas<\/p>\n<p>PCD: a partir de R$ 150,00+ taxas<\/p>\n<p>&nbsp;<\/p>\n<p>Ingresso online:turnecabare.com.br<\/p>\n<p>&nbsp;<\/p>\n<p>Pontos de venda:<\/p>\n<p>A Uhuu \u00e9 o canal oficial de vendas deste evento. N\u00e3o nos responsabilizamos por ingressos adquiridos fora dos canais oficiais.<\/p>\n<p>&nbsp;<\/p>\n<p>Bilheteria do Teatro Bradesco \u2022 Sem incid\u00eancia de Taxa de Servi\u00e7o<\/p>\n<p>3\u00ba Piso do Bourbon Shopping S\u00e3o Paulo<\/p>\n<p>Rua Palestra It\u00e1lia, n\u00ba 500 \u2022 Loja 263 \u2022 3\u00b0 Piso I Perdizes \u2022 S\u00e3o Paulo \u2022 SP<\/p>\n<p>Hor\u00e1rio de funcionamento:<\/p>\n<p>Segunda a sexta-feira: 12h00 \u00e0s 15h00 | 16h00 \u00e0s 19h00.<\/p>\n<p>S\u00e1bados, domingos e feriados: 14h00 \u00e0s 18h00.<\/p>\n<p>*Em dias de evento, a bilheteria permanece aberta at\u00e9 30 minutos ap\u00f3s o in\u00edcio do espet\u00e1culo<\/p>\n<p>&nbsp;<\/p>\n<p>Bilheteria do Teatro Sabesp Frei Caneca \u2022 Sem incid\u00eancia de Taxa de Servi\u00e7o<\/p>\n<p>7\u00ba Piso do Shopping Frei Caneca<\/p>\n<p>Rua Frei Caneca, n\u00ba 569 \u2022 7\u00b0 Piso I Consola\u00e7\u00e3o \u2022 S\u00e3o Paulo \u2022 SP<\/p>\n<p>Hor\u00e1rio de funcionamento:<\/p>\n<p>Ter\u00e7a a sexta-feira: 12h00 \u00e0s 15h00 | 16h00 \u00e0s 19h00.<\/p>\n<p>S\u00e1bados, domingos e feriados: 14h00 \u00e0s 18h00.<\/p>\n<p>*Em dias de evento, a bilheteria permanece aberta at\u00e9 30 minutos ap\u00f3s o in\u00edcio do espet\u00e1culo<\/p>\n<p>&nbsp;<\/p>\n<p>Bilheteria Local \u2022 Mercado Livre Arena Pacaembu \u2022 Sem incid\u00eancia de Taxa de Servi\u00e7o \u2022 Somente no dia do evento<\/p>\n<p>Pra\u00e7a Charles Miller \u2022 Pacaembu \u2022 S\u00e3o Paulo \u2022 SP<\/p>\n<p>Hor\u00e1rio de funcionamento: Somente em dias de apresenta\u00e7\u00f5es, a confirmar.<\/p>\n<p>&nbsp;<\/p>\n<p>Formas de Pagamento:<\/p>\n<p>Internet: Pix e Cart\u00f5es Visa, Master, Diners, Hiper, Elo e American.<\/p>\n<p>Bilheteria: Pix e Cart\u00f5es Visa, Master, Diners, Hiper, Elo, American e Banricompras.<\/p>\n<p>Parcelamento no cart\u00e3o de cr\u00e9dito: at\u00e9 3x sem juros, de 4x at\u00e9 12x com juros.<\/p>\n<p>&nbsp;<\/p>\n<p>Os ingressos e-Ticket em arquivo .PDF s\u00e3o entregues automaticamente ao e-mail do titular do pedido em at\u00e9 30 minutos ap\u00f3s o recebimento da confirma\u00e7\u00e3o de compra. Apresente no acesso do evento. Caso n\u00e3o tenha recebido o e-mail, verifique tamb\u00e9m sua caixa anti-spam.<\/p>\n<p>&nbsp;<\/p>\n<p>Descontos:<\/p>\n<p>*O setor Camarote contar\u00e1 com servi\u00e7o OPEN BAR. Sendo assim, as meias entradas n\u00e3o se aplicam sobre os servi\u00e7os.<\/p>\n<p>&nbsp;<\/p>\n<p>50% para Idosos com idade igual ou superior a 60 anos: Lei Federal n\u00ba 10.741\/2003 (Estatuto do Idoso) \u2013 obrigat\u00f3ria apresenta\u00e7\u00e3o de identidade ou documento oficial com foto que comprove a sua condi\u00e7\u00e3o;<\/p>\n<p>&nbsp;<\/p>\n<p>50% Estudantes: Os estudantes ter\u00e3o direito ao benef\u00edcio da meia-entrada mediante a apresenta\u00e7\u00e3o da CIE no momento da aquisi\u00e7\u00e3o do ingresso e na portaria ou na entrada do local de realiza\u00e7\u00e3o do evento. A CIE dever\u00e1 ser expedida por: I &#8211; Associa\u00e7\u00e3o Nacional de P\u00f3s-Graduandos &#8211; ANPG; II \u2013 Uni\u00e3o Nacional dos Estudantes &#8211; UNE; III &#8211; Uni\u00e3o Brasileira dos Estudantes Secundaristas &#8211; Ubes; IV &#8211; Entidades estaduais e municipais; V &#8211; Diret\u00f3rios Centrais dos Estudantes &#8211; DCE; e VI &#8211; Centros e Diret\u00f3rios Acad\u00eamicos, de n\u00edvel m\u00e9dio e superior. www.documentodoestudante.com.br.<\/p>\n<p>&nbsp;<\/p>\n<p>Os elementos indispens\u00e1veis da CIE s\u00e3o: I &#8211; nome completo e data de nascimento do estudante; II &#8211; foto recente do estudante; III &#8211; nome da institui\u00e7\u00e3o de ensino na qual o estudante esteja matriculado; IV &#8211; grau de escolaridade; e V &#8211; data de validade at\u00e9 o dia 31 de mar\u00e7o do ano subsequente ao de sua expedi\u00e7\u00e3o.<\/p>\n<p>&nbsp;<\/p>\n<p>Obs.: Para os estudantes que solicitaram a CIE pelo site documentodoestudante.com.br e ainda aguardam o recebimento da carteira, ser\u00e1 aceito o Documento Provis\u00f3rio, que possui validade de 30 dias. O mesmo deve ser apresentado juntamente a um documento de identidade oficial com foto.<\/p>\n<p>&nbsp;<\/p>\n<p>50% para crian\u00e7as e jovens de 24 meses a 15 anos de idade: Benef\u00edcio concedido pelo Teatro, mediante apresenta\u00e7\u00e3o de documento de identidade oficial com foto.<\/p>\n<p>&nbsp;<\/p>\n<p>50% para pessoas com defici\u00eancia e acompanhante quando necess\u00e1rio: Conforme a Lei Geral da Meia-Entrada (Decreto n\u00ba 8.537\/15, que regulamenta a Lei 12.933\/13), mediante apresenta\u00e7\u00e3o do cart\u00e3o de Benef\u00edcio de Presta\u00e7\u00e3o Continuada da Assist\u00eancia Social da Pessoa com Defici\u00eancia, documento emitido pelo Instituto Nacional do Seguro Social &#8211; INSS que ateste a aposentadoria de acordo com os crit\u00e9rios estabelecidos na Lei Complementar n\u00ba 142, de 8 de maio de 2013 e via laudo m\u00e9dico ou documento oficial com foto que conste a numera\u00e7\u00e3o do CID.<\/p>\n<p>&nbsp;<\/p>\n<p>50% de desconto para Professores da educa\u00e7\u00e3o b\u00e1sica e superior, das redes p\u00fablica e privada. Conforme o Decreto Federal n\u00ba 12.672, de 15 de outubro de 2025, foi institu\u00edda a Carteira Nacional de Docente (CNDB) o direito da Meia Entrada, documento oficial de identifica\u00e7\u00e3o para professores da educa\u00e7\u00e3o b\u00e1sica e superior, das redes p\u00fablica e privada, em exerc\u00edcio regular da doc\u00eancia, com v\u00ednculo ativo. Documento expedida pelo Minist\u00e9rio da Educa\u00e7\u00e3o, emitida em formatos f\u00edsico e digital (com QR Code), sendo disponibilizada em ferramenta eletr\u00f4nica.<\/p>\n<p>&nbsp;<\/p>\n<p>50% Diretores, coordenadores pedag\u00f3gicos, supervisores e titulares de cargos do quadro de apoio das escolas das redes estadual e municipais: Conforme a Lei Estadual n\u00ba 15.298\/14, mediante apresenta\u00e7\u00e3o de carteira funcional emitida pela Secretaria da Educa\u00e7\u00e3o de S\u00e3o Paulo ou holerite acompanhado de documento oficial com foto.<\/p>\n<p>&nbsp;<\/p>\n<p>50% Aposentados &#8211; Apresentar documento de identidade oficial com foto e cart\u00e3o de benef\u00edcio do INSS que comprove a condi\u00e7\u00e3o. Conforme Lei Municipal SP n\u00b012.325\/1997.<\/p>\n<p>&nbsp;<\/p>\n<p>50% jovens pertencentes a fam\u00edlias de baixa renda, com idades de 15 a 29 anos<\/p>\n<p>&nbsp;<\/p>\n<p>Conforme a Lei Geral da Meia-Entrada (Decreto n\u00ba 8.537\/15, que regulamenta a Lei 12.933\/13), mediante apresenta\u00e7\u00e3o da Carteira de Identidade Jovem que ser\u00e1 emitida pela Secretaria Nacional de Juventude a partir de 31 de mar\u00e7o de 2016, acompanhada de documento de identidade oficial com foto.<\/p>\n<p>&nbsp;<\/p>\n<p>O benef\u00edcio de meia-entrada \u00e9 assegurado para 40% do total de ingressos dispon\u00edveis para cada evento, conforme o Decreto n\u00ba 8.537\/15.<\/p>\n<p>&nbsp;<\/p>\n<p>Outros Descontos:<\/p>\n<p>60% de desconto para S\u00f3cios Clube Opus, limitado a 02 ingressos por s\u00f3cio, limitado a 200 ingressos por sess\u00e3o. Confira a disponibilidade. V\u00e1lido para compras atrav\u00e9s dos canais de vendas oficial, mediante a informa\u00e7\u00e3o do CPF no ato da compra. Desconto n\u00e3o acumulativo. Ainda n\u00e3o \u00e9 s\u00f3cio? Cadastre-se j\u00e1 atrav\u00e9s do site e garanta seu ingresso com desconto! Maiores informa\u00e7\u00f5es em clubeopus.com. Exeto para os setores Mesa Vip e Bistr\u00f4.<\/p>\n<p>&nbsp;<\/p>\n<p>Aten\u00e7\u00e3o:<\/p>\n<p>\u2022 Os descontos n\u00e3o s\u00e3o cumulativos, devendo o benefici\u00e1rio optar pelo desconto de sua prefer\u00eancia, mediante a apresenta\u00e7\u00e3o de documentos que comprovem o direito.<\/p>\n<p>\u2022 Os documentos para valida\u00e7\u00e3o de descontos dever\u00e3o ser apresentados no ato da compra e no dia da sess\u00e3o adquirida, na portaria do evento. Nas compras feitas atrav\u00e9s da internet, a apresenta\u00e7\u00e3o do(s) documento(s) de comprova\u00e7\u00e3o ser\u00e1 exigida no acesso ao evento.<\/p>\n<p>\u2022 Caso os documentos necess\u00e1rios n\u00e3o sejam apresentados ou n\u00e3o comprovem a condi\u00e7\u00e3o do benefici\u00e1rio no acesso ao evento, ser\u00e1 exigido o pagamento da diferen\u00e7a de valor dos mesmos.<\/p>\n<p>&nbsp;<\/p>\n<p>Objetos Proibidos: cigarro eletr\u00f4nico; c\u00e2meras fotogr\u00e1ficas ou filmadoras profissionais, GoPro (ou similares); animais de estima\u00e7\u00e3o (exceto c\u00e3es-guia identificados), comidas em geral, cartazes de qualquer tipo; bandeiras e faixas com mastro; guarda-chuvas; bebidas alco\u00f3licas; materiais ou objetos que possam causar ferimentos; armas de fogo ou branca de qualquer esp\u00e9cie; fogos de artif\u00edcio; copos de vidro ou qualquer outro tipo de embalagem; papel em rolo, jornais e revistas; capacetes de motos ou similares; correntes, cintur\u00f5es e pingentes; roupas ou acess\u00f3rios com partes pontiagudas que podem machucar; drogas ilegais, subst\u00e2ncias t\u00f3xicas, desodorante, cosm\u00e9tico ou perfume em recipientes com volume superior a 90 ml; materiais destinados \u00e0 fabrica\u00e7\u00e3o de bombas ou que possam causar inc\u00eandios; lasers, walkie-talkie e drones; pistolas de \u00e1gua, panfletos e adesivos; utens\u00edlios de armazenagem; cadeiras ou bancos; bast\u00e3o para tirar foto; buzinas de ar; mochilas ou bolsas maiores do que 20x30cm; outros objetos que possam causar riscos, dano ou importuna\u00e7\u00e3o, sujeitos ao crit\u00e9rio da produ\u00e7\u00e3o, seguran\u00e7a e policiamento no local.<\/p>\n","protected":false},"excerpt":{"rendered":"<p>Forma\u00e7\u00e3o atual do projeto se despede dos palcos, no dia 12 de setembro, na Mercado Livre Arena Pacaembu &nbsp; A nova edi\u00e7\u00e3o do projeto Cabar\u00e9, &hellip; <\/p>\n","protected":false},"author":2,"featured_media":40224,"comment_status":"closed","ping_status":"closed","sticky":false,"template":"","format":"standard","meta":{"footnotes":""},"categories":[2],"tags":[],"class_list":["post-40223","post","type-post","status-publish","format-standard","has-post-thumbnail","hentry","category-noticias","latest_post"],"_links":{"self":[{"href":"https:\/\/gilpimentel.com.br\/site\/wp-json\/wp\/v2\/posts\/40223","targetHints":{"allow":["GET"]}}],"collection":[{"href":"https:\/\/gilpimentel.com.br\/site\/wp-json\/wp\/v2\/posts"}],"about":[{"href":"https:\/\/gilpimentel.com.br\/site\/wp-json\/wp\/v2\/types\/post"}],"author":[{"embeddable":true,"href":"https:\/\/gilpimentel.com.br\/site\/wp-json\/wp\/v2\/users\/2"}],"replies":[{"embeddable":true,"href":"https:\/\/gilpimentel.com.br\/site\/wp-json\/wp\/v2\/comments?post=40223"}],"version-history":[{"count":1,"href":"https:\/\/gilpimentel.com.br\/site\/wp-json\/wp\/v2\/posts\/40223\/revisions"}],"predecessor-version":[{"id":40225,"href":"https:\/\/gilpimentel.com.br\/site\/wp-json\/wp\/v2\/posts\/40223\/revisions\/40225"}],"wp:featuredmedia":[{"embeddable":true,"href":"https:\/\/gilpimentel.com.br\/site\/wp-json\/wp\/v2\/media\/40224"}],"wp:attachment":[{"href":"https:\/\/gilpimentel.com.br\/site\/wp-json\/wp\/v2\/media?parent=40223"}],"wp:term":[{"taxonomy":"category","embeddable":true,"href":"https:\/\/gilpimentel.com.br\/site\/wp-json\/wp\/v2\/categories?post=40223"},{"taxonomy":"post_tag","embeddable":true,"href":"https:\/\/gilpimentel.com.br\/site\/wp-json\/wp\/v2\/tags?post=40223"}],"curies":[{"name":"wp","href":"https:\/\/api.w.org\/{rel}","templated":true}]}}