{"id":40217,"date":"2026-03-11T10:28:10","date_gmt":"2026-03-11T13:28:10","guid":{"rendered":"https:\/\/gilpimentel.com.br\/site\/?p=40217"},"modified":"2026-03-11T16:16:42","modified_gmt":"2026-03-11T19:16:42","slug":"vozes-do-advocacy-e-icdrs-promovem-forum-com-foco-em-prevencao-abordando-como-a-diabetes-tipos-1-e-2-aumentam-riscos-cardiovasculares-e-renais","status":"publish","type":"post","link":"https:\/\/gilpimentel.com.br\/site\/vozes-do-advocacy-e-icdrs-promovem-forum-com-foco-em-prevencao-abordando-como-a-diabetes-tipos-1-e-2-aumentam-riscos-cardiovasculares-e-renais\/","title":{"rendered":"VOZES DO ADVOCACY E ICDRS PROMOVEM F\u00d3RUM COM FOCO EM PREVEN\u00c7\u00c3O ABORDANDO COMO A DIABETES TIPOS 1 E 2 AUMENTAM RISCOS CARDIOVASCULARES E RENAIS"},"content":{"rendered":"<p>Evento no Hotel Hilton Porto Alegre re\u00fane associa\u00e7\u00f5es de diabetes, especialistas e gestores para discutir diagn\u00f3stico precoce, cuidado integrado e acesso ao tratamento<\/p>\n<p>&nbsp;<\/p>\n<p>O avan\u00e7o do diabetes tipos 1 e 2, associado ao aumento das complica\u00e7\u00f5es cardiovasculares e renais, tem intensificado a press\u00e3o sobre o sistema de sa\u00fade, exigindo respostas e atua\u00e7\u00e3o articulada entre preven\u00e7\u00e3o, assist\u00eancia e desenvolvimento de pol\u00edticas p\u00fablicas. E \u00e9 dentro desse contexto que o Instituto da Crian\u00e7a com Diabetes do Rio Grande do Sul (ICDRS) participa, nos dias 17 e 18 de mar\u00e7o, na capital ga\u00facha, do I F\u00f3rum de Diabetes, Doen\u00e7as Cardiovasculares e Renais \u2014 encontro promovido pelo Vozes do Advocacy, com patroc\u00ednio da Boehringer.<\/p>\n<p>&nbsp;<\/p>\n<p>Reunindo associa\u00e7\u00f5es de diabetes de todo o Pa\u00eds, especialistas e representantes do poder p\u00fablico, o encontro prop\u00f5e um debate t\u00e9cnico e institucional, conectando evid\u00eancias cl\u00ednicas, experi\u00eancias de cuidado e caminhos para qualificar as linhas de aten\u00e7\u00e3o no SUS (Sistema \u00danico de Sa\u00fade) e na sa\u00fade suplementar. A ideia \u00e9 conectar os desafios do diabetes tipos 1 e 2 ao aumento do risco cardiovascular e renal, com foco em preven\u00e7\u00e3o, diagn\u00f3stico precoce e qualifica\u00e7\u00e3o das linhas de cuidado.<\/p>\n<p>&nbsp;<\/p>\n<p>Refer\u00eancia no Brasil e na Am\u00e9rica Latina no cuidado de crian\u00e7as e adolescentes com diabetes tipo 1, com reconhecimento da International Diabetes Federation (IDF), o ICDRS integra o evento por fazer parte do Vozes do Advocacy, bem como por sua contribui\u00e7\u00e3o t\u00e9cnica, acumulada ao longo de quase 30 anos de assist\u00eancia a mais de 5 mil crian\u00e7as e jovens com diabetes tipo 1. No F\u00f3rum, o Instituto soma sua experi\u00eancia a uma discuss\u00e3o mais ampla sobre diabetes, considerando tamb\u00e9m os impactos do tipo 2 na carga de doen\u00e7as cardiovasculares e renais no Pa\u00eds. \u201cQueremos fortalecer a educa\u00e7\u00e3o em diabetes e ampliar a discuss\u00e3o sobre preven\u00e7\u00e3o de complica\u00e7\u00f5es cardiovasculares e renais, com diagn\u00f3stico precoce e acompanhamento adequado em todos os n\u00edveis de aten\u00e7\u00e3o\u201d, afirma o diretor-presidente do Instituto da Crian\u00e7a com Diabetes do RS, m\u00e9dico endocrinologista Balduino Tschiedel.<\/p>\n<p>&nbsp;<\/p>\n<p>No primeiro dia de evento (17), a programa\u00e7\u00e3o ser\u00e1 dedicada \u00e0 capacita\u00e7\u00e3o, com pain\u00e9is sobre diagn\u00f3stico, tratamento, custos das complica\u00e7\u00f5es e jornada do paciente nos sistemas p\u00fablico e privado. J\u00e1 no segundo (18), o foco ser\u00e1 o debate com gestores e lideran\u00e7as sobre o cen\u00e1rio nacional, barreiras de acesso a exames e terapias, al\u00e9m de estrat\u00e9gias para conter o avan\u00e7o dessas condi\u00e7\u00f5es no Brasil, no Rio Grande do Sul e em Porto Alegre.<\/p>\n<p>&nbsp;<\/p>\n<p>Para Vanessa Pirolo, presidente do Vozes do Advocacy, enfrentar as complica\u00e7\u00f5es do diabetes exige prioridade na preven\u00e7\u00e3o e coordena\u00e7\u00e3o de cuidado. \u201cQuando o sistema investe em diagn\u00f3stico e manejo precoce, reduz desfechos graves, como interna\u00e7\u00f5es que podem ser evitadas, assim como custos assistenciais de alta complexidade\u201d, observa.<\/p>\n<p>&nbsp;<\/p>\n<p>SERVI\u00c7O:<\/p>\n<p>&nbsp;<\/p>\n<p>I F\u00f3rum de Diabetes, Doen\u00e7as Cardiovasculares e Renais<\/p>\n<p>&nbsp;<\/p>\n<p>Data: 17 e 18 de mar\u00e7o de 2026.<\/p>\n<p>&nbsp;<\/p>\n<p>Hor\u00e1rio: das 9h \u00e0s 18h.<\/p>\n<p>&nbsp;<\/p>\n<p>Local: Hotel Hilton Porto Alegre (Rua Olavo Barreto Viana, n\u00ba 18 \u2013 Bairro Moinhos de Vento).<\/p>\n","protected":false},"excerpt":{"rendered":"<p>Evento no Hotel Hilton Porto Alegre re\u00fane associa\u00e7\u00f5es de diabetes, especialistas e gestores para discutir diagn\u00f3stico precoce, cuidado integrado e acesso ao tratamento &nbsp; O &hellip; <\/p>\n","protected":false},"author":2,"featured_media":40218,"comment_status":"closed","ping_status":"closed","sticky":false,"template":"","format":"standard","meta":{"footnotes":""},"categories":[2],"tags":[],"class_list":["post-40217","post","type-post","status-publish","format-standard","has-post-thumbnail","hentry","category-noticias","latest_post"],"_links":{"self":[{"href":"https:\/\/gilpimentel.com.br\/site\/wp-json\/wp\/v2\/posts\/40217","targetHints":{"allow":["GET"]}}],"collection":[{"href":"https:\/\/gilpimentel.com.br\/site\/wp-json\/wp\/v2\/posts"}],"about":[{"href":"https:\/\/gilpimentel.com.br\/site\/wp-json\/wp\/v2\/types\/post"}],"author":[{"embeddable":true,"href":"https:\/\/gilpimentel.com.br\/site\/wp-json\/wp\/v2\/users\/2"}],"replies":[{"embeddable":true,"href":"https:\/\/gilpimentel.com.br\/site\/wp-json\/wp\/v2\/comments?post=40217"}],"version-history":[{"count":1,"href":"https:\/\/gilpimentel.com.br\/site\/wp-json\/wp\/v2\/posts\/40217\/revisions"}],"predecessor-version":[{"id":40219,"href":"https:\/\/gilpimentel.com.br\/site\/wp-json\/wp\/v2\/posts\/40217\/revisions\/40219"}],"wp:featuredmedia":[{"embeddable":true,"href":"https:\/\/gilpimentel.com.br\/site\/wp-json\/wp\/v2\/media\/40218"}],"wp:attachment":[{"href":"https:\/\/gilpimentel.com.br\/site\/wp-json\/wp\/v2\/media?parent=40217"}],"wp:term":[{"taxonomy":"category","embeddable":true,"href":"https:\/\/gilpimentel.com.br\/site\/wp-json\/wp\/v2\/categories?post=40217"},{"taxonomy":"post_tag","embeddable":true,"href":"https:\/\/gilpimentel.com.br\/site\/wp-json\/wp\/v2\/tags?post=40217"}],"curies":[{"name":"wp","href":"https:\/\/api.w.org\/{rel}","templated":true}]}}