{"id":40214,"date":"2026-03-10T02:26:43","date_gmt":"2026-03-10T05:26:43","guid":{"rendered":"https:\/\/gilpimentel.com.br\/site\/?p=40214"},"modified":"2026-03-10T21:53:17","modified_gmt":"2026-03-11T00:53:17","slug":"mostra-noivas-e-o-sim-como-manifesto-de-estilo-em-quatro-dias-na-capital-gaucha","status":"publish","type":"post","link":"https:\/\/gilpimentel.com.br\/site\/mostra-noivas-e-o-sim-como-manifesto-de-estilo-em-quatro-dias-na-capital-gaucha\/","title":{"rendered":"&#8220;MOSTRA NOIVAS\u201d \u00c9 O SIM COMO MANIFESTO DE ESTILO EM QUATRO DIAS NA CAPITAL GA\u00daCHA"},"content":{"rendered":"<p>Com um mercado que gera cifras bilion\u00e1rias no Brasil, o universo dos casamentos estima para este ano a concretiza\u00e7\u00e3o de 1,3 milh\u00e3o de uni\u00f5es, devendo movimentar cerca de R$ 37 bilh\u00f5es, conforme informa\u00e7\u00e3o divulgada pela Abrafesta (Associa\u00e7\u00e3o Brasileira de Eventos). Em 2025, o montante, de acordo com a entidade, chegou a R$ 32 bilh\u00f5es<\/p>\n<p>&nbsp;<\/p>\n<p>\u00c9 nesse cen\u00e1rio aquecido, onde hoje os casais buscam por celebra\u00e7\u00f5es que sejam experi\u00eancias personalizadas, com forte identidade est\u00e9tica e narrativas pr\u00f3prias que o j\u00e1 consolidado evento \u201cMostra Noivas\u201d chega \u00e0 sua 13\u00aa edi\u00e7\u00e3o na capital ga\u00facha, tendo \u00e0 frente a idealizadora Caren Moraes. Desta vez, trazendo, al\u00e9m da feira, o in\u00e9dito \u201cWedding Class Summit\u201d, que promete se firmar como um dos maiores congressos de casamentos j\u00e1 realizados.<\/p>\n<p>&nbsp;<\/p>\n<p>Ser\u00e3o quatro dias de encontro, de 16 a 19 de abril de 2026, entre feira e congresso, ambos no Centro de Eventos do Barra Shopping Sul, em Porto Alegre\/RS, com programa\u00e7\u00f5es diversas e novidades. Entre elas, as presen\u00e7as, pela primeira vez em solo porto-alegrense, do blog de inspira\u00e7\u00f5es e portal completo de casamentos L\u00e1pis de Noiva \u2013 reconhecido como um dos maiores e mais acessados sites do segmento no Pa\u00eds, com mais de uma d\u00e9cada de exist\u00eancia \u2013 e a plataforma iCasei \u2013 l\u00edder e pioneira em sites e listas de casamento na Am\u00e9rica Latina, atuando desde 2007.<\/p>\n<p>&nbsp;<\/p>\n<p>Mostra Noivas \u2013 A feira &#8211; https:\/\/www.mostranoivas.com.br\/ -, com mais de 100 expositores de diferentes segmentos, degusta\u00e7\u00f5es gastron\u00f4micas e experi\u00eancias, abre para convidados, na quinta-feira, 16\/04, a partir das 19h at\u00e9 22h. A noite contar\u00e1 com mesa gourmet, assinada pela Darqu\u00eaz Eventos, tr\u00eas desfiles de modas, com vestidos para noivas e looks para festas (Olha Ela, Daniela Setogutti e Vestido Ideal), al\u00e9m de tr\u00eas coreografias de dan\u00e7as para noivos, apresentadas por escolas de dan\u00e7a para os casais. Ap\u00f3s, os presentes poder\u00e3o visitar os estandes, que apresentar\u00e3o tend\u00eancias e o que h\u00e1 de mais atual para todo tipo de festa de casamento.<\/p>\n<p>&nbsp;<\/p>\n<p>J\u00e1 de sexta-feira, 17\/04, a domingo, 19\/04, sempre das 14h \u00e0s 21h, a exposi\u00e7\u00e3o Mostra Noivas \u00e9 aberta ao p\u00fablico, mediante ingresso, que j\u00e1 est\u00e1 dispon\u00edvel e pode ser adquirido no site do evento, no link https:\/\/doity.com.br\/mostra-noivas. Durante os tr\u00eas dias, al\u00e9m dos estandes de expositores, o evento traz aos visitantes desfiles de modas noiva e festas, bem como de embelezamento &#8211; maquiagem e beleza &#8211; e bate-papos, passando por temas jur\u00eddicos\/matrimoniais a flores e decora\u00e7\u00f5es.<\/p>\n<p>&nbsp;<\/p>\n<p>Entre as inova\u00e7\u00f5es da feira nesta edi\u00e7\u00e3o, no primeiro dia (17\/04), somente das 14h \u00e0s 18h, ser\u00e1 realizado um bazar exclusivo, o \u201cFlash Bridal Day\u201d, com vendas de vestidos de marcas luxuosas selecionados pela curadoria premium da especialista Deise Mantovani. A ideia \u00e9 que a compra seja imediata, com valor reduzido, possibilitando \u00e0 pessoa levar o vestido para casa naquele instante.<\/p>\n<p>&nbsp;<\/p>\n<p>Wedding Class Summit \u2013 O congresso, in\u00e9dito nesta 13\u00aa edi\u00e7\u00e3o do evento Mostra Noivas, ocorrer\u00e1 em 16 e 17\/04, sempre a partir das 13h \u00e0s 18h30, com credenciamento no primeiro dia, \u00e0s 11h30, seguido de um brunch, das 12h \u00e0s 12h50, com saborosas e arom\u00e1ticas iguarias tamb\u00e9m elaboradas pela Darqu\u00eaz Eventos.<\/p>\n<p>&nbsp;<\/p>\n<p>O passaporte para o WCS j\u00e1 est\u00e1 \u00e0 disposi\u00e7\u00e3o no site da atra\u00e7\u00e3o &#8211; https:\/\/www.weddingclasssummit.com.br\/ &#8211; no link https:\/\/doity.com.br\/congresso-wedding-class-summit.<\/p>\n<p>&nbsp;<\/p>\n<p>Os dois dias de Wedding Class Summit ser\u00e3o de intenso networking e aprendizado com grandes nomes nacionais do mercado de eventos. O congresso receber\u00e1 13 palestrantes ao longo de sua programa\u00e7\u00e3o. Entre eles, Ta\u00eds Puntel, arquiteta, paisagista de forma\u00e7\u00e3o, decoradora e florista, conhecida nacional e internacionalmente como \u201cfada das flores\u201d. A especialista abordar\u00e1 sobre \u201cposicionamento de marca e vendas: como ser objeto de desejo para seu cliente\u201d.<\/p>\n<p>&nbsp;<\/p>\n<p>Tamb\u00e9m vai expor a sua expertise o premiado fot\u00f3grafo Robison Kunz, refer\u00eancia em fotografia de pessoas. Com mais de 300 pr\u00eamios de Associa\u00e7\u00f5es Nacionais e Internacionais de casamento, trar\u00e1 para o debate \u201cos quatro pilares de um neg\u00f3cio que te faz crescer de forma exponencial\u201d. O profissional clica casamentos e ensaios com uma linguagem simples, por\u00e9m, ousada.<\/p>\n<p>&nbsp;<\/p>\n<p>Outro nome que o p\u00fablico poder\u00e1 apreciar \u00e9 o do ga\u00facho Gilmar J\u00fanior, que abordar\u00e1 o tema \u201cmuito al\u00e9m do buqu\u00ea: o mercado de casamentos como palco de experi\u00eancias e posicionamento\u201d. Apaixonado por transformar vis\u00f5es em experi\u00eancias inesquec\u00edveis, \u00e9 especialista em cerimonial e projetos de ambienta\u00e7\u00e3o. E ainda, entre tantos profissionais e assuntos, Lorena Rodrigues, empres\u00e1ria, advogada, e \u00e0 frente do renomado portal L\u00e1pis de Noiva, abordar\u00e1 \u201ccomo ter uma presen\u00e7a digital de sucesso no mercado de casamento\u201d.<\/p>\n<p>&nbsp;<\/p>\n<p>Servi\u00e7o:<\/p>\n<p>&nbsp;<\/p>\n<p>Evento Mostra Noivas<\/p>\n<p>&nbsp;<\/p>\n<p>Feira: 17 a 19 de abril de 2026, das 14h \u00e1s 21h.<\/p>\n<p>&nbsp;<\/p>\n<p>Onde: Centro de Evento Barra Shopping Sul.<\/p>\n<p>&nbsp;<\/p>\n<p>Endere\u00e7o: Avenida Di\u00e1rio de Not\u00edcias, n\u00ba 300, Bairro Cristal \u2013 Porto Alegre\/RS<\/p>\n<p>&nbsp;<\/p>\n<p>Site: https:\/\/www.mostranoivas.com.br\/<\/p>\n<p>&nbsp;<\/p>\n<p>Ingresso: https:\/\/doity.com.br\/mostra-noivas<\/p>\n<p>&nbsp;<\/p>\n<p>Wedding Class Summit (Congresso): 16 e 17 de abril de 2026, das 13h \u00e0s 18h30. Brunch (16\/04), das 12h \u00e0s 12h50.<\/p>\n<p>&nbsp;<\/p>\n<p>Onde: Centro de Evento Barra Shopping Sul.<\/p>\n<p>&nbsp;<\/p>\n<p>Endere\u00e7o: Avenida Di\u00e1rio de Not\u00edcias, n\u00ba 300, Bairro Cristal \u2013 Porto Alegre\/RS<\/p>\n<p>&nbsp;<\/p>\n<p>Site: https:\/\/www.weddingclasssummit.com.br\/<\/p>\n<p>&nbsp;<\/p>\n<p>Passaporte: https:\/\/doity.com.br\/congresso-wedding-class-summit<\/p>\n","protected":false},"excerpt":{"rendered":"<p>Com um mercado que gera cifras bilion\u00e1rias no Brasil, o universo dos casamentos estima para este ano a concretiza\u00e7\u00e3o de 1,3 milh\u00e3o de uni\u00f5es, devendo &hellip; <\/p>\n","protected":false},"author":2,"featured_media":40215,"comment_status":"closed","ping_status":"closed","sticky":false,"template":"","format":"standard","meta":{"footnotes":""},"categories":[2],"tags":[],"class_list":["post-40214","post","type-post","status-publish","format-standard","has-post-thumbnail","hentry","category-noticias","latest_post"],"_links":{"self":[{"href":"https:\/\/gilpimentel.com.br\/site\/wp-json\/wp\/v2\/posts\/40214","targetHints":{"allow":["GET"]}}],"collection":[{"href":"https:\/\/gilpimentel.com.br\/site\/wp-json\/wp\/v2\/posts"}],"about":[{"href":"https:\/\/gilpimentel.com.br\/site\/wp-json\/wp\/v2\/types\/post"}],"author":[{"embeddable":true,"href":"https:\/\/gilpimentel.com.br\/site\/wp-json\/wp\/v2\/users\/2"}],"replies":[{"embeddable":true,"href":"https:\/\/gilpimentel.com.br\/site\/wp-json\/wp\/v2\/comments?post=40214"}],"version-history":[{"count":1,"href":"https:\/\/gilpimentel.com.br\/site\/wp-json\/wp\/v2\/posts\/40214\/revisions"}],"predecessor-version":[{"id":40216,"href":"https:\/\/gilpimentel.com.br\/site\/wp-json\/wp\/v2\/posts\/40214\/revisions\/40216"}],"wp:featuredmedia":[{"embeddable":true,"href":"https:\/\/gilpimentel.com.br\/site\/wp-json\/wp\/v2\/media\/40215"}],"wp:attachment":[{"href":"https:\/\/gilpimentel.com.br\/site\/wp-json\/wp\/v2\/media?parent=40214"}],"wp:term":[{"taxonomy":"category","embeddable":true,"href":"https:\/\/gilpimentel.com.br\/site\/wp-json\/wp\/v2\/categories?post=40214"},{"taxonomy":"post_tag","embeddable":true,"href":"https:\/\/gilpimentel.com.br\/site\/wp-json\/wp\/v2\/tags?post=40214"}],"curies":[{"name":"wp","href":"https:\/\/api.w.org\/{rel}","templated":true}]}}