{"id":40140,"date":"2026-03-11T08:27:47","date_gmt":"2026-03-11T11:27:47","guid":{"rendered":"https:\/\/gilpimentel.com.br\/site\/?p=40140"},"modified":"2026-03-11T16:09:30","modified_gmt":"2026-03-11T19:09:30","slug":"projeto-transito-na-escola-caminhos-para-aprender-de-um-grupo-de-artistas-de-santa-catarina-esta-circulando-pelo-rs-em-marco","status":"publish","type":"post","link":"https:\/\/gilpimentel.com.br\/site\/projeto-transito-na-escola-caminhos-para-aprender-de-um-grupo-de-artistas-de-santa-catarina-esta-circulando-pelo-rs-em-marco\/","title":{"rendered":"PROJETO\u00a0TR\u00c2NSITO NA ESCOLA, CAMINHOS PARA APRENDER,\u00a0DE UM GRUPO DE ARTISTAS DE SANTA CATARINA, EST\u00c1 CIRCULANDO PELO RS EM MAR\u00c7O \u00a0"},"content":{"rendered":"<div id=\"m#msg-f:1859292920190288888-content\" class=\"mail-message-content collapsible zoom-normal mail-show-images msg419268165773745684\">\n<div class=\"clear\">\n<div dir=\"ltr\">\n<div>Mais<i> de 500 escolas j\u00e1 foram contempladas com as apresenta\u00e7\u00f5es, que tratam de um tema t\u00e3o importante na atualidade: a educa\u00e7\u00e3o no tr\u00e2nsito<\/i><\/div>\n<div><\/div>\n<div>Campo Bom, Novo Hamburgo e S\u00e3o Leopoldo, no Rio Grande do Sul, ser\u00e3o as cidades contempladas com as apresenta\u00e7\u00f5es de\u00a0<i>Tr\u00e2nsito na Escola, Caminhos Para Aprender<\/i>. A Essa\u00e9 Cia, uma das principais companhias de teatro de Santa Catarina, est\u00e1 circulando desde 2025 com esse projeto, que apresenta espet\u00e1culos art\u00edsticos teatrais com cunho de educa\u00e7\u00e3o de tr\u00e2nsito. Porto Alegre e Canoas, no RS, e Joinville, em Santa Catarina, j\u00e1 foram contempladas com a vinda da companhia em 2025. A conta\u00e7\u00e3o de hist\u00f3rias &#8220;Caminhos para aprender&#8221;, que estar\u00e1 por aqui em mar\u00e7o, \u00e9 direcionada para a educa\u00e7\u00e3o infantil.<\/div>\n<div><\/div>\n<div>Al\u00e9m das apresenta\u00e7\u00f5es nessas cidades est\u00e3o sendo realizadas doze oficinas, seis delas de forma\u00e7\u00e3o de contadores de hist\u00f3rias e outras seis de inicia\u00e7\u00e3o ao teatro de bonecos. O p\u00fablico alvo s\u00e3o crian\u00e7as a partir de quatro anos de idade at\u00e9 jovens de 15 anos.\u00a0<i>Tr\u00e2nsito na Escola, Caminhos Para Aprender\u00a0<\/i>\u00e9 realizado desde 2017 na regi\u00e3o de Joinville-SC. De l\u00e1 pra c\u00e1 mais de 500 escolas assistiram ao projeto, que circula pela primeira vez ao Rio Grande do Sul, gra\u00e7as ao patroc\u00ednio do Grupo Edenred, atrav\u00e9s de Lei Federal de Cultura (Rouanet).<\/div>\n<div><\/div>\n<div>A conta\u00e7\u00e3o de hist\u00f3rias \u201cCaminhos para aprender\u201d fala de tr\u00eas amigos, Vanessa, Paulo e Carlos, que moram em casas diferentes e est\u00e3o ansiosos para o primeiro dia de aula. A ida at\u00e9 a escola pode ser uma grande viagem, e cada um ir\u00e1 de sua forma: e carro, bicicleta ou mesmo a p\u00e9. Essa conta\u00e7\u00e3o de hist\u00f3rias, voltada para crian\u00e7as entre 4 e 6 anos, apresenta de forma l\u00fadica o tema da educa\u00e7\u00e3o no tr\u00e2nsito, se utilizando de can\u00e7\u00f5es e bonecos.<\/div>\n<div><\/div>\n<div>A Essa\u00e9 Cia. surgiu em Joinville em 2010, com o objetivo de abordar diversas linguagens c\u00eanicas. Em seu formato atual, al\u00e9m de cursos e oficinas ministrados por seus integrantes, a Cia conta com tr\u00eas n\u00facleos de pesquisa art\u00edstica: formas animadas, conta\u00e7\u00e3o de hist\u00f3rias e atua\u00e7\u00e3o\/ clown. Dentre as principais participa\u00e7\u00f5es em eventos destaca-se o Projeto EnCena Catarina, do SESC-SC, com a circula\u00e7\u00e3o por cidades catarinenses. Tamb\u00e9m teve importantes participa\u00e7\u00f5es no projeto REDE SESC de Teatros\/SC, Mostra SP Teatro de Bonecos, Circuito SESI-PR de Artes C\u00eanicas, SESC Encena\/PR, 12\u00ba Festival de Teatro a Amaz\u00f4nia, em Manaus\/AM, entre outros. Recebeu premia\u00e7\u00f5es com o espet\u00e1culo \u201cFadas\u201d, no XXVII Festivale, e com a pe\u00e7a \u201cA \u00daltima Aventura de Gilgamesh\u201d, melhor espet\u00e1culo infantile no FETEVI \u2013 Festival Nacional de Teatro de Vi\u00e7osa-MG.<\/div>\n<div><\/div>\n<div><b>Ficha t\u00e9cnica &#8211; Caminhos para Aprender<\/b><\/div>\n<div>Dire\u00e7\u00e3o: Silvestre Ferreira \/Dionisos Teatro<\/div>\n<div>T\u00e9cnica: Conta\u00e7\u00e3o de Hist\u00f3rias<\/div>\n<div>Elenco: Cassio Correia<\/div>\n<div>Dramaturgia: Silvestre Ferreira e Cassio Correia<\/div>\n<div>Trilha sonora: Andrea Malena<\/div>\n<div>Cenografia e Bonecos: Orion Atelier de Artes<\/div>\n<div>Produ\u00e7\u00e3o: Essa\u00e9 Cia<\/div>\n<div>Agradecimentos:\u00a0 Dionisos Teatro e Orion Atelier de Artes<\/div>\n<div><\/div>\n<div><b>TR\u00c2NSITO NA ESCOLA, CAMINHOS PARA APRENDER<\/b><\/div>\n<div>Dia 13 de mar\u00e7o, das 8h \u00e0s 12h<\/div>\n<div>Oficina de conta\u00e7\u00e3o de hist\u00f3rias &#8211; aberta ao p\u00fablico no Museu do Trem, em S\u00e3o Leopoldo<\/div>\n<div><a href=\"https:\/\/www.google.com\/maps\/search\/Rua+Lindolfo+Collor,+40?entry=gmail&amp;source=g\">Rua Lindolfo Collor, 40<\/a>. Centro. S\u00e3o Leopoldo<\/div>\n<div><\/div>\n<div><b>Mais informa\u00e7\u00f5es:<\/b><\/div>\n<div><u><a id=\"m_419268165773745684OWAea024cb2-8d5a-97b5-3d4e-5fd3ea57c9b1\" href=\"http:\/\/www.essae.com.br\/\" target=\"_blank\" rel=\"noopener noreferrer\" data-saferedirecturl=\"https:\/\/www.google.com\/url?q=http:\/\/www.essae.com.br&amp;source=gmail&amp;ust=1773257823321000&amp;usg=AOvVaw0EujpzL_f6iQU4WMG6KIW6\">www.essae.com.br<\/a><\/u><\/div>\n<div><u><a id=\"m_419268165773745684OWAc3b7bb8c-81cc-d641-1c63-20e57ff2d569\" href=\"https:\/\/www.instagram.com\/essaecia\/\" target=\"_blank\" rel=\"noopener noreferrer\" data-saferedirecturl=\"https:\/\/www.google.com\/url?q=https:\/\/www.instagram.com\/essaecia\/&amp;source=gmail&amp;ust=1773257823321000&amp;usg=AOvVaw1Z5IRNU_28dGP6V3tWU2yZ\">https:\/\/www.instagram.com\/<wbr \/>essaecia\/<\/a><\/u><\/div>\n<div><\/div>\n<div><i>Este projeto tem<\/i><b><i>\u00a0<\/i><\/b><i>patroc\u00ednio do Grupo Edenred, atrav\u00e9s de Lei Federal de Cultura (Rouanet)<\/i><\/div>\n<div><\/div>\n<div><\/div>\n<\/div>\n<\/div>\n<\/div>\n","protected":false},"excerpt":{"rendered":"<p>Mais de 500 escolas j\u00e1 foram contempladas com as apresenta\u00e7\u00f5es, que tratam de um tema t\u00e3o importante na atualidade: a educa\u00e7\u00e3o no tr\u00e2nsito Campo Bom, &hellip; <\/p>\n","protected":false},"author":2,"featured_media":40141,"comment_status":"closed","ping_status":"closed","sticky":false,"template":"","format":"standard","meta":{"footnotes":""},"categories":[2],"tags":[],"class_list":["post-40140","post","type-post","status-publish","format-standard","has-post-thumbnail","hentry","category-noticias","latest_post"],"_links":{"self":[{"href":"https:\/\/gilpimentel.com.br\/site\/wp-json\/wp\/v2\/posts\/40140","targetHints":{"allow":["GET"]}}],"collection":[{"href":"https:\/\/gilpimentel.com.br\/site\/wp-json\/wp\/v2\/posts"}],"about":[{"href":"https:\/\/gilpimentel.com.br\/site\/wp-json\/wp\/v2\/types\/post"}],"author":[{"embeddable":true,"href":"https:\/\/gilpimentel.com.br\/site\/wp-json\/wp\/v2\/users\/2"}],"replies":[{"embeddable":true,"href":"https:\/\/gilpimentel.com.br\/site\/wp-json\/wp\/v2\/comments?post=40140"}],"version-history":[{"count":1,"href":"https:\/\/gilpimentel.com.br\/site\/wp-json\/wp\/v2\/posts\/40140\/revisions"}],"predecessor-version":[{"id":40142,"href":"https:\/\/gilpimentel.com.br\/site\/wp-json\/wp\/v2\/posts\/40140\/revisions\/40142"}],"wp:featuredmedia":[{"embeddable":true,"href":"https:\/\/gilpimentel.com.br\/site\/wp-json\/wp\/v2\/media\/40141"}],"wp:attachment":[{"href":"https:\/\/gilpimentel.com.br\/site\/wp-json\/wp\/v2\/media?parent=40140"}],"wp:term":[{"taxonomy":"category","embeddable":true,"href":"https:\/\/gilpimentel.com.br\/site\/wp-json\/wp\/v2\/categories?post=40140"},{"taxonomy":"post_tag","embeddable":true,"href":"https:\/\/gilpimentel.com.br\/site\/wp-json\/wp\/v2\/tags?post=40140"}],"curies":[{"name":"wp","href":"https:\/\/api.w.org\/{rel}","templated":true}]}}