{"id":40131,"date":"2026-03-10T00:55:04","date_gmt":"2026-03-10T03:55:04","guid":{"rendered":"https:\/\/gilpimentel.com.br\/site\/?p=40131"},"modified":"2026-03-10T21:50:59","modified_gmt":"2026-03-11T00:50:59","slug":"ninho-ao-molho-de-carne-seca-com-vinho-para-comemorar-o-aniversario-de-recife-e-olinda","status":"publish","type":"post","link":"https:\/\/gilpimentel.com.br\/site\/ninho-ao-molho-de-carne-seca-com-vinho-para-comemorar-o-aniversario-de-recife-e-olinda\/","title":{"rendered":"NINHO AO MOLHO DE CARNE SECA COM VINHO PARA COMEMORAR O ANIVERS\u00c1RIO DE RECIFE E OLINDA"},"content":{"rendered":"<p>Vitarella, que tamb\u00e9m celebra anivers\u00e1rio em mar\u00e7o, sugere prato com ingredientes t\u00edpicos da regi\u00e3o das cidades-irm\u00e3s<\/p>\n<p>Recife e Olinda, cidades-irm\u00e3s de Pernambuco, celebram juntas seus anivers\u00e1rios em 12 de mar\u00e7o. A data ganha ainda mais significado porque Vitarella, marca nascida em Pernambuco, tamb\u00e9m celebra sua trajet\u00f3ria junto \u00e0s cidades, refor\u00e7ando o v\u00ednculo de identidade e sabor com a regi\u00e3o.<\/p>\n<p>Por isso a marca sugere um prato especial: Ninho ao Molho de Carne Seca com Vinho. Uma receita que une tradi\u00e7\u00e3o nordestina e sofistica\u00e7\u00e3o.<\/p>\n<p>A carne seca \u00e9 dessalgada, cozida e refogada com temperos, enquanto o molho branco ganha cremosidade com vinho. Os ninhos de massa Vitarella s\u00e3o recheados com a carne, cobertos pelo molho e gratinados com parmes\u00e3o, resultando em um prato dourado e cheio de sabor pernambucano.<\/p>\n<p>Confira o passo a passo!<\/p>\n<p>Ninho ao Molho de Carne Seca com Vinho<\/p>\n<p>Ingredientes:<\/p>\n<p>1 embalagem de Ninho Vitarella<\/p>\n<p>4 colheres (sopa) de Margarina<\/p>\n<p>2 dentes de alho, picados<\/p>\n<p>2 colheres (sopa) de farinha de trigo<\/p>\n<p>1\/2 x\u00edcara (ch\u00e1) de vinho branco<\/p>\n<p>1\/2 kg de carne seca<\/p>\n<p>queijo parmes\u00e3o ralado \u00e0 gosto<\/p>\n<p>1 cebola, picada<\/p>\n<p>6 tomates sem pele e sem sementes, picados<\/p>\n<p>1 litro de leite<\/p>\n<p>sal, pimenta dedo de mo\u00e7a, pimenta-do-reino, noz moscada e salsinha picada \u00e0 gosto<\/p>\n<p>Modo de preparo:<\/p>\n<p>-Comece colocando \u00bd kg de carne seca de molho por uma noite para tirar o sal. Troque a \u00e1gua de vez em quando.<\/p>\n<p>-Cozinhe em panela de press\u00e3o com \u00e1gua suficiente para cobri-la, por 1 hora. Retire a carne da panela e desfie.<\/p>\n<p>-Numa panela m\u00e9dia, aque\u00e7a 2 colheres (sopa) de manteiga ou margarina, refogue a cebola e os dentes de alho. Junte a carne seca desfiada e deixe refogar.<\/p>\n<p>-Acrescente 6 tomates, 1 x\u00edcara (ch\u00e1) de \u00e1gua, abaixe o fogo e deixe cozinhar por cerca de 10 minutos. Acerte o sal, tempere com a pimenta dedo de mo\u00e7a, a salsinha, mexa delicadamente e reserve.<\/p>\n<p>&#8211; Prepare o molho ao vinho. Numa panela m\u00e9dia, aque\u00e7a 2 colheres (sopa) de manteiga ou margarina e doure a farinha de trigo. Junte 1 litro de leite aos poucos, mexendo sempre para n\u00e3o empelotar. Acrescente o vinho branco, acerte o sal, tempere com a pimenta-do-reino e a noz moscada, retire do fogo e reserve.<\/p>\n<p>-Numa panela grande ferva 5 litros de \u00e1gua com sal e cozinhe a massa. Para isso, coloque os ninhos, mexendo delicadamente para mant\u00ea-los inteiros. Deixe cozinhar a metade do tempo indicado na embalagem. Escorra a massa e acomode os ninhos num refrat\u00e1rio grande, espalhe por cima o molho ao vinho e com a ajuda de uma colher recheie com o refogado de carne seca.<\/p>\n<p>-Polvilhe queijo parmes\u00e3o, cubra com papel-alum\u00ednio e leve ao forno m\u00e9dio (180\u00baC) por 10 minutos. Retire o papel-alum\u00ednio, retorne ao forno para gratinar e sirva a seguir.<\/p>\n<p>Rendimento: 6 por\u00e7\u00f5es<\/p>\n<p>&nbsp;<\/p>\n<p>&nbsp;<\/p>\n<p>&nbsp;<\/p>\n<p>&nbsp;<\/p>\n<p>&nbsp;<\/p>\n<p>&nbsp;<\/p>\n","protected":false},"excerpt":{"rendered":"<p>Vitarella, que tamb\u00e9m celebra anivers\u00e1rio em mar\u00e7o, sugere prato com ingredientes t\u00edpicos da regi\u00e3o das cidades-irm\u00e3s Recife e Olinda, cidades-irm\u00e3s de Pernambuco, celebram juntas seus &hellip; <\/p>\n","protected":false},"author":2,"featured_media":40132,"comment_status":"closed","ping_status":"closed","sticky":false,"template":"","format":"standard","meta":{"footnotes":""},"categories":[2],"tags":[],"class_list":["post-40131","post","type-post","status-publish","format-standard","has-post-thumbnail","hentry","category-noticias","latest_post"],"_links":{"self":[{"href":"https:\/\/gilpimentel.com.br\/site\/wp-json\/wp\/v2\/posts\/40131","targetHints":{"allow":["GET"]}}],"collection":[{"href":"https:\/\/gilpimentel.com.br\/site\/wp-json\/wp\/v2\/posts"}],"about":[{"href":"https:\/\/gilpimentel.com.br\/site\/wp-json\/wp\/v2\/types\/post"}],"author":[{"embeddable":true,"href":"https:\/\/gilpimentel.com.br\/site\/wp-json\/wp\/v2\/users\/2"}],"replies":[{"embeddable":true,"href":"https:\/\/gilpimentel.com.br\/site\/wp-json\/wp\/v2\/comments?post=40131"}],"version-history":[{"count":1,"href":"https:\/\/gilpimentel.com.br\/site\/wp-json\/wp\/v2\/posts\/40131\/revisions"}],"predecessor-version":[{"id":40133,"href":"https:\/\/gilpimentel.com.br\/site\/wp-json\/wp\/v2\/posts\/40131\/revisions\/40133"}],"wp:featuredmedia":[{"embeddable":true,"href":"https:\/\/gilpimentel.com.br\/site\/wp-json\/wp\/v2\/media\/40132"}],"wp:attachment":[{"href":"https:\/\/gilpimentel.com.br\/site\/wp-json\/wp\/v2\/media?parent=40131"}],"wp:term":[{"taxonomy":"category","embeddable":true,"href":"https:\/\/gilpimentel.com.br\/site\/wp-json\/wp\/v2\/categories?post=40131"},{"taxonomy":"post_tag","embeddable":true,"href":"https:\/\/gilpimentel.com.br\/site\/wp-json\/wp\/v2\/tags?post=40131"}],"curies":[{"name":"wp","href":"https:\/\/api.w.org\/{rel}","templated":true}]}}