{"id":40102,"date":"2026-03-09T09:25:10","date_gmt":"2026-03-09T12:25:10","guid":{"rendered":"https:\/\/gilpimentel.com.br\/site\/?p=40102"},"modified":"2026-03-09T19:46:06","modified_gmt":"2026-03-09T22:46:06","slug":"feriados-em-abril-criam-cenario-ideal-para-descansar-em-um-resort-all-inclusive-em-serra-negra","status":"publish","type":"post","link":"https:\/\/gilpimentel.com.br\/site\/feriados-em-abril-criam-cenario-ideal-para-descansar-em-um-resort-all-inclusive-em-serra-negra\/","title":{"rendered":"FERIADOS EM ABRIL CRIAM CEN\u00c1RIO IDEAL PARA DESCANSAR EM UM RESORT ALL INCLUSIVE EM SERRA NEGRA"},"content":{"rendered":"<p>Abril de 2026 promete ser um dos meses mais convidativos do ano para viajar. A combina\u00e7\u00e3o entre a Sexta-feira Santa, a P\u00e1scoa, o feriado de Tiradentes e, logo na sequ\u00eancia, o Dia do Trabalhador, cria diversas oportunidades de feriados prolongados e escapadas r\u00e1pidas. Para quem pretende aproveitar esses per\u00edodos para descansar e curtir momentos em fam\u00edlia, o Grand Resort Serra Negra aparece como uma op\u00e7\u00e3o completa no interior paulista.<\/p>\n<p>&nbsp;<\/p>\n<p>Localizado a cerca de duas horas da capital paulista, em meio \u00e0s paisagens da Serra da Mantiqueira, o resort combina natureza, infraestrutura completa e atividades para todas as idades. Al\u00e9m disso, em ocasi\u00f5es especiais como os pr\u00f3ximos feriados, o empreendimento opera em sistema all-inclusive, oferecendo quatro refei\u00e7\u00f5es di\u00e1rias e bebidas inclusas, al\u00e9m de uma programa\u00e7\u00e3o de lazer pensada especialmente para fam\u00edlias.<\/p>\n<p>&nbsp;<\/p>\n<p>P\u00e1scoa Encantada<\/p>\n<p>&nbsp;<\/p>\n<p>O destaque do m\u00eas \u00e9 o pacote P\u00e1scoa Encantada, que re\u00fane gastronomia tem\u00e1tica, entretenimento infantil e atividades para toda a fam\u00edlia. A programa\u00e7\u00e3o inclui o tradicional almo\u00e7o com bacalhoada, jantar tem\u00e1tico, a popular Noite da Pizza e esta\u00e7\u00f5es de petiscos servidos \u00e0 beira da piscina.<\/p>\n<p>&nbsp;<\/p>\n<p>Para as crian\u00e7as, a equipe de lazer promove atividades l\u00fadicas como a Ca\u00e7a aos Ovos e a Visita dos Coelhos, aproveitando a estrutura do resort que inclui brinquedoteca, \u00e1rea baby e at\u00e9 uma charmosa casa de madeira no bosque.<\/p>\n<p>&nbsp;<\/p>\n<p>J\u00e1 os adultos tamb\u00e9m encontram diversas op\u00e7\u00f5es de entretenimento como apresenta\u00e7\u00f5es de m\u00fasica ao vivo na \u00e1rea da piscina, al\u00e9m do tradicional Baile de Aleluia que completa o clima festivo.<\/p>\n<p>&nbsp;<\/p>\n<p>Nos feriados de Tiradentes e Dia do Trabalhador, o resort tamb\u00e9m contar\u00e1 com Noite da Pizza e lazer todos os dias, aproveitando os fins de semana prolongados para relaxar em meio \u00e0 natureza serrana.<\/p>\n<p>&nbsp;<\/p>\n<p>Estrutura para relaxar e se divertir<\/p>\n<p>&nbsp;<\/p>\n<p>Durante toda a estadia, os h\u00f3spedes podem aproveitar o amplo complexo de lazer do resort, que inclui piscina externa climatizada, quadras de t\u00eanis, quadra poliesportiva, quadra de areia e campo de grama natural, al\u00e9m de espa\u00e7os voltados ao descanso, como red\u00e1rio e piscina aquecida.<\/p>\n<p>&nbsp;<\/p>\n<p>Inaugurado em 1942 e cercado por 40 mil metros quadrados de \u00e1rea verde, o Grand Resort Serra Negra conta com mais de 100 acomoda\u00e7\u00f5es equipadas com ar-condicionado, TV a cabo, minibar, cofre, Wi-Fi e espa\u00e7o de trabalho. As op\u00e7\u00f5es incluem quartos duplos, triplos, qu\u00e1druplos e familiares.<\/p>\n<p>&nbsp;<\/p>\n<p>A infraestrutura tamb\u00e9m disp\u00f5e de dois restaurantes, bar na piscina, varanda panor\u00e2mica e estacionamento gratuito com pontos para recarga de carros el\u00e9tricos, al\u00e9m de acessibilidade em todos os ambientes.<\/p>\n<p>&nbsp;<\/p>\n<p>Para mais informa\u00e7\u00f5es e reservas, acesse: grandresortserranegra.com.br\/<\/p>\n","protected":false},"excerpt":{"rendered":"<p>Abril de 2026 promete ser um dos meses mais convidativos do ano para viajar. A combina\u00e7\u00e3o entre a Sexta-feira Santa, a P\u00e1scoa, o feriado de &hellip; <\/p>\n","protected":false},"author":2,"featured_media":40103,"comment_status":"closed","ping_status":"closed","sticky":false,"template":"","format":"standard","meta":{"footnotes":""},"categories":[2],"tags":[],"class_list":["post-40102","post","type-post","status-publish","format-standard","has-post-thumbnail","hentry","category-noticias","latest_post"],"_links":{"self":[{"href":"https:\/\/gilpimentel.com.br\/site\/wp-json\/wp\/v2\/posts\/40102","targetHints":{"allow":["GET"]}}],"collection":[{"href":"https:\/\/gilpimentel.com.br\/site\/wp-json\/wp\/v2\/posts"}],"about":[{"href":"https:\/\/gilpimentel.com.br\/site\/wp-json\/wp\/v2\/types\/post"}],"author":[{"embeddable":true,"href":"https:\/\/gilpimentel.com.br\/site\/wp-json\/wp\/v2\/users\/2"}],"replies":[{"embeddable":true,"href":"https:\/\/gilpimentel.com.br\/site\/wp-json\/wp\/v2\/comments?post=40102"}],"version-history":[{"count":1,"href":"https:\/\/gilpimentel.com.br\/site\/wp-json\/wp\/v2\/posts\/40102\/revisions"}],"predecessor-version":[{"id":40104,"href":"https:\/\/gilpimentel.com.br\/site\/wp-json\/wp\/v2\/posts\/40102\/revisions\/40104"}],"wp:featuredmedia":[{"embeddable":true,"href":"https:\/\/gilpimentel.com.br\/site\/wp-json\/wp\/v2\/media\/40103"}],"wp:attachment":[{"href":"https:\/\/gilpimentel.com.br\/site\/wp-json\/wp\/v2\/media?parent=40102"}],"wp:term":[{"taxonomy":"category","embeddable":true,"href":"https:\/\/gilpimentel.com.br\/site\/wp-json\/wp\/v2\/categories?post=40102"},{"taxonomy":"post_tag","embeddable":true,"href":"https:\/\/gilpimentel.com.br\/site\/wp-json\/wp\/v2\/tags?post=40102"}],"curies":[{"name":"wp","href":"https:\/\/api.w.org\/{rel}","templated":true}]}}