{"id":40098,"date":"2026-03-10T00:05:31","date_gmt":"2026-03-10T03:05:31","guid":{"rendered":"https:\/\/gilpimentel.com.br\/site\/?p=40098"},"modified":"2026-03-09T20:15:31","modified_gmt":"2026-03-09T23:15:31","slug":"opiniao-e-brasco-promovem-st-patricks-day-na-esplanada-do-araujo-vianna","status":"publish","type":"post","link":"https:\/\/gilpimentel.com.br\/site\/opiniao-e-brasco-promovem-st-patricks-day-na-esplanada-do-araujo-vianna\/","title":{"rendered":"OPINI\u00c3O E BRASCO PROMOVEM ST. PATRICK\u2019S DAY NA ESPLANADA DO ARA\u00daJO VIANNA"},"content":{"rendered":"<p>O St. Patrick\u2019s Day, j\u00e1 bastante popular no nosso calend\u00e1rio cultural, voltar\u00e1 a ganhar uma grande celebra\u00e7\u00e3o ao ar livre. No pr\u00f3ximo domingo, dia 15 de mar\u00e7o, a Esplanada do Audit\u00f3rio Ara\u00fajo Vianna vai receber o St. Patrick\u2019s Opini\u00e3o &amp; Brasco, reunindo m\u00fasica ao vivo e experi\u00eancias gastron\u00f4micas em um dos pontos mais tradicionais da cidade. A entrada \u00e9 gratuita e o patroc\u00ednio da Heineken.<\/p>\n<p>&nbsp;<\/p>\n<p>A iniciativa simboliza a uni\u00e3o entre duas marcas ligadas \u00e0 cena cultural e de entretenimento da capital: o Brasco, que h\u00e1 12 anos promoveu o primeiro St. Patrick\u2019s Day de rua de Porto Alegre; e a Opini\u00e3o Produtora, com longa atua\u00e7\u00e3o na produ\u00e7\u00e3o de shows e de festivais. A programa\u00e7\u00e3o do evento contar\u00e1 com os shows de Tonho Crocco Trio, Frescoboys e da DJ Ju Qvdo.<\/p>\n<p>&nbsp;<\/p>\n<p>PIONEIRISMO<\/p>\n<p>&nbsp;<\/p>\n<p>O Brasco realizou o primeiro St. Patrick\u2019s de rua da cidade, em 2014, quando a celebra\u00e7\u00e3o ainda n\u00e3o era t\u00e3o difundida por aqui. Inspirado nas tradicionais festas irlandesas, o evento teve quatro edi\u00e7\u00f5es no bairro Moinhos de Vento e retornar\u00e1 com uma estrutura maior, reunindo um grande p\u00fablico em torno da m\u00fasica, da gastronomia e da cerveja.<\/p>\n<p>&nbsp;<\/p>\n<p>A parceria entre o Brasco e o Opini\u00e3o busca resgatar o esp\u00edrito original e devolver essa festa ao p\u00fablico, em um ambiente aberto e de grande circula\u00e7\u00e3o. Com a expectativa de receber 10 mil pessoas, o evento tamb\u00e9m consolida o St. Patrick\u2019s como uma das datas tem\u00e1ticas mais fortes da agenda porto-alegrense.<\/p>\n<p>&nbsp;<\/p>\n<p>BEER STATION HEINEKEN<\/p>\n<p>&nbsp;<\/p>\n<p>Entre as experi\u00eancias proporcionadas, estar\u00e1 a Beer Station da Heineken. Trata-se de uma carreta especial de chope, que conta com uma estrutura pr\u00f3pria de refrigera\u00e7\u00e3o e m\u00faltiplas torneiras para servi\u00e7o.<\/p>\n<p>&nbsp;<\/p>\n<p>O caminh\u00e3o foi desenvolvido para atender grandes eventos, como o St. Patrick\u2019s Opini\u00e3o &amp; Brasco. A Beer Station garante agilidade no atendimento ao p\u00fablico e salienta a presen\u00e7a da Heineken na celebra\u00e7\u00e3o.<\/p>\n<p>&nbsp;<\/p>\n<p>ATRA\u00c7\u00d5ES<\/p>\n<p>&nbsp;<\/p>\n<p>Tonho Crocco Trio \u2013 com mais de tr\u00eas d\u00e9cadas de carreira, Tonho Crocco \u00e9 vocalista e principal compositor da Ultramen, banda que marcou a cena nacional ao combinar rock, funk e m\u00fasica brasileira. No formato trio, ele apresenta um repert\u00f3rio que percorre diferentes momentos de sua trajet\u00f3ria.<\/p>\n<p>&nbsp;<\/p>\n<p>Frescoboys \u2013 a banda vem ganhando destaque na cena independente do sul do pa\u00eds com um repert\u00f3rio que mistura rock, pop e releituras contempor\u00e2neas de cl\u00e1ssicos da m\u00fasica brasileira e internacional. O grupo \u00e9 conhecido pela energia ao vivo e pela intera\u00e7\u00e3o constante com o p\u00fablico.<\/p>\n<p>&nbsp;<\/p>\n<p>Ju Qvdo \u2013 DJ e pesquisadora musical da cena de Porto Alegre, Ju Qvdo construiu sua identidade art\u00edstica transitando entre diferentes vertentes, combinando house, boogie, sonoridades latinas e batidas urbanas em sets din\u00e2micos.<\/p>\n<p>&nbsp;<\/p>\n<p>SERVI\u00c7O \u2013 ST. PATRICK\u2019S OPINI\u00c3O &amp; BRASCO<\/p>\n<p>&nbsp;<\/p>\n<p>Onde: Esplanada do Audit\u00f3rio Ara\u00fajo Vianna (Avenida Osvaldo Aranha, 685)<\/p>\n<p>Quando: 15 de mar\u00e7o, domingo, a partir das 16h<\/p>\n<p>Programa\u00e7\u00e3o: DJ Ju Qvdo, Frescoboys e Tonho Crocco Trio<\/p>\n<p>Entrada gratuita<\/p>\n<p>&nbsp;<\/p>\n<p>Informa\u00e7\u00f5es:<\/p>\n<p>www.araujoviannaoficial.com.br<\/p>\n<p>www.facebook.com\/araujoviannaoficial<\/p>\n<p>www.instagram.com\/araujoviannaoficial<\/p>\n<p>www.twitter.com\/araujovianna_<\/p>\n<p>(51) 3211-2838<\/p>\n","protected":false},"excerpt":{"rendered":"<p>O St. Patrick\u2019s Day, j\u00e1 bastante popular no nosso calend\u00e1rio cultural, voltar\u00e1 a ganhar uma grande celebra\u00e7\u00e3o ao ar livre. No pr\u00f3ximo domingo, dia 15 &hellip; <\/p>\n","protected":false},"author":2,"featured_media":40100,"comment_status":"closed","ping_status":"closed","sticky":false,"template":"","format":"standard","meta":{"footnotes":""},"categories":[2],"tags":[],"class_list":["post-40098","post","type-post","status-publish","format-standard","has-post-thumbnail","hentry","category-noticias","latest_post"],"_links":{"self":[{"href":"https:\/\/gilpimentel.com.br\/site\/wp-json\/wp\/v2\/posts\/40098","targetHints":{"allow":["GET"]}}],"collection":[{"href":"https:\/\/gilpimentel.com.br\/site\/wp-json\/wp\/v2\/posts"}],"about":[{"href":"https:\/\/gilpimentel.com.br\/site\/wp-json\/wp\/v2\/types\/post"}],"author":[{"embeddable":true,"href":"https:\/\/gilpimentel.com.br\/site\/wp-json\/wp\/v2\/users\/2"}],"replies":[{"embeddable":true,"href":"https:\/\/gilpimentel.com.br\/site\/wp-json\/wp\/v2\/comments?post=40098"}],"version-history":[{"count":1,"href":"https:\/\/gilpimentel.com.br\/site\/wp-json\/wp\/v2\/posts\/40098\/revisions"}],"predecessor-version":[{"id":40101,"href":"https:\/\/gilpimentel.com.br\/site\/wp-json\/wp\/v2\/posts\/40098\/revisions\/40101"}],"wp:featuredmedia":[{"embeddable":true,"href":"https:\/\/gilpimentel.com.br\/site\/wp-json\/wp\/v2\/media\/40100"}],"wp:attachment":[{"href":"https:\/\/gilpimentel.com.br\/site\/wp-json\/wp\/v2\/media?parent=40098"}],"wp:term":[{"taxonomy":"category","embeddable":true,"href":"https:\/\/gilpimentel.com.br\/site\/wp-json\/wp\/v2\/categories?post=40098"},{"taxonomy":"post_tag","embeddable":true,"href":"https:\/\/gilpimentel.com.br\/site\/wp-json\/wp\/v2\/tags?post=40098"}],"curies":[{"name":"wp","href":"https:\/\/api.w.org\/{rel}","templated":true}]}}