{"id":40094,"date":"2026-03-11T00:51:49","date_gmt":"2026-03-11T03:51:49","guid":{"rendered":"https:\/\/gilpimentel.com.br\/site\/?p=40094"},"modified":"2026-03-10T22:12:31","modified_gmt":"2026-03-11T01:12:31","slug":"sandi-hotel-apoia-restauro-da-igreja-do-rosario-e-fortalece-movimento-de-preservacao-no-centro-historico-de-paraty","status":"publish","type":"post","link":"https:\/\/gilpimentel.com.br\/site\/sandi-hotel-apoia-restauro-da-igreja-do-rosario-e-fortalece-movimento-de-preservacao-no-centro-historico-de-paraty\/","title":{"rendered":"SANDI HOTEL APOIA RESTAURO DA IGREJA DO ROS\u00c1RIO E FORTALECE MOVIMENTO DE PRESERVA\u00c7\u00c3O NO CENTRO HIST\u00d3RICO DE PARATY"},"content":{"rendered":"<p>Interven\u00e7\u00e3o foi realizada em quatro meses, com materiais autorizados pelo IPHAN e investimento de aproximadamente R$ 172 mil<\/p>\n<p>A Igreja do Ros\u00e1rio, localizada no Centro Hist\u00f3rico de Paraty, passou por um processo completo de restauro com apoio do Sandi Hotel e mobiliza\u00e7\u00e3o de doadores locais, refor\u00e7ando o compromisso da fam\u00edlia com a preserva\u00e7\u00e3o do patrim\u00f4nio cultural da cidade. A iniciativa foi liderada por Vin\u00edcius Balogh, respons\u00e1vel pela articula\u00e7\u00e3o do projeto e pela mobiliza\u00e7\u00e3o de apoiadores em torno da recupera\u00e7\u00e3o do templo hist\u00f3rico, junto com a Funda\u00e7\u00e3o Taiama e a sociedade civil.<\/p>\n<p>O restauro do Ros\u00e1rio sucede a recupera\u00e7\u00e3o da Igreja de Santa Rita, realizada anteriormente tamb\u00e9m sob articula\u00e7\u00e3o de lideran\u00e7as locais, ampliando uma sequ\u00eancia de a\u00e7\u00f5es voltadas \u00e0 preserva\u00e7\u00e3o das igrejas hist\u00f3ricas da cidade. A obra foi executada ao longo de quatro meses, sob responsabilidade t\u00e9cnica de engenheiro civil, com utiliza\u00e7\u00e3o exclusiva de materiais autorizados pelo IPHAN, garantindo a manuten\u00e7\u00e3o da integridade hist\u00f3rica da edifica\u00e7\u00e3o.<\/p>\n<p>A interven\u00e7\u00e3o contemplou a recupera\u00e7\u00e3o estrutural da fachada, recomposi\u00e7\u00e3o de rebocos, pintura, restauro da parte de ferro fundido, incluindo lumin\u00e1rias, al\u00e9m da requalifica\u00e7\u00e3o da \u00e1rea interna, como sacristia e entorno do altar. O objetivo foi devolver estabilidade e dignidade ao edif\u00edcio, respeitando suas caracter\u00edsticas arquitet\u00f4nicas originais.<\/p>\n<p>Com investimento aproximado de R$ 172 mil, viabilizado por meio dessa articula\u00e7\u00e3o conjunta, o projeto consolida uma atua\u00e7\u00e3o cont\u00ednua do Sandi Hotel e do ecossistema do Quadrado M\u00e1gico na conserva\u00e7\u00e3o do patrim\u00f4nio hist\u00f3rico de Paraty, conectando hospitalidade, cultura e responsabilidade com o territ\u00f3rio.<\/p>\n<p>Sandi Adamiu, empres\u00e1rio \u00e0 frente do Sandi Hotel e integrante da fam\u00edlia respons\u00e1vel pelo empreendimento h\u00e1 mais de tr\u00eas d\u00e9cadas em Paraty, explica que a decis\u00e3o de apoiar o restauro est\u00e1 diretamente ligada ao v\u00ednculo hist\u00f3rico da fam\u00edlia com o munic\u00edpio. \u201cA Igreja do Ros\u00e1rio faz parte da mem\u00f3ria viva de Paraty. Preservar esse patrim\u00f4nio \u00e9 uma forma de cuidar da identidade da cidade que acolheu nossa fam\u00edlia h\u00e1 d\u00e9cadas. N\u00e3o se trata apenas de arquitetura, mas de hist\u00f3ria, f\u00e9 e pertencimento\u201d, afirma.<\/p>\n<p>A iniciativa refor\u00e7a o papel do setor privado na preserva\u00e7\u00e3o de bens hist\u00f3ricos e na valoriza\u00e7\u00e3o da mem\u00f3ria arquitet\u00f4nica da cidade, reconhecida como Patrim\u00f4nio Mundial pela UNESCO.<\/p>\n","protected":false},"excerpt":{"rendered":"<p>Interven\u00e7\u00e3o foi realizada em quatro meses, com materiais autorizados pelo IPHAN e investimento de aproximadamente R$ 172 mil A Igreja do Ros\u00e1rio, localizada no Centro &hellip; <\/p>\n","protected":false},"author":2,"featured_media":40095,"comment_status":"closed","ping_status":"closed","sticky":false,"template":"","format":"standard","meta":{"footnotes":""},"categories":[2],"tags":[],"class_list":["post-40094","post","type-post","status-publish","format-standard","has-post-thumbnail","hentry","category-noticias","latest_post"],"_links":{"self":[{"href":"https:\/\/gilpimentel.com.br\/site\/wp-json\/wp\/v2\/posts\/40094","targetHints":{"allow":["GET"]}}],"collection":[{"href":"https:\/\/gilpimentel.com.br\/site\/wp-json\/wp\/v2\/posts"}],"about":[{"href":"https:\/\/gilpimentel.com.br\/site\/wp-json\/wp\/v2\/types\/post"}],"author":[{"embeddable":true,"href":"https:\/\/gilpimentel.com.br\/site\/wp-json\/wp\/v2\/users\/2"}],"replies":[{"embeddable":true,"href":"https:\/\/gilpimentel.com.br\/site\/wp-json\/wp\/v2\/comments?post=40094"}],"version-history":[{"count":1,"href":"https:\/\/gilpimentel.com.br\/site\/wp-json\/wp\/v2\/posts\/40094\/revisions"}],"predecessor-version":[{"id":40097,"href":"https:\/\/gilpimentel.com.br\/site\/wp-json\/wp\/v2\/posts\/40094\/revisions\/40097"}],"wp:featuredmedia":[{"embeddable":true,"href":"https:\/\/gilpimentel.com.br\/site\/wp-json\/wp\/v2\/media\/40095"}],"wp:attachment":[{"href":"https:\/\/gilpimentel.com.br\/site\/wp-json\/wp\/v2\/media?parent=40094"}],"wp:term":[{"taxonomy":"category","embeddable":true,"href":"https:\/\/gilpimentel.com.br\/site\/wp-json\/wp\/v2\/categories?post=40094"},{"taxonomy":"post_tag","embeddable":true,"href":"https:\/\/gilpimentel.com.br\/site\/wp-json\/wp\/v2\/tags?post=40094"}],"curies":[{"name":"wp","href":"https:\/\/api.w.org\/{rel}","templated":true}]}}