{"id":40090,"date":"2026-03-16T00:50:14","date_gmt":"2026-03-16T03:50:14","guid":{"rendered":"https:\/\/gilpimentel.com.br\/site\/?p=40090"},"modified":"2026-03-13T17:31:50","modified_gmt":"2026-03-13T20:31:50","slug":"piquenique-solidario-do-mao-amiga-ocorre-no-dia-29-de-marco-e-segue-com-ingressos-a-venda-em-caxias-do-sul","status":"publish","type":"post","link":"https:\/\/gilpimentel.com.br\/site\/piquenique-solidario-do-mao-amiga-ocorre-no-dia-29-de-marco-e-segue-com-ingressos-a-venda-em-caxias-do-sul\/","title":{"rendered":"PIQUENIQUE SOLID\u00c1RIO DO M\u00c3O AMIGA OCORRE NO DIA 29 DE MAR\u00c7O E SEGUE COM INGRESSOS \u00c0 VENDA, EM CAXIAS DO SUL"},"content":{"rendered":"<p>A expectativa \u00e9 de que a participa\u00e7\u00e3o ultrapasse o n\u00famero de quatro mil pessoas neste ano<\/p>\n<p>&nbsp;<\/p>\n<p>O Piquenique Solid\u00e1rio, promovido pelo Projeto M\u00e3o Amiga, chega em sua 14\u00aa edi\u00e7\u00e3o no dia 29 de mar\u00e7o (domingo), das 15h \u00e0s 18h. O evento promete movimentar mais uma vez o gramado das r\u00e9plicas do Parque de Eventos da Festa da Uva, em Caxias do Sul, em prol da inclus\u00e3o de crian\u00e7as na educa\u00e7\u00e3o infantil, por meio do programa Fortalecendo Fam\u00edlias.<\/p>\n<p>&nbsp;<\/p>\n<p>Os ingressos, que garantem o kit de piquenique, est\u00e3o \u00e0 venda e podem ser garantidos na sede do Projeto M\u00e3o Amiga, com os volunt\u00e1rios ou em pontos de vendas parceiros (veja lista abaixo), por R$ 60 cada.<\/p>\n<p>&nbsp;<\/p>\n<p>O kit pode ser consumido no local, que \u00e9 preparado com estrutura para receber toda a fam\u00edlia, com atividades recreativas e atra\u00e7\u00f5es culturais. Quem desejar, tamb\u00e9m pode levar o kit para casa. Em caso de chuva, o evento ser\u00e1 no formato drive-thru, no mesmo hor\u00e1rio e local.<\/p>\n<p>&nbsp;<\/p>\n<p>A atra\u00e7\u00e3o musical deste ano ser\u00e1 a banda local ATLAST, que embalar\u00e1 o evento com cl\u00e1ssicos do rock internacional dos anos 70, 80 e 90. Na ativa desde 2022, o grupo musical \u00e9 formado por Lauvian Freitas (guitarrista e vocalista), J\u00falio Sosnoski (pianista e vocalista), Vitor Lemes (baixista) e Sandro Stecanela (baterista).<\/p>\n<p>&nbsp;<\/p>\n<p>O kit \u00e9 composto por uma caixa organizadora com frutas, salgados, doces e bebidas, itens fornecidos por parceiros do projeto. Na \u00faltima edi\u00e7\u00e3o, no ano passado, mais de 3,5 mil pessoas passaram pelo evento e foi arrecadado o valor suficiente para o pagamento de cerca de 150 mensalidades de 50% em escolas de educa\u00e7\u00e3o infantil parceiras.<\/p>\n<p>&nbsp;<\/p>\n<p>Depois do sucesso das \u00faltimas edi\u00e7\u00f5es, a expectativa para o Piquenique Solid\u00e1rio de 2026 \u00e9 bastante positiva. Geni Onzi Isoppo, Rosana Stumpf e Ang\u00e9lica Pulita, que est\u00e3o \u00e0 frente da organiza\u00e7\u00e3o, projetam um crescimento m\u00e9dio de p\u00fablico de 20%, isto \u00e9, a expectativa \u00e9 de que a participa\u00e7\u00e3o ultrapasse o n\u00famero de quatro mil pessoas neste ano. Ao todo, est\u00e3o sendo organizados 1,1 mil kits para o piquenique.<\/p>\n<p>&nbsp;<\/p>\n<p>\u201cA nossa expectativa \u00e9 fortalecer ainda mais as parcerias, ampliar a participa\u00e7\u00e3o da comunidade e transformar o piquenique em um evento cada vez maior, sem perder sua ess\u00eancia: unir pessoas em torno de uma causa comum e gerar oportunidades reais para crian\u00e7as que precisam de apoio para acessar a educa\u00e7\u00e3o infantil\u201d, destaca Geni.<\/p>\n<p>&nbsp;<\/p>\n<p>Frei Jaime Bettega, fundador e presidente da Associa\u00e7\u00e3o M\u00e3o Amiga, refor\u00e7a o convite \u00e0 comunidade para mais uma edi\u00e7\u00e3o do evento.<\/p>\n<p>&nbsp;<\/p>\n<p>\u201cO Piquenique Solid\u00e1rio j\u00e1 se tornou um grande encontro de amor e generosidade em nossa cidade. \u00c9 um momento em que a comunidade se re\u00fane com alegria para cuidar de quem mais precisa. Esperamos todos de cora\u00e7\u00e3o aberto para vivermos juntos mais uma tarde de solidariedade e esperan\u00e7a\u201d, expressa Bettega.<\/p>\n<p>&nbsp;<\/p>\n<p>Mais informa\u00e7\u00f5es por meio do telefone (54) 3223-5420 e 99142-8223; site http:\/\/www.maoamigacaxias.org.br\/, e no Instagram pelo M\u00e3o Amiga<\/p>\n<p>&nbsp;<\/p>\n<p>Sobre o Fortalecendo Fam\u00edlias do Projeto M\u00e3o Amiga<\/p>\n<p>&nbsp;<\/p>\n<p>O Fortalecendo Fam\u00edlias \u00e9 uma iniciativa do Projeto M\u00e3o Amiga que encaminha e auxilia fam\u00edlias no pagamento de vagas de turno integral em escolas particulares de educa\u00e7\u00e3o infantil. Em 2025 foram atendidas cerca de 320 crian\u00e7as em situa\u00e7\u00e3o de vulnerabilidade social, de zero a quatro anos, que n\u00e3o conseguem vagas no ensino p\u00fablico. As escolas parceiras reduzem o valor da mensalidade, o Projeto M\u00e3o Amiga paga uma parte dela, enquanto os pais destas crian\u00e7as arcam com o pagamento da outra parte desta mensalidade. A perman\u00eancia no mercado de trabalho \u00e9 exigida, al\u00e9m da participa\u00e7\u00e3o dos pais em algumas palestras desenvolvidas pelo Projeto.<\/p>\n<p>&nbsp;<\/p>\n<p>PONTOS DE VENDA DOS INGRESSOS<\/p>\n<p>&nbsp;<\/p>\n<p>&#8211; Sede do M\u00e3o Amiga: Rua General Mallet, 33, bairro Rio Branco<\/p>\n<p>&nbsp;<\/p>\n<p>&#8211; Banca Rio Branco: Rua General Sampaio, 33, bairro Rio Branco<\/p>\n<p>&nbsp;<\/p>\n<p>&#8211; Copihel: Avenida J\u00falio de Castilhos, 693, bairro Nossa Senhora de Lourdes<\/p>\n<p>&nbsp;<\/p>\n<p>&#8211; Koala Concept: Avenida Rio Branco, 1107, bairro Rio Branco<\/p>\n<p>&nbsp;<\/p>\n<p>&#8211; Padaria P\u00e3o Quente: Rua Feij\u00f3 J\u00fanior, 360, bairro S\u00e3o Pelegrino<\/p>\n<p>&nbsp;<\/p>\n<p>&#8211; Sindilojas Caxias: Rua Sinimbu, 1415, 8\u00ba andar, Centro<\/p>\n<p>&nbsp;<\/p>\n<p>&#8211; Diretamente com volunt\u00e1rios do Projeto M\u00e3o Amiga<\/p>\n<p>&nbsp;<\/p>\n<p>REALIZA\u00c7\u00c3O: Associa\u00e7\u00e3o M\u00e3o Amiga<\/p>\n<p>&nbsp;<\/p>\n<p>IDEALIZA\u00c7\u00c3O: Dolaimes Fsag<\/p>\n<p>&nbsp;<\/p>\n<p>PATROC\u00cdNIO: Sicredi Pioneira, Unimed Serra Ga\u00facha, Alimentar Gastronomia, OU, Brizola e Medeiros Advogados, DeCacau<\/p>\n<p>&nbsp;<\/p>\n<p>APOIADORES: Festa da Uva, Copihel, V\u00edzia \u00d3ptica<\/p>\n<p>&nbsp;<\/p>\n<p>SERVI\u00c7O:<\/p>\n<p>&nbsp;<\/p>\n<p>:: O qu\u00ea: 14\u00aa edi\u00e7\u00e3o do Piquenique Solid\u00e1rio do Projeto M\u00e3o Amiga<\/p>\n<p>&nbsp;<\/p>\n<p>:: Quando: dia 29 de mar\u00e7o (domingo), das 15h \u00e0s 18h<\/p>\n<p>&nbsp;<\/p>\n<p>:: Onde: Gramado das R\u00e9plicas do Parque de Eventos da Festa da Uva<\/p>\n<p>&nbsp;<\/p>\n<p>:: Ingressos: a R$ 60 o kit piquenique, que podem ser adquiridos na sede do M\u00e3o Amiga, em pontos de vendas parceiros da a\u00e7\u00e3o ou com os volunt\u00e1rios do Projeto<\/p>\n","protected":false},"excerpt":{"rendered":"<p>A expectativa \u00e9 de que a participa\u00e7\u00e3o ultrapasse o n\u00famero de quatro mil pessoas neste ano &nbsp; O Piquenique Solid\u00e1rio, promovido pelo Projeto M\u00e3o Amiga, &hellip; <\/p>\n","protected":false},"author":2,"featured_media":40091,"comment_status":"closed","ping_status":"closed","sticky":false,"template":"","format":"standard","meta":{"footnotes":""},"categories":[2],"tags":[],"class_list":["post-40090","post","type-post","status-publish","format-standard","has-post-thumbnail","hentry","category-noticias","latest_post"],"_links":{"self":[{"href":"https:\/\/gilpimentel.com.br\/site\/wp-json\/wp\/v2\/posts\/40090","targetHints":{"allow":["GET"]}}],"collection":[{"href":"https:\/\/gilpimentel.com.br\/site\/wp-json\/wp\/v2\/posts"}],"about":[{"href":"https:\/\/gilpimentel.com.br\/site\/wp-json\/wp\/v2\/types\/post"}],"author":[{"embeddable":true,"href":"https:\/\/gilpimentel.com.br\/site\/wp-json\/wp\/v2\/users\/2"}],"replies":[{"embeddable":true,"href":"https:\/\/gilpimentel.com.br\/site\/wp-json\/wp\/v2\/comments?post=40090"}],"version-history":[{"count":1,"href":"https:\/\/gilpimentel.com.br\/site\/wp-json\/wp\/v2\/posts\/40090\/revisions"}],"predecessor-version":[{"id":40092,"href":"https:\/\/gilpimentel.com.br\/site\/wp-json\/wp\/v2\/posts\/40090\/revisions\/40092"}],"wp:featuredmedia":[{"embeddable":true,"href":"https:\/\/gilpimentel.com.br\/site\/wp-json\/wp\/v2\/media\/40091"}],"wp:attachment":[{"href":"https:\/\/gilpimentel.com.br\/site\/wp-json\/wp\/v2\/media?parent=40090"}],"wp:term":[{"taxonomy":"category","embeddable":true,"href":"https:\/\/gilpimentel.com.br\/site\/wp-json\/wp\/v2\/categories?post=40090"},{"taxonomy":"post_tag","embeddable":true,"href":"https:\/\/gilpimentel.com.br\/site\/wp-json\/wp\/v2\/tags?post=40090"}],"curies":[{"name":"wp","href":"https:\/\/api.w.org\/{rel}","templated":true}]}}