{"id":40034,"date":"2026-03-09T05:08:41","date_gmt":"2026-03-09T08:08:41","guid":{"rendered":"https:\/\/gilpimentel.com.br\/site\/?p=40034"},"modified":"2026-03-09T16:39:09","modified_gmt":"2026-03-09T19:39:09","slug":"vera-holtz-apresenta-o-aclamado-ficcoes-em-turne-pelo-rio-grande-do-sul","status":"publish","type":"post","link":"https:\/\/gilpimentel.com.br\/site\/vera-holtz-apresenta-o-aclamado-ficcoes-em-turne-pelo-rio-grande-do-sul\/","title":{"rendered":"VERA HOLTZ APRESENTA O ACLAMADO \u201cFIC\u00c7\u00d5ES\u201d EM TURN\u00ca PELO RIO GRANDE DO SUL"},"content":{"rendered":"<div class=\"news-section-info clearfix\">\n<h3 class=\"section-title\"><\/h3>\n<\/div>\n<div class=\"single-news-content\">\n<div class=\"news-detail clearfix\">\n<div class=\"entry-meta\">Ap\u00f3s temporadas de sucesso e turn\u00eas lotadas pelo Brasil, o espet\u00e1culo teatral\u00a0<strong>\u201cFic\u00e7\u00f5es\u201d<\/strong>, estrelado por uma das maiores atrizes brasileiras,\u00a0<strong>Vera Holtz<\/strong>, retorna ao Rio Grande do Sul em mar\u00e7o de 2026 para uma turn\u00ea por sete cidades ga\u00fachas. O circuito, promovido pelo Sesc\/RS, ocorrer\u00e1 entre 12 e 26 de mar\u00e7o e abranger\u00e1 as cidades de Gravata\u00ed, Caxias do Sul, Passo Fundo, Iju\u00ed, Carazinho, Canoas e Montenegro.<\/div>\n<div class=\"news-content editor-content-entry\">\n<p>Idealizado pelo produtor Felipe Her\u00e1clito Lima e escrito e encenado por Rodrigo Portella, o espet\u00e1culo parte do livro \u201cSapiens \u2013 Uma Breve Hist\u00f3ria da Humanidade\u201d, do professor e fil\u00f3sofo Yuval Noah Harari, que vendeu j\u00e1 mais de 23 milh\u00f5es de c\u00f3pias em todo o mundo. \u201cFic\u00e7\u00f5es\u201d investiga a capacidade humana de criar e acreditar em narrativas coletivas \u2013 deuses, dinheiro, na\u00e7\u00f5es, leis \u2013 que moldaram civiliza\u00e7\u00f5es inteiras. Assim, a pe\u00e7a prop\u00f5e um questionamento sobre o que de fato foi inventado pela humanidade e o que \u00e9 real.<\/p>\n<p>Na trama, Vera Holtz se desdobra em diversos personagens, canta, improvisa, \u201cconversa\u201d com o autor da obra, brinca e instiga a plateia, al\u00e9m de interagir com o m\u00fasico Federico Puppi \u2013 autor e performer da trilha sonora original, com quem divide o palco. A pe\u00e7a, que j\u00e1 soma mais de 350 apresenta\u00e7\u00f5es e um p\u00fablico de quase 160 mil espectadores, recebeu 22 indica\u00e7\u00f5es e ganhou os pr\u00eamios Shell e APTR de melhor atriz para Holtz e APTR de melhor m\u00fasica para Federico Puppi.<\/p>\n<p>Os ingressos para as apresenta\u00e7\u00f5es podem ser adquiridos no site\u00a0<a href=\"http:\/\/sesc-rs.com.br\/espetaculosculturais\" target=\"_blank\" rel=\"noreferrer noopener\">www.sesc-rs.com.br\/espetaculosculturais<\/a>\u00a0ou diretamente nas Unidades do Sesc\/RS. Outras informa\u00e7\u00f5es podem ser obtidas com as Unidades das respectivas cidades.<\/p>\n<p><strong>Vera Holtz em \u201cFic\u00e7\u00f5es\u201d \u2013 Sesc\/RS<\/strong><br \/>\n<strong>Gravata\u00ed<\/strong><br \/>\n<strong>Data:\u00a0<\/strong>12\/03 (quinta-feira)<br \/>\n<strong>Hor\u00e1rio:<\/strong>\u00a020h<br \/>\n<strong>Local:\u00a0<\/strong>Teatro do Sesc Gravata\u00ed (Rua An\u00e1pio Gomes, 1241)<br \/>\n<strong>Ingressos:<\/strong>\u00a0Pelo site\u00a0<a href=\"http:\/\/www.sesc-rs.com.br\/espetaculosculturais\" target=\"_blank\" rel=\"noreferrer noopener\">www.sesc-rs.com.br\/espetaculosculturais<\/a>\u00a0ou diretamente na Unidade<\/p>\n<p><strong>Caxias do Sul<\/strong><br \/>\n<strong>Data:\u00a0<\/strong>14\/03 (s\u00e1bado)<br \/>\n<strong>Hor\u00e1rio:\u00a0<\/strong>20h<br \/>\n<strong>Local:\u00a0<\/strong>Teatro Municipal Pedro Parenti (Rua Dr. Montaury, 1333 \u2013 Centro)<br \/>\n<strong>Ingressos:<\/strong>\u00a0Pelo site\u00a0<a href=\"http:\/\/www.sesc-rs.com.br\/espetaculosculturais\" target=\"_blank\" rel=\"noreferrer noopener\">www.sesc-rs.com.br\/espetaculosculturais<\/a>\u00a0ou diretamente na Unidade<\/p>\n<p><strong>Passo Fundo<\/strong><br \/>\n<strong>Data:\u00a0<\/strong>16\/03 (segunda-feira)<br \/>\n<strong>Hor\u00e1rio:<\/strong>\u00a020h<br \/>\n<strong>Local:\u00a0<\/strong>Teatro do Sesc Passo Fundo (Av. Brasil, 30)<br \/>\n<strong>Ingressos:<\/strong>\u00a0Pelo site\u00a0<a href=\"http:\/\/www.sesc-rs.com.br\/espetaculosculturais\" target=\"_blank\" rel=\"noreferrer noopener\">www.sesc-rs.com.br\/espetaculosculturais<\/a>\u00a0ou diretamente na Unidade<\/p>\n<p><strong>Iju\u00ed<\/strong><br \/>\n<strong>Data:<\/strong>\u00a019\/03 (quinta-feira)<br \/>\n<strong>Hor\u00e1rio:\u00a0<\/strong>20h<strong>Local:\u00a0<\/strong>Teatro do Sesc Iju\u00ed (R. Crisanto Leite, 202 \u2013 Centro)<br \/>\n<strong>Ingressos:<\/strong>\u00a0Pelo site\u00a0<a href=\"http:\/\/www.sesc-rs.com.br\/espetaculosculturais\" target=\"_blank\" rel=\"noreferrer noopener\">www.sesc-rs.com.br\/espetaculosculturais<\/a>\u00a0ou diretamente na Unidade<\/p>\n<p><strong>Carazinho<\/strong><br \/>\n<strong>Data:\u00a0<\/strong>21\/03 (s\u00e1bado)<br \/>\n<strong>Hor\u00e1rio:\u00a0<\/strong>20h<br \/>\n<strong>Local:<\/strong>\u00a0Teatro do Sesc Carazinho (Av. Flores da Cunha, 1224 \u2013 Centro)<br \/>\n<strong>Ingressos:<\/strong>\u00a0Pelo site\u00a0<a href=\"http:\/\/www.sesc-rs.com.br\/espetaculosculturais\" target=\"_blank\" rel=\"noreferrer noopener\">www.sesc-rs.com.br\/espetaculosculturais<\/a>\u00a0ou diretamente na Unidade<\/p>\n<p><strong>Canoas<\/strong><br \/>\n<strong>Data:\u00a0<\/strong>24\/03 (ter\u00e7a-feira)<br \/>\n<strong>Hor\u00e1rio:\u00a0<\/strong>20h<br \/>\n<strong>Local:\u00a0<\/strong>Teatro do Sesc Canoas (Av. Guilherme Schell, 5340)<br \/>\n<strong>Ingressos:<\/strong>\u00a0Pelo site\u00a0<a href=\"http:\/\/www.sesc-rs.com.br\/espetaculosculturais\" target=\"_blank\" rel=\"noreferrer noopener\">www.sesc-rs.com.br\/espetaculosculturais<\/a>\u00a0ou diretamente na Unidade<\/p>\n<p><strong>Montenegro<\/strong><br \/>\n<strong>Data:\u00a0<\/strong>26\/03 (quinta-feira)<br \/>\n<strong>Hor\u00e1rio:<\/strong>\u00a020h<br \/>\n<strong>Local:\u00a0<\/strong>Teatro Roberto Athayde Cardona (Rua Capit\u00e3o Cruz, 2150 \u2013 Centro)<br \/>\n<strong>Ingressos:<\/strong>\u00a0Pelo site\u00a0<a href=\"http:\/\/www.sesc-rs.com.br\/espetaculosculturais\" target=\"_blank\" rel=\"noreferrer noopener\">www.sesc-rs.com.br\/espetaculosculturais<\/a>\u00a0ou diretamente na Unidade<\/p>\n<p>&nbsp;<\/p>\n<\/div>\n<\/div>\n<\/div>\n","protected":false},"excerpt":{"rendered":"<p>Ap\u00f3s temporadas de sucesso e turn\u00eas lotadas pelo Brasil, o espet\u00e1culo teatral\u00a0\u201cFic\u00e7\u00f5es\u201d, estrelado por uma das maiores atrizes brasileiras,\u00a0Vera Holtz, retorna ao Rio Grande do &hellip; <\/p>\n","protected":false},"author":2,"featured_media":40035,"comment_status":"closed","ping_status":"closed","sticky":false,"template":"","format":"standard","meta":{"footnotes":""},"categories":[2],"tags":[],"class_list":["post-40034","post","type-post","status-publish","format-standard","has-post-thumbnail","hentry","category-noticias","latest_post"],"_links":{"self":[{"href":"https:\/\/gilpimentel.com.br\/site\/wp-json\/wp\/v2\/posts\/40034","targetHints":{"allow":["GET"]}}],"collection":[{"href":"https:\/\/gilpimentel.com.br\/site\/wp-json\/wp\/v2\/posts"}],"about":[{"href":"https:\/\/gilpimentel.com.br\/site\/wp-json\/wp\/v2\/types\/post"}],"author":[{"embeddable":true,"href":"https:\/\/gilpimentel.com.br\/site\/wp-json\/wp\/v2\/users\/2"}],"replies":[{"embeddable":true,"href":"https:\/\/gilpimentel.com.br\/site\/wp-json\/wp\/v2\/comments?post=40034"}],"version-history":[{"count":1,"href":"https:\/\/gilpimentel.com.br\/site\/wp-json\/wp\/v2\/posts\/40034\/revisions"}],"predecessor-version":[{"id":40036,"href":"https:\/\/gilpimentel.com.br\/site\/wp-json\/wp\/v2\/posts\/40034\/revisions\/40036"}],"wp:featuredmedia":[{"embeddable":true,"href":"https:\/\/gilpimentel.com.br\/site\/wp-json\/wp\/v2\/media\/40035"}],"wp:attachment":[{"href":"https:\/\/gilpimentel.com.br\/site\/wp-json\/wp\/v2\/media?parent=40034"}],"wp:term":[{"taxonomy":"category","embeddable":true,"href":"https:\/\/gilpimentel.com.br\/site\/wp-json\/wp\/v2\/categories?post=40034"},{"taxonomy":"post_tag","embeddable":true,"href":"https:\/\/gilpimentel.com.br\/site\/wp-json\/wp\/v2\/tags?post=40034"}],"curies":[{"name":"wp","href":"https:\/\/api.w.org\/{rel}","templated":true}]}}