{"id":39810,"date":"2026-03-10T00:45:03","date_gmt":"2026-03-10T03:45:03","guid":{"rendered":"https:\/\/gilpimentel.com.br\/site\/?p=39810"},"modified":"2026-03-09T20:25:30","modified_gmt":"2026-03-09T23:25:30","slug":"fantaspoa-divulga-programacao-de-longas-metragens-de-sua-22a-edicao","status":"publish","type":"post","link":"https:\/\/gilpimentel.com.br\/site\/fantaspoa-divulga-programacao-de-longas-metragens-de-sua-22a-edicao\/","title":{"rendered":"FANTASPOA DIVULGA PROGRAMA\u00c7\u00c3O DE LONGAS-METRAGENS DE SUA 22\u00aa EDI\u00c7\u00c3O"},"content":{"rendered":"<p>O mais importante festival latino-americano de cinema fant\u00e1stico acontece entre os dias 8 e 26 de abril, em Porto Alegre<\/p>\n<p>O Fantaspoa &#8211; Festival Internacional de Cinema Fant\u00e1stico de Porto Alegre &#8211; retorna \u00e0s telas da capital ga\u00facha entre os dias 8 e 26 de abril, reafirmando seu protagonismo como uma das principais janelas de exibi\u00e7\u00e3o do cinema de g\u00eanero mundial. Em sua 22\u00aa edi\u00e7\u00e3o, o evento celebra duas efem\u00e9rides fundamentais da hist\u00f3ria do cinema fant\u00e1stico: os 50 anos de Carrie, A Estranha, dirigido por Brian De Palma, e o centen\u00e1rio de Fausto, cl\u00e1ssico expressionista de F. W. Murnau. A identidade visual da 22\u00aa edi\u00e7\u00e3o presta homenagem \u00e0 for\u00e7a imag\u00e9tica e simb\u00f3lica de Carrie. A arte do cartaz foi criada pela artista visual Elizabeth Schuch, que tamb\u00e9m atua como diretora de arte do festival. Inspirando-se no impacto visual e emocional do cl\u00e1ssico de 1976, Elizabeth desenvolveu uma proposta est\u00e9tica que dialoga com o horror psicol\u00f3gico e com a intensidade dram\u00e1tica que transformaram o filme em um marco do g\u00eanero. A homenagem reafirma o compromisso do Fantaspoa com a mem\u00f3ria do cinema fant\u00e1stico e sua constante reinven\u00e7\u00e3o.<\/p>\n<p>Como j\u00e1 \u00e9 tradi\u00e7\u00e3o, o festival ter\u00e1 in\u00edcio com uma sess\u00e3o musicada especial. No dia 8 de abril, a abertura oficial acontecer\u00e1 com a exibi\u00e7\u00e3o de Fausto (1926), obra-prima do expressionismo alem\u00e3o dirigida por F. W. Murnau, que completa 100 anos. O evento ocorrer\u00e1 no Instituto Ling e ser\u00e1 conduzido pelo violonista e compositor argentino, Germ\u00e1n Suane, que apresentar\u00e1 trilha especialmente composta para a ocasi\u00e3o.<\/p>\n<p>A 22\u00aa edi\u00e7\u00e3o do Fantaspoa apresentar\u00e1 uma programa\u00e7\u00e3o robusta, com a exibi\u00e7\u00e3o de 200 filmes em competi\u00e7\u00e3o, sendo 81 longas-metragens e 119 curtas-metragens, al\u00e9m de sess\u00f5es especiais, palestras, masterclasses, debates e festas \u2013 incluindo a j\u00e1 cl\u00e1ssica Festa no Barco \u00e0 Fantasia. Entre os longas-metragens selecionados, o festival apresentar\u00e1 10 premi\u00e8res mundiais, oito premi\u00e8res internacionais, 42 premi\u00e8res latino-americanas, 11 nacionais e 10 regionais, com produ\u00e7\u00f5es oriundas de 41 pa\u00edses. Os n\u00fameros evidenciam a relev\u00e2ncia do Fantaspoa no circuito global e a confian\u00e7a crescente da ind\u00fastria internacional na curadoria do evento, que estar\u00e1 apresentando filmes que circularam pelos mais celebrados festivais do mundo, como Berlinale, Viennale, Festival de Cannes, Toronto, Rotterdam, Sitges, Annecy, Mar del Plata, South by Southwest, Sundance, Mostra de S\u00e3o Paulo, Fantastic Fest, Sitges, Karlovy Vary, Fantasia, Fantasporto, Tallinn Black Nights e BAFICI.<\/p>\n<p>Entre os convidados j\u00e1 confirmados para o evento est\u00e3o nomes como Meekaaeel Adam, Clarissa Appelt, Oliver Bernsen, Jay Arden Black, Thales Banzai, Omar Calvo, Mauricio Chernovetzki, Abril Cicala, Daniel Dias, Aaron Fisher, Tom\u00e1s Fleck, Diego Fuentes, Ritesh Gupta, Natasha Halevi, Karen Lam, Kate Kroll, Kapel Furman, Dean Francis, Diane Guerrero, Sean Gunn, Aleksandra Hansen, Luke Jaden, Rodrigo Lages, Sasha Lane, Kyle Mangione-Smith, Matheus Marchetti, Margaret Miller, Trevor O\u2019Neil, Carolina Paiz, Chris Marrs Piliero, Cristian Ponce, Juan Pablo Raba, Pedro Rivero, Odeya Rush, Decker Sadowski, Pascal Schuh, Alberto Sciamma, Diego Velasco, Richard E. Williams, James C. Williamson. O 22\u00ba Fantaspoa \u00e9 uma apresenta\u00e7\u00e3o do Minist\u00e9rio da Cultura, da Fantaspoa Produ\u00e7\u00f5es e do Instituto Ling, e conta com patroc\u00ednio da Crown Embalagens e do Banrisul.<\/p>\n<p>Abaixo, a lista completa de longas-metragens presentes na programa\u00e7\u00e3o do 22\u00ba Fantaspoa:<\/p>\n<p>ACAMPAMENTO (dir. Avalon Fast. 2025, 111 min, Canad\u00e1, Premi\u00e8re Latino-Americana)<\/p>\n<p>ADOR\u00c1VEIS HUMANOS (dir. Anders Jon, Michael Kunov, Kasper Juhl, Michael Panduro. 2025, 117 min, Dinamarca, Premi\u00e8re Nacional)<\/p>\n<p>ANIMAIS DA TERRA (dir. Luke Jaden. 2026, Estados Unidos, Premi\u00e8re Mundial)<\/p>\n<p>ANT\u00d4NIO ODISSEIA (dir. Thales Banzai. 2026, 105 min, Brasil, Estados Unidos, Premi\u00e8re Latino-Americana)<\/p>\n<p>APOFEN\u00cdACOS (dir. Chris Marrs Piliero. 2025, 90 min, Estados Unidos, Premi\u00e8re Latino-Americana)<\/p>\n<p>\u00c1RBITRO, O (dir. Marc Price. 2025, 110 min, Reino Unido, Premi\u00e8re Internacional)<\/p>\n<p>ASSOVIADOR, O (dir. Diego Velasco. 2026, 102 min, Venezuela, Estados Unidos, Premi\u00e8re Mundial)<\/p>\n<p>BAGWORM (dir. Oliver Bernsen. 2025, 96 min, Estados Unidos, Premi\u00e8re Latino-Americana)<\/p>\n<p>BAIRRO TRISTE (dir. STILLZ. 2025, 84 min, Col\u00f4mbia, Estados Unidos, Premi\u00e8re Regional)<\/p>\n<p>BLUEBIRD (dir. Jay Arden Black. 2026, 91 min, Estados Unidos, Premi\u00e8re Mundial)<\/p>\n<p>BODY BLOW (dir. Dean Francis. 2025, 99 min, Austr\u00e1lia, Premi\u00e8re Regional)<\/p>\n<p>BUFFET LIVRE (dir. Zoe Berriat\u00faa. 2025, 110 min, Espanha, Premi\u00e8re Latino-Americana)<\/p>\n<p>BULK (dir. Ben Wheatley. 2025, 90 min, Reino Unido, Premi\u00e8re Latino-Americana)<\/p>\n<p>CARNE MATA (dir. Martijn Smits. 2025, 86 min, Pa\u00edses Baixos, Premi\u00e8re Latino-Americana)<\/p>\n<p>CATIVEIRO (dir. Sebastian Jimenez Franco, Omar Calvo. 2026, 80 min, Panam\u00e1, Premi\u00e8re Mundial)<\/p>\n<p>CERCA, A (dir. Dmitry Davydov. 2025, 92 min, R\u00fassia, Premi\u00e8re Nacional)<\/p>\n<p>CIDADE PROIBIDA, A (dir. Gabriele Mainetti. 2025, 139 min, It\u00e1lia, Premi\u00e8re Latino-Americana)<\/p>\n<p>CIELO (dir. Alberto Sciamma. 2025, 109 min, Bol\u00edvia, Reino Unido, Premi\u00e8re Regional)<\/p>\n<p>COMPLIANCE (dir. Kyle Mangione-Smith. 2026, 104 min, Estados Unidos, Premi\u00e8re Mundial)<\/p>\n<p>CORA\u00c7\u00c3O DAS TREVAS (dir. Rog\u00e9rio Andrade Nunes. 2025, 82 min, Brasil, Fran\u00e7a, Premi\u00e8re Regional)<\/p>\n<p>COVIL (dir. Rodrigo Lages. 2026, 93 min, Brasil, Premi\u00e8re Mundial)<\/p>\n<p>CRAMPS: UMA OBRA DE \u00c9POCA, THE (dir. Brooke H Cellars. 2025, 90 min, Estados Unidos, Premi\u00e8re Internacional)<\/p>\n<p>DEAD EYES (dir. Richard E. Williams. 2026, 81 min, Austr\u00e1lia, Premi\u00e8re Latino-Americana)<\/p>\n<p>DEATHGASM 2: GOREMAGEDDON (dir. Jason Lei Howden. 2025, 102 min, Nova Zel\u00e2ndia, Premi\u00e8re Nacional)<\/p>\n<p>DEATHSTALKER: O GUERREIRO INVENC\u00cdVEL (dir. Steven Kostanski. 2025, 102 min, Canad\u00e1, Premi\u00e8re Nacional)<\/p>\n<p>DEBAIXO DO SOL ESCALDANTE (dir. Yun Xie. 2025, 65 min, Estados Unidos, Premi\u00e8re Latino-Americana)<\/p>\n<p>DUELO ESCOLAR, O (dir. Todd Wiseman Jr.. 2024, 90 min, Estados Unidos, Premi\u00e8re Latino-Americana)<\/p>\n<p>ENCANTADOR (dir. Jos\u00e9 Mar\u00eda Cicala. 2025, 96 min, Argentina, Premi\u00e8re Latino-Americana)<\/p>\n<p>ESTRADA PARA O ARMAGEDDON (dir. Karen Lam. 2026, 85 min, Canad\u00e1, Premi\u00e8re Mundial)<\/p>\n<p>ESTRANGEIRA (dir. Ava Maria Safai. 2025, 80 min, Canad\u00e1, Premi\u00e8re Latino-Americana)<\/p>\n<p>EX\u00cdLIO (dir. Mehdi Hmili. 2025, 88 min, Luxemburgo, Catar, Fran\u00e7a, Ar\u00e1bia Saudita, Tun\u00edsia, Premi\u00e8re Latino-Americana)<\/p>\n<p>F\u00c1BULA (dir. Michiel ten Horn. 2025, 125 min, Pa\u00edses Baixos, B\u00e9lgica, Alemanha Premi\u00e8re Regional)<\/p>\n<p>FREQU\u00caNCIA KIRLIAN: O FILME, A (dir. Cristian Ponce. 2025, 90 min, Argentina, Premi\u00e8re Nacional)<\/p>\n<p>GAUA (dir. Paul Urkijo. 2025, 87 min, Espanha, Estados Unidos, Premi\u00e8re Latino-Americana)<\/p>\n<p>GAROTA BARBADA, A (dir. Jody Wilson. 2025, 101 min, Canad\u00e1, Premi\u00e8re Internacional)<\/p>\n<p>GODZILLA EM SANTA F\u00c9 (dir. Alexander Dur\u00e9. 2025, 65 min, Argentina, Premi\u00e8re Nacional)<\/p>\n<p>GOSH!! (dir. Joe Odagiri. 2025, 98 min, Jap\u00e3o, Premi\u00e8re Internacional)<\/p>\n<p>GRAVIDADE (dir. Leo Tabosa. 2025, 62 min, Brasil, Premi\u00e8re Regional)<\/p>\n<p>HERAN\u00c7A DE NARCISA (dir. Clarissa Appelt, Daniel Dias. 2025, 85 min, Brasil, Premi\u00e8re Regional)<\/p>\n<p>IAI (dir. Zenzo Sakai. 2026, 90 min, Jap\u00e3o, Premi\u00e8re Latino-Americana)<\/p>\n<p>IMPOSTORES (dir. Caleb Phillips. 2026, 102 min, Estados Unidos, Premi\u00e8re Internacional)<\/p>\n<p>INFI\u00c9IS, OS (dir. Tom\u00e1s Fleck. 2025, 87 min, Brasil, Premi\u00e8re Latino-Americana)<\/p>\n<p>INTERIOR (dir. Pascal Schuh. 2025, 96 min, Alemanha, Premi\u00e8re Latino-Americana)<\/p>\n<p>JOGO DOS FANTASMAS, O (dir. Dong-wan Son. 2025, 94 min, Coreia do Sul, Premi\u00e8re Latino-Americana)<\/p>\n<p>JORNADA SEM FIM, A (dir. Xiang Chen. 2025, 93 min, China, Premi\u00e8re Latino-Americana)<\/p>\n<p>KARMADONNA (dir. Aleksandar Radivojevic. 2025, 118 min, S\u00e9rvia, Premi\u00e8re Latino-Americana)<\/p>\n<p>LABIRINTO DOS GAROTOS PERDIDOS (dir. Matheus Marchetti. 2025, 82 min, Brasil, Premi\u00e8re Regional)<\/p>\n<p>LEVITANDO (dir. Wregas Bhanuteja. 2026, 119 min, Indon\u00e9sia, Singapura, Taiwan, Fran\u00e7a, Premi\u00e8re Latino-Americana)<\/p>\n<p>LIFE AT SANDY&#8217;S (dir. Aleksandra Hansen. 2026, 75 min, Noruega, Estados Unidos, Premi\u00e8re Mundial)<\/p>\n<p>LOUCURA NOS BASTIDORES (dir. Amanbek Azhymat. 2025, 80 min, Quirguist\u00e3o, Premi\u00e8re Latino-Americana)<\/p>\n<p>LUA ROSA: A 7\u00aa ASCEN\u00c7\u00c3O DE ATABEY (dir. Omar Rodr\u00edguez-L\u00f3pez. 2025, 115 min, Porto Rico, M\u00e9xico, Alemanha, Premi\u00e8re Nacional)<\/p>\n<p>LUCID (dir. Deanna Milligan, Ramsey Fendall. 2025, 108 min, Canad\u00e1, Premi\u00e8re Latino-Americana)<\/p>\n<p>LUGER (dir. Bruno Mart\u00edn. 2025, 95 min, Espanha, Premi\u00e8re Nacional)<\/p>\n<p>MAD MASKS (dir. Nagano, Katsuya Arai. 2025, 73 min, Jap\u00e3o, Premi\u00e8re Latino-Americana)<\/p>\n<p>MAG MAG (dir. Yuriyan Retriever. 2025, 112 min, Jap\u00e3o, Premi\u00e8re Nacional)<\/p>\n<p>MALDI\u00c7\u00c3O, A (dir. Kenichi Ugana. 2025, 94 min, Jap\u00e3o, Premi\u00e8re Latino-Americana)<\/p>\n<p>MALDITA MESA TURCA (dir. Can Evrenol. 2025, 90 min, Turquia, Premi\u00e8re Nacional)<\/p>\n<p>MARAMA (dir. Taratoa Stappard. 2025, 90 min, Nova Zel\u00e2ndia, Reino Unido, Premi\u00e8re Latino-Americana)<\/p>\n<p>MARIDO ERRADO (dir. Zacharias Kunuk. 2025, 100 min, Canad\u00e1, Premi\u00e8re Latino-Americana)<\/p>\n<p>M\u00c1SCARA VERMELHA, A (dir. Ritesh Gupta. 2025, 91 min, Estados Unidos, Premi\u00e8re Latino-Americana)<\/p>\n<p>MATAPANKI (dir. Diego &#8220;Mapache&#8221; Fuentes Badilla. 2026, 71 min, Chile, Premi\u00e8re Nacional)<\/p>\n<p>MULHER CHAMADA M\u00c3E, UMA (dir. Randolph Zaini. 2025, 119 min, Indon\u00e9sia, Premi\u00e8re Latino-Americana)<\/p>\n<p>NA BOCA (dir. Cory Santilli. 2025, 83 min, Estados Unidos, Premi\u00e8re Internacional)<\/p>\n<p>NINHO (dir. Chlo\u00e9 Cinq-Mars. 2025, 103 min, Canad\u00e1, Premi\u00e8re Latino-Americana)<\/p>\n<p>OLIVIA E AS NUVENS (dir. Tom\u00e1s Pichardo Espaillat. 2024, 80 min, Rep\u00fablica Dominicana, Premi\u00e8re Regional)<\/p>\n<p>PELE DA SERPENTE, A (dir. Alice Maio Mackay. 2025, 83 min, Austr\u00e1lia, Premi\u00e8re Nacional)<\/p>\n<p>PEEPING TODD (dir. Josh Munds. 2025, 87 min, Estados Unidos, Premi\u00e8re Internacional)<\/p>\n<p>PERIGO EM PINCER POINT, O (dir. Jake Kuhn, Noah Stratton-Twine. 2026, 83 min, Reino Unido, Premi\u00e8re Latino-Americana)<\/p>\n<p>QUINZE (dir. Yossy Zagha, Jack Zagha. 2026, 97 min, M\u00e9xico, Argentina, Premi\u00e8re Latino-Americana)<\/p>\n<p>REMANENTE: VOLTAGEM (dir. Kapel Furman. 2026, 84 min, Brasil, Premi\u00e8re Mundial)<\/p>\n<p>RETIRO CORPORATIVO (dir. Aaron Fisher. 2026, 89 min, Estados Unidos, Premi\u00e8re Latino-Americana)<\/p>\n<p>SACRIF\u00cdCIOS (dir. Mauricio Chernovetzky. 2025, 91 min, M\u00e9xico, Premi\u00e8re Latino-Americana)<\/p>\n<p>SUNSHINE EXPRESS (dir. Amirali Navaee. 2025, 100 min, Ir\u00e3, Premi\u00e8re Latino-Americana)<\/p>\n<p>TEATRO EST\u00c1 MORTO, O (dir. Katherine Dudas. 2025, 86 min, Estados Unidos, Premi\u00e8re Latino-Americana)<\/p>\n<p>TRAVESSIA, A (dir. Meekaaeel Adam. 2026, 105 min, \u00c1frica do Sul, Premi\u00e8re Latino-Americana)<\/p>\n<p>TRILHA DO LOBO, A (dir. \u00c1ngeles Hern\u00e1ndez. 2026, 110 min, Espanha, Premi\u00e8re Internacional)<\/p>\n<p>VILE, THE (dir. Majid Al Ansari. 2025, 97 min, Emirados \u00c1rabes Unidos, Premi\u00e8re Latino-Americana)<\/p>\n<p>VIOLENCE (dir. Connor Marsden. 2025, 82 min, Canad\u00e1, Premi\u00e8re Latino-Americana)<\/p>\n<p>VIRTUOSAS (dir. C\u00edntia Domit Bittar. 2025, 90 min, Brasil, Premi\u00e8re Regional)<\/p>\n<p>VOC\u00ca \u00c9 O FILME (dir. Makoto Ueda. 2026, 60 min, Jap\u00e3o, Premi\u00e8re Latino-Americana)<\/p>\n<p>VOZES DE NOSSA M\u00c3E, AS (dir. Mark O&#8217;Brien. 2026, 93 min, Canad\u00e1, Premi\u00e8re Mundial)<\/p>\n<p>Imagens selecionadas dos filmes e cartazes dispon\u00edveis no link:<\/p>\n<p>https:\/\/drive.google.com\/drive\/folders\/1X7uIvvq4Y2Nehn5YESa2mj9UBKi9kTAg?usp=sharing<\/p>\n<p>O trailer oficial da programa\u00e7\u00e3o do 22\u00ba Fantaspoa est\u00e1 dispon\u00edvel no canal de Youtube do festival:<\/p>\n<p><iframe title=\"Trailer XXII Fantaspoa (2026)\" width=\"790\" height=\"444\" data-src=\"https:\/\/www.youtube.com\/embed\/vePHudyxOwI?feature=oembed\" frameborder=\"0\" allow=\"accelerometer; autoplay; clipboard-write; encrypted-media; gyroscope; picture-in-picture; web-share\" referrerpolicy=\"strict-origin-when-cross-origin\" allowfullscreen src=\"data:image\/svg+xml;base64,PHN2ZyB3aWR0aD0iMSIgaGVpZ2h0PSIxIiB4bWxucz0iaHR0cDovL3d3dy53My5vcmcvMjAwMC9zdmciPjwvc3ZnPg==\" class=\"lazyload\" data-load-mode=\"1\"><\/iframe><\/p>\n<p>22\u00ba Fantaspoa \u2013 Festival Internacional de Cinema Fant\u00e1stico de Porto Alegre<\/p>\n<p>De 8 a 26 de abril de 2026<\/p>\n<p>Nos cinemas<\/p>\n<p>O 22\u00ba Fantaspoa \u00e9 uma apresenta\u00e7\u00e3o do Minist\u00e9rio da Cultura, Fantaspoa Produ\u00e7\u00f5es e do Instituto Ling, com patroc\u00ednio da Crown Embalagens e do Banrisul<\/p>\n<p>Redes do festival:<\/p>\n<p>https:\/\/www.instagram.com\/fantaspoa\/<\/p>\n<p>https:\/\/www.facebo<\/p>\n<p>ok.com\/Fantaspoa<\/p>\n<p>&nbsp;<\/p>\n<p>&nbsp;<\/p>\n<p>&nbsp;<\/p>\n","protected":false},"excerpt":{"rendered":"<p>O mais importante festival latino-americano de cinema fant\u00e1stico acontece entre os dias 8 e 26 de abril, em Porto Alegre O Fantaspoa &#8211; Festival Internacional &hellip; <\/p>\n","protected":false},"author":2,"featured_media":39811,"comment_status":"closed","ping_status":"closed","sticky":false,"template":"","format":"standard","meta":{"footnotes":""},"categories":[2],"tags":[],"class_list":["post-39810","post","type-post","status-publish","format-standard","has-post-thumbnail","hentry","category-noticias","latest_post"],"_links":{"self":[{"href":"https:\/\/gilpimentel.com.br\/site\/wp-json\/wp\/v2\/posts\/39810","targetHints":{"allow":["GET"]}}],"collection":[{"href":"https:\/\/gilpimentel.com.br\/site\/wp-json\/wp\/v2\/posts"}],"about":[{"href":"https:\/\/gilpimentel.com.br\/site\/wp-json\/wp\/v2\/types\/post"}],"author":[{"embeddable":true,"href":"https:\/\/gilpimentel.com.br\/site\/wp-json\/wp\/v2\/users\/2"}],"replies":[{"embeddable":true,"href":"https:\/\/gilpimentel.com.br\/site\/wp-json\/wp\/v2\/comments?post=39810"}],"version-history":[{"count":1,"href":"https:\/\/gilpimentel.com.br\/site\/wp-json\/wp\/v2\/posts\/39810\/revisions"}],"predecessor-version":[{"id":39812,"href":"https:\/\/gilpimentel.com.br\/site\/wp-json\/wp\/v2\/posts\/39810\/revisions\/39812"}],"wp:featuredmedia":[{"embeddable":true,"href":"https:\/\/gilpimentel.com.br\/site\/wp-json\/wp\/v2\/media\/39811"}],"wp:attachment":[{"href":"https:\/\/gilpimentel.com.br\/site\/wp-json\/wp\/v2\/media?parent=39810"}],"wp:term":[{"taxonomy":"category","embeddable":true,"href":"https:\/\/gilpimentel.com.br\/site\/wp-json\/wp\/v2\/categories?post=39810"},{"taxonomy":"post_tag","embeddable":true,"href":"https:\/\/gilpimentel.com.br\/site\/wp-json\/wp\/v2\/tags?post=39810"}],"curies":[{"name":"wp","href":"https:\/\/api.w.org\/{rel}","templated":true}]}}