{"id":39065,"date":"2026-09-01T01:30:00","date_gmt":"2026-09-01T04:30:00","guid":{"rendered":"https:\/\/gilpimentel.com.br\/site\/?p=39065"},"modified":"2026-08-31T20:17:52","modified_gmt":"2026-08-31T23:17:52","slug":"opiniao-apresenta-camisa-de-venus","status":"publish","type":"post","link":"https:\/\/gilpimentel.com.br\/site\/opiniao-apresenta-camisa-de-venus\/","title":{"rendered":"OPINI\u00c3O APRESENTA CAMISA DE V\u00caNUS"},"content":{"rendered":"<p>Um dos nomes seminais do rock brasileiro, o Camisa de V\u00eanus vai retornar a Porto Alegre. O grupo liderado pelo vocalista Marcelo Nova subir\u00e1 ao palco do Opini\u00e3o, no dia 26 de setembro, com a turn\u00ea que celebra os 40 anos dos \u00e1lbuns \u201cViva\u201d e \u201cCorrendo o Risco\u201d, obras fundamentais para a consolida\u00e7\u00e3o do g\u00eanero no nosso pa\u00eds.<\/p>\n<p>&nbsp;<\/p>\n<p>A banda vai executar os dois discos na \u00edntegra, resgatando a energia crua que caracteriza a trajet\u00f3ria do Camisa de V\u00eanus na d\u00e9cada de 80. Levando o p\u00fablico de volta \u00e0 \u00e9poca em que a banda conquistou f\u00e3s por causa da for\u00e7a das suas apresenta\u00e7\u00f5es ao vivo, hits como \u201cEu N\u00e3o Matei Joana D\u2019Arc\u201d, \u201cHoje\u201d, \u201cS\u00f3 o Fim\u201d, \u201cSimca Chambord\u201d e \u201cDeus Me D\u00ea Grana\u201d ser\u00e3o os principais destaques do repert\u00f3rio.<\/p>\n<p>&nbsp;<\/p>\n<p>CAMISA DE V\u00caNUS<\/p>\n<p>&nbsp;<\/p>\n<p>Formado em 1980, o Camisa de V\u00eanus rapidamente se destacou como uma das bandas mais provocadoras do rock nacional. Liderado por Marcelo Nova, o grupo baiano ganhou proje\u00e7\u00e3o para al\u00e9m do underground com as suas letras afiadas, a sua postura irreverente e uma sonoridade que ainda agregava atitude punk e cr\u00edtica social.<\/p>\n<p>&nbsp;<\/p>\n<p>O \u00e1lbum \u201cViva\u201d (1986), gravado ao vivo em Santos, se tornou um dos registros mais emblem\u00e1ticos da banda, por captar a for\u00e7a dos seus shows e por eternizar a sua rela\u00e7\u00e3o com o p\u00fablico. No mesmo ano, \u201cCorrendo o Risco\u201d ampliou o alcance do grupo, trazendo can\u00e7\u00f5es que se tornaram refer\u00eancias do rock brasileiro e que ajudaram a definir sua identidade definitiva.<\/p>\n<p>&nbsp;<\/p>\n<p>Ao longo das d\u00e9cadas seguintes, o Camisa de V\u00eanus manteve uma trajet\u00f3ria marcada por idas e vindas, mudan\u00e7as de forma\u00e7\u00e3o e projetos paralelos, mas sem perder a sua ess\u00eancia e a relev\u00e2ncia constru\u00edda h\u00e1 mais de quatro d\u00e9cadas. \u201cAgulha no Palheiro\u201d, de 2021, \u00e9 o seu \u00faltimo trabalho de est\u00fadio.<\/p>\n<p>&nbsp;<\/p>\n<p>SERVI\u00c7O \u2013 CAMISA DE V\u00caNUS<\/p>\n<p>&nbsp;<\/p>\n<p>Onde: Opini\u00e3o (Rua Jos\u00e9 do Patroc\u00ednio, 834)<\/p>\n<p>Quando: 26 de setembro, s\u00e1bado, \u00e0s 21h<\/p>\n<p>Abertura da casa: 19h30<\/p>\n<p>Classifica\u00e7\u00e3o: 16 anos<\/p>\n<p>&nbsp;<\/p>\n<p>Ingressos:<\/p>\n<p>&nbsp;<\/p>\n<p>Lote 1:<\/p>\n<p>Inteira Solid\u00e1ria (todas as pessoas podem comprar mediante a doa\u00e7\u00e3o de 1kg de alimento n\u00e3o perec\u00edvel): R$ 85<\/p>\n<p>Meia-entrada (50% de desconto): R$ 80<\/p>\n<p>Inteira: R$ 160<\/p>\n<p>&nbsp;<\/p>\n<p>Lote 2:<\/p>\n<p>Inteira Solid\u00e1ria (todas as pessoas podem comprar mediante a doa\u00e7\u00e3o de 1kg de alimento n\u00e3o perec\u00edvel): R$ 95<\/p>\n<p>Meia-entrada (50% de desconto): R$ 90<\/p>\n<p>Inteira: R$ 180<\/p>\n<p>&nbsp;<\/p>\n<p>Lote 3:<\/p>\n<p>Inteira Solid\u00e1ria (todas as pessoas podem comprar mediante a doa\u00e7\u00e3o de 1kg de alimento n\u00e3o perec\u00edvel): R$ 105<\/p>\n<p>Meia-entrada (50% de desconto): R$ 100<\/p>\n<p>Inteira: R$ 200<\/p>\n<p>&nbsp;<\/p>\n<p>* Os alimentos dever\u00e3o ser entregues no Opini\u00e3o, no momento da entrada ao evento.<\/p>\n<p>&nbsp;<\/p>\n<p>** Para o benef\u00edcio da meia-entrada (50% de desconto), \u00e9 necess\u00e1ria a apresenta\u00e7\u00e3o da Carteira de Identifica\u00e7\u00e3o Estudantil (CIE) na entrada do espet\u00e1culo. Os documentos aceitos como v\u00e1lidos est\u00e3o determinados na Lei Federal 12.933\/13.<\/p>\n<p>&nbsp;<\/p>\n<p>Demais descontos:<\/p>\n<p>&nbsp;<\/p>\n<p>* 50% para idosos: Lei Federal 10.741\/03 \u2013 obrigat\u00f3ria apresenta\u00e7\u00e3o de identidade ou documento oficial com foto.<\/p>\n<p>* 50% para jovens pertencentes a fam\u00edlias de baixa renda: Lei Federal 12.933\/13 \u2013 obrigat\u00f3ria apresenta\u00e7\u00e3o da Carteira de Identidade Jovem e de documento oficial com foto.<\/p>\n<p>* 50% para pessoas com defici\u00eancia (e acompanhante quando necess\u00e1rio): Lei Federal 12.933\/13 \u2013 obrigat\u00f3ria apresenta\u00e7\u00e3o do Cart\u00e3o de Benef\u00edcio de Presta\u00e7\u00e3o Continuada da Assist\u00eancia Social da Pessoa com Defici\u00eancia ou de documento emitido pelo Instituto Nacional do Seguro Social (INSS).<\/p>\n<p>* 50% para doadores regulares de sangue: Lei Estadual n\u00b0 13.891\/12 \u2013 obrigat\u00f3ria apresenta\u00e7\u00e3o de documento oficial v\u00e1lido e expedido pelos hemocentros\/bancos de sangue.<\/p>\n<p>* 50% para s\u00f3cio do Clube do Assinante ZH.<\/p>\n<p>* 50% para clientes Banrisul (com cart\u00e3o de cr\u00e9dito Visa ou Mastercard) na compra de at\u00e9 quatro ingressos (tanto nas bilheterias f\u00edsicas como na modalidade online).<\/p>\n<p>* 50% para clientes Banrisul, exclusivamente com pagamento no cart\u00e3o Banricompras, limitado \u00e0 compra de at\u00e9 quatro ingressos por cliente (v\u00e1lido somente nas bilheterias f\u00edsicas).<\/p>\n<p>&nbsp;<\/p>\n<p>Pontos de venda:<\/p>\n<p>&nbsp;<\/p>\n<p>Bilheteria oficial (sem taxa de conveni\u00eancia \u2013 somente em dinheiro):<\/p>\n<p>Loja Planeta Surf Bourbon Wallig (Avenida Assis Brasil, 2611)<\/p>\n<p>Hor\u00e1rio de funcionamento: de segunda a s\u00e1bado, das 14h \u00e0s 21h<\/p>\n<p>&nbsp;<\/p>\n<p>Online: www.sympla.com.br\/opiniao<\/p>\n<p>&nbsp;<\/p>\n<p>Informa\u00e7\u00f5es:<\/p>\n<p>www.opiniao.com.br<\/p>\n<p>www.facebook.com\/opiniao.produtora<\/p>\n<p>www.instagram.com\/opiniao<\/p>\n<p>www.twitter.com\/opiniao<\/p>\n<p>(51) 3211-2838<\/p>\n","protected":false},"excerpt":{"rendered":"<p>Um dos nomes seminais do rock brasileiro, o Camisa de V\u00eanus vai retornar a Porto Alegre. O grupo liderado pelo vocalista Marcelo Nova subir\u00e1 ao &hellip; <\/p>\n","protected":false},"author":2,"featured_media":39066,"comment_status":"closed","ping_status":"closed","sticky":false,"template":"","format":"standard","meta":{"footnotes":""},"categories":[2],"tags":[],"class_list":["post-39065","post","type-post","status-publish","format-standard","has-post-thumbnail","hentry","category-noticias","latest_post"],"_links":{"self":[{"href":"https:\/\/gilpimentel.com.br\/site\/wp-json\/wp\/v2\/posts\/39065","targetHints":{"allow":["GET"]}}],"collection":[{"href":"https:\/\/gilpimentel.com.br\/site\/wp-json\/wp\/v2\/posts"}],"about":[{"href":"https:\/\/gilpimentel.com.br\/site\/wp-json\/wp\/v2\/types\/post"}],"author":[{"embeddable":true,"href":"https:\/\/gilpimentel.com.br\/site\/wp-json\/wp\/v2\/users\/2"}],"replies":[{"embeddable":true,"href":"https:\/\/gilpimentel.com.br\/site\/wp-json\/wp\/v2\/comments?post=39065"}],"version-history":[{"count":1,"href":"https:\/\/gilpimentel.com.br\/site\/wp-json\/wp\/v2\/posts\/39065\/revisions"}],"predecessor-version":[{"id":39067,"href":"https:\/\/gilpimentel.com.br\/site\/wp-json\/wp\/v2\/posts\/39065\/revisions\/39067"}],"wp:featuredmedia":[{"embeddable":true,"href":"https:\/\/gilpimentel.com.br\/site\/wp-json\/wp\/v2\/media\/39066"}],"wp:attachment":[{"href":"https:\/\/gilpimentel.com.br\/site\/wp-json\/wp\/v2\/media?parent=39065"}],"wp:term":[{"taxonomy":"category","embeddable":true,"href":"https:\/\/gilpimentel.com.br\/site\/wp-json\/wp\/v2\/categories?post=39065"},{"taxonomy":"post_tag","embeddable":true,"href":"https:\/\/gilpimentel.com.br\/site\/wp-json\/wp\/v2\/tags?post=39065"}],"curies":[{"name":"wp","href":"https:\/\/api.w.org\/{rel}","templated":true}]}}