{"id":38343,"date":"2026-01-23T11:30:34","date_gmt":"2026-01-23T14:30:34","guid":{"rendered":"https:\/\/gilpimentel.com.br\/site\/?p=38343"},"modified":"2026-01-23T13:50:48","modified_gmt":"2026-01-23T16:50:48","slug":"mundo-a-vapor-apresenta-novas-possibilidades-para-eventos-na-serra-gaucha","status":"publish","type":"post","link":"https:\/\/gilpimentel.com.br\/site\/mundo-a-vapor-apresenta-novas-possibilidades-para-eventos-na-serra-gaucha\/","title":{"rendered":"MUNDO A VAPOR APRESENTA NOVAS POSSIBILIDADES PARA EVENTOS NA SERRA GA\u00daCHA"},"content":{"rendered":"<p>Parque tem\u00e1tico de Canela reuniu profissionais do setor para apresentar novos formatos de celebra\u00e7\u00f5es<\/p>\n<p>&nbsp;<\/p>\n<p>Refer\u00eancia no turismo da Serra Ga\u00facha, o Parque Mundo a Vapor iniciou o ano avan\u00e7ando em seu reposicionamento estrat\u00e9gico. No dia 22 de janeiro apresentou ao mercado de eventos corporativos e sociais as novas possibilidades de celebra\u00e7\u00f5es que podem ser realizadas dentro do complexo, antecipando a nova fase do atrativo em Canela (RS). A a\u00e7\u00e3o ocorreu em parceria com Schima Assador e a chef Roberta Rech.<\/p>\n<p>&nbsp;<\/p>\n<p>No encontro com os profissionais, foram destacados a versatilidade dos novos espa\u00e7os, que incluem \u00e1reas abertas, bosque e atra\u00e7\u00f5es que podem ser integradas \u00e0 programa\u00e7\u00e3o personalizada dos eventos, como ensaios pr\u00e9-wedding, casamentos, anivers\u00e1rios, ch\u00e1s revela\u00e7\u00e3o e a\u00e7\u00f5es corporativas sob medida que priorizam originalidade e conex\u00e3o. \u201cO Parque Mundo a Vapor \u00e9 um ambiente que une mem\u00f3ria, lazer e experi\u00eancias sensoriais. Mais do que um parque tem\u00e1tico, sempre foi um lugar de encontros\u201d, destacou a CEO do Mundo a Vapor, Lenise Urbani Travi.<\/p>\n<p>&nbsp;<\/p>\n<p>Para Lenise, eventos marcantes s\u00e3o aqueles em que tudo se conecta, o espa\u00e7o, a gastronomia e as pessoas. \u201cPensar no Parque Mundo a Vapor como cen\u00e1rio para ocasi\u00f5es festivas, sejam sociais ou corporativas, \u00e9 permitir que cada celebra\u00e7\u00e3o se aproprie do espa\u00e7o de forma \u00fanica, com liberdade criativa e experi\u00eancias que fogem do convencional\u201d, acrescentou.<\/p>\n<p>&nbsp;<\/p>\n<p>O Parque Mundo a Vapor completou 34 anos em dezembro, enquanto passa pela maior renova\u00e7\u00e3o e expans\u00e3o de sua hist\u00f3ria. A obra iniciou em abril de 2024, e projeta-se a inaugura\u00e7\u00e3o do novo Parque no primeiro trimestre de 2026.<\/p>\n<p>&nbsp;<\/p>\n<p>A Roda Canela segue em opera\u00e7\u00e3o no complexo, mantendo o parque ativo e conectado ao p\u00fablico, refor\u00e7ando o potencial do local como cen\u00e1rio para experi\u00eancias personalizadas, de encontros intimistas a eventos corporativos.<\/p>\n<p>&nbsp;<\/p>\n<p>Servi\u00e7o<\/p>\n<p>&nbsp;<\/p>\n<p>&#8211; Av. Don Luiz Guanella, 1247 &#8211; (Canela\/RS)<\/p>\n<p>&nbsp;<\/p>\n<p>&#8211; Ingressos www.mundoavapor.com.br<\/p>\n<p>&nbsp;<\/p>\n<p>&#8211; Contato eventos@mundoavapor.com.br<\/p>\n","protected":false},"excerpt":{"rendered":"<p>Parque tem\u00e1tico de Canela reuniu profissionais do setor para apresentar novos formatos de celebra\u00e7\u00f5es &nbsp; Refer\u00eancia no turismo da Serra Ga\u00facha, o Parque Mundo a &hellip; <\/p>\n","protected":false},"author":2,"featured_media":38344,"comment_status":"closed","ping_status":"closed","sticky":false,"template":"","format":"standard","meta":{"footnotes":""},"categories":[2],"tags":[],"class_list":["post-38343","post","type-post","status-publish","format-standard","has-post-thumbnail","hentry","category-noticias","latest_post"],"_links":{"self":[{"href":"https:\/\/gilpimentel.com.br\/site\/wp-json\/wp\/v2\/posts\/38343","targetHints":{"allow":["GET"]}}],"collection":[{"href":"https:\/\/gilpimentel.com.br\/site\/wp-json\/wp\/v2\/posts"}],"about":[{"href":"https:\/\/gilpimentel.com.br\/site\/wp-json\/wp\/v2\/types\/post"}],"author":[{"embeddable":true,"href":"https:\/\/gilpimentel.com.br\/site\/wp-json\/wp\/v2\/users\/2"}],"replies":[{"embeddable":true,"href":"https:\/\/gilpimentel.com.br\/site\/wp-json\/wp\/v2\/comments?post=38343"}],"version-history":[{"count":1,"href":"https:\/\/gilpimentel.com.br\/site\/wp-json\/wp\/v2\/posts\/38343\/revisions"}],"predecessor-version":[{"id":38345,"href":"https:\/\/gilpimentel.com.br\/site\/wp-json\/wp\/v2\/posts\/38343\/revisions\/38345"}],"wp:featuredmedia":[{"embeddable":true,"href":"https:\/\/gilpimentel.com.br\/site\/wp-json\/wp\/v2\/media\/38344"}],"wp:attachment":[{"href":"https:\/\/gilpimentel.com.br\/site\/wp-json\/wp\/v2\/media?parent=38343"}],"wp:term":[{"taxonomy":"category","embeddable":true,"href":"https:\/\/gilpimentel.com.br\/site\/wp-json\/wp\/v2\/categories?post=38343"},{"taxonomy":"post_tag","embeddable":true,"href":"https:\/\/gilpimentel.com.br\/site\/wp-json\/wp\/v2\/tags?post=38343"}],"curies":[{"name":"wp","href":"https:\/\/api.w.org\/{rel}","templated":true}]}}