{"id":38324,"date":"2026-01-23T03:29:31","date_gmt":"2026-01-23T06:29:31","guid":{"rendered":"https:\/\/gilpimentel.com.br\/site\/?p=38324"},"modified":"2026-01-23T11:30:12","modified_gmt":"2026-01-23T14:30:12","slug":"casa-do-salgado-celebra-a-ressaca-de-carnaval-com-festa-em-clima-de-folia-e-abada","status":"publish","type":"post","link":"https:\/\/gilpimentel.com.br\/site\/casa-do-salgado-celebra-a-ressaca-de-carnaval-com-festa-em-clima-de-folia-e-abada\/","title":{"rendered":"CASA DO SALGADO CELEBRA A RESSACA DE CARNAVAL COM FESTA EM CLIMA DE FOLIA E ABAD\u00c1"},"content":{"rendered":"<p>Evento mant\u00e9m viva a energia carnavalesca em uma experi\u00eancia marcada por m\u00fasica, encontro e descontra\u00e7\u00e3o<\/p>\n<p>&nbsp;<\/p>\n<p>A Casa do Salgado apresenta uma edi\u00e7\u00e3o em clima de Ressaca de Carnaval, criada para quem ainda n\u00e3o est\u00e1 pronto para se despedir da folia. A proposta \u00e9 prolongar o esp\u00edrito carnavalesco e transformar o p\u00f3s-Carnaval em um momento de celebra\u00e7\u00e3o, reunindo o p\u00fablico em uma tarde de m\u00fasica, conviv\u00eancia e alegria.<\/p>\n<p>&nbsp;<\/p>\n<p>Inspirada na atmosfera dos blocos e na for\u00e7a do encontro coletivo, a festa entra no clima do Carnaval sem excessos ou r\u00f3tulos, apostando em uma experi\u00eancia leve, vibrante e espont\u00e2nea. O abad\u00e1 refor\u00e7a o senso de unidade entre os participantes e ajuda a criar um ambiente onde a celebra\u00e7\u00e3o acontece de forma natural, guiada pela m\u00fasica e pela troca entre as pessoas.<\/p>\n<p>&nbsp;<\/p>\n<p>Mais do que uma festa tem\u00e1tica, a Casa do Salgado prop\u00f5e um espa\u00e7o de continuidade da folia, valorizando o p\u00f3s-Carnaval como um tempo leg\u00edtimo de encontro e divers\u00e3o. A programa\u00e7\u00e3o foi pensada para manter o ritmo alto ao longo da tarde, convidando o p\u00fablico a dan\u00e7ar, circular e celebrar sem pressa.<\/p>\n<p>&nbsp;<\/p>\n<p>Com expectativa de reunir diferentes p\u00fablicos em um mesmo clima de alegria, a Ressaca de Carnaval da Casa do Salgado reafirma o evento como um ponto de encontro para quem busca viver o Carnaval al\u00e9m do calend\u00e1rio oficial.<\/p>\n<p>&nbsp;<\/p>\n<p>Servi\u00e7o:<\/p>\n<p>&nbsp;<\/p>\n<p>Evento: Casa do Salgado \u2013 Ressaca de Carnaval (com abad\u00e1)<\/p>\n<p>&nbsp;<\/p>\n<p>Data: 28 de fevereiro<\/p>\n<p>&nbsp;<\/p>\n<p>Hor\u00e1rio: A partir das 15h<\/p>\n<p>&nbsp;<\/p>\n<p>Local: Quadra da \u00c1guia de Ouro<\/p>\n<p>&nbsp;<\/p>\n<p>Endere\u00e7o: Avenida Presidente Castelo Branco, 7683 \u2013 V\u00e1rzea da Barra Funda, S\u00e3o Paulo \u2013 SP<\/p>\n<p>&nbsp;<\/p>\n<p>Ingressos: Casa do Salgado &#8211; A festa<\/p>\n","protected":false},"excerpt":{"rendered":"<p>Evento mant\u00e9m viva a energia carnavalesca em uma experi\u00eancia marcada por m\u00fasica, encontro e descontra\u00e7\u00e3o &nbsp; A Casa do Salgado apresenta uma edi\u00e7\u00e3o em clima &hellip; <\/p>\n","protected":false},"author":2,"featured_media":38325,"comment_status":"closed","ping_status":"closed","sticky":false,"template":"","format":"standard","meta":{"footnotes":""},"categories":[2],"tags":[],"class_list":["post-38324","post","type-post","status-publish","format-standard","has-post-thumbnail","hentry","category-noticias","latest_post"],"_links":{"self":[{"href":"https:\/\/gilpimentel.com.br\/site\/wp-json\/wp\/v2\/posts\/38324","targetHints":{"allow":["GET"]}}],"collection":[{"href":"https:\/\/gilpimentel.com.br\/site\/wp-json\/wp\/v2\/posts"}],"about":[{"href":"https:\/\/gilpimentel.com.br\/site\/wp-json\/wp\/v2\/types\/post"}],"author":[{"embeddable":true,"href":"https:\/\/gilpimentel.com.br\/site\/wp-json\/wp\/v2\/users\/2"}],"replies":[{"embeddable":true,"href":"https:\/\/gilpimentel.com.br\/site\/wp-json\/wp\/v2\/comments?post=38324"}],"version-history":[{"count":1,"href":"https:\/\/gilpimentel.com.br\/site\/wp-json\/wp\/v2\/posts\/38324\/revisions"}],"predecessor-version":[{"id":38326,"href":"https:\/\/gilpimentel.com.br\/site\/wp-json\/wp\/v2\/posts\/38324\/revisions\/38326"}],"wp:featuredmedia":[{"embeddable":true,"href":"https:\/\/gilpimentel.com.br\/site\/wp-json\/wp\/v2\/media\/38325"}],"wp:attachment":[{"href":"https:\/\/gilpimentel.com.br\/site\/wp-json\/wp\/v2\/media?parent=38324"}],"wp:term":[{"taxonomy":"category","embeddable":true,"href":"https:\/\/gilpimentel.com.br\/site\/wp-json\/wp\/v2\/categories?post=38324"},{"taxonomy":"post_tag","embeddable":true,"href":"https:\/\/gilpimentel.com.br\/site\/wp-json\/wp\/v2\/tags?post=38324"}],"curies":[{"name":"wp","href":"https:\/\/api.w.org\/{rel}","templated":true}]}}