{"id":38312,"date":"2026-01-23T02:21:56","date_gmt":"2026-01-23T05:21:56","guid":{"rendered":"https:\/\/gilpimentel.com.br\/site\/?p=38312"},"modified":"2026-01-23T11:22:40","modified_gmt":"2026-01-23T14:22:40","slug":"o-som-do-rs-chega-ao-final-apos-nove-meses-de-percurso-fortalecendo-a-cena-musical-brasileira","status":"publish","type":"post","link":"https:\/\/gilpimentel.com.br\/site\/o-som-do-rs-chega-ao-final-apos-nove-meses-de-percurso-fortalecendo-a-cena-musical-brasileira\/","title":{"rendered":"O SOM DO RS CHEGA AO FINAL AP\u00d3S NOVE MESES DE PERCURSO FORTALECENDO A CENA MUSICAL BRASILEIRA\u00a0"},"content":{"rendered":"<p>O projeto parte para sua \u00faltima etapa, em S\u00e3o Paulo, onde todas as bandas e artistas que participaram ir\u00e3o compartilhar experi\u00eancias, ideias e celebrar juntas os resultados alcan\u00e7ados<\/p>\n<p>&nbsp;<\/p>\n<p>De 30 de janeiro a 1 de fevereiro, grupos e artistas que ao longo de 2025 trilharam um lindo percurso com o projeto Som do RS, embarcam para S\u00e3o Paulo, onde ter\u00e3o uma experi\u00eancia na Nave Coletiva, sede da M\u00eddia Ninja. Nesta etapa final, a ideia \u00e9 compartilhar os resultados, celebrar e se instrumentalizar ainda mais artistas e bandas. A viv\u00eancia coletiva envolve showcases, workshops, oficinas, laborat\u00f3rios de cria\u00e7\u00e3o, gastronomia e compartilhamentos de ideias entre os artistas, produtores e agentes culturais brasileiros, al\u00e9m de shows das bandas. A entrada \u00e9 franca e o p\u00fablico pode participar nos dias 31 de janeiro e 1 de fevereiro. O dia 30 \u00e9 reservado para as oficinas formativas com os grupos.<\/p>\n<p>&nbsp;<\/p>\n<p>O Som do RS \u00e9 um programa de valoriza\u00e7\u00e3o da m\u00fasica e das bandas do sul do pa\u00eds. Come\u00e7ou mapeando e cadastrando bandas nas nove regi\u00f5es do RS e oferecendo mentorias ministradas ao vivo pelo streaming com mestres e mestras da MPB, gente que est\u00e1 inserida no mercado da m\u00fasica e que entende muito do assunto, como Pena Schmidt, Dani Ribas, Fernanda Couto, Edson Natale, Dr\u00edade Aguiar e Cristina Baum. O projeto proporcionou ao longo de 2025 um percurso de trocas, em encontros virtuais que abordaram amplo recorte de uma trajet\u00f3ria art\u00edstica, como a produ\u00e7\u00e3o de um evento, plataformas digitais e suas especificidades, dicas de posicionamento no mercado e na m\u00eddia, utilizando como cases o Sof\u00e1 na Rua de Pelotas; o Morrostock e suas a\u00e7\u00f5es sustent\u00e1veis, curadoria e comunica\u00e7\u00e3o em Sta. Maria e, por fim, o Pavilh\u00e3o Ecossustent\u00e1vel da Cultura Hip Hop na Restinga, em Porto Alegre, e sua trajet\u00f3ria at\u00e9 se transformar em um espa\u00e7o cultural de refer\u00eancia.<\/p>\n<p>&nbsp;<\/p>\n<p>Para al\u00e9m desta etapa de qualifica\u00e7\u00e3o, os grupos e artistas selecionados apresentaram shows em Pelotas, Santa Maria e Porto Alegre, vivenciando, na pr\u00e1tica, o que aprenderam nas mentorias. Gabi Lamas (S\u00e3o Louren\u00e7o do Sul), Batuca na Bituca (Taquara), Zilladxg e A Virgo (Novo Hamburgo), Leu Kalunga e Freak Brotherz (Pelotas), Jalile e Camila Balbueno (Porto Alegre), Ch\u00e1 de Broders (Santa Maria), Sotaques de Fronteira (Santana do Livramento), Rap Pampa Crew e C\u00f3digo Penal (Uruguaiana, Sapucaia do Sul), Superv\u00e3o e Miri Brock (S\u00e3o Leopoldo, Santa Maria) participaram do Som do RS 2025\/2026 e ir\u00e3o para a imers\u00e3o final em S\u00e3o Paulo, fechando o projeto. L\u00e1 realizar\u00e3o workshop com a Fabiana Lian da Onestage Lab e oficinas com Pablo Capil\u00e9 (M\u00eddia Ninja e Fora do Eixo), com a banda Banda Flor Et, para estudo de caso da pr\u00f3pria banda, e oficina com Gilmar Dantas, do Festival Su\u00ed\u00e7a Baiana, de Feira de Santana. Dias 31 de janeiro e 1 de fevereiro todas as bandas se apresentam a partir das 16h.<\/p>\n<p>&nbsp;<\/p>\n<p>SOM DO RS \u2013 encerramento do projeto<\/p>\n<p>Dias 31 de janeiro e 1 de fevereiro, a partir das 16h<\/p>\n<p>Nave Coletiva \u2013 M\u00eddia Ninja<\/p>\n<p>&nbsp;<\/p>\n<p>31 de janeiro, a partir das 16h:<\/p>\n<p>Superv\u00e3o<\/p>\n<p>Miri Brock<\/p>\n<p>Freak Brotherz<\/p>\n<p>Leu Kalunga<\/p>\n<p>ZillaDXG<\/p>\n<p>A Virgo<\/p>\n<p>Sotaques de Fronteira<\/p>\n<p>&nbsp;<\/p>\n<p>01 de fevereiro, a partir das 16h:<\/p>\n<p>Gabi Lamas<\/p>\n<p>C\u00f3digo Penal<\/p>\n<p>Rap Pampa Crew<\/p>\n<p>Ch\u00e1 de Broders<\/p>\n<p>Batuca na Bituca<\/p>\n<p>Jalile<\/p>\n<p>Camila Balbueno<\/p>\n<p>&nbsp;<\/p>\n<p>Som do RS \u00e9 financiado com recursos da Pol\u00edtica Nacional Aldir Blanc, repassados pela Uni\u00e3o ao Estado do Rio Grande do Sul<\/p>\n<p>&nbsp;<\/p>\n<p>Rede do projeto:<\/p>\n<p>https:\/\/www.instagram.com\/som_do_rs\/<\/p>\n<p>&nbsp;<\/p>\n<p>Redes parceiras:<\/p>\n<p>Sof\u00e1 na Rua<\/p>\n<p>Morrostock<\/p>\n<p>@florestaativista<\/p>\n<p>@navecoletiva<\/p>\n<p>@som.vc<\/p>\n","protected":false},"excerpt":{"rendered":"<p>O projeto parte para sua \u00faltima etapa, em S\u00e3o Paulo, onde todas as bandas e artistas que participaram ir\u00e3o compartilhar experi\u00eancias, ideias e celebrar juntas &hellip; <\/p>\n","protected":false},"author":2,"featured_media":38313,"comment_status":"closed","ping_status":"closed","sticky":false,"template":"","format":"standard","meta":{"footnotes":""},"categories":[2],"tags":[],"class_list":["post-38312","post","type-post","status-publish","format-standard","has-post-thumbnail","hentry","category-noticias","latest_post"],"_links":{"self":[{"href":"https:\/\/gilpimentel.com.br\/site\/wp-json\/wp\/v2\/posts\/38312","targetHints":{"allow":["GET"]}}],"collection":[{"href":"https:\/\/gilpimentel.com.br\/site\/wp-json\/wp\/v2\/posts"}],"about":[{"href":"https:\/\/gilpimentel.com.br\/site\/wp-json\/wp\/v2\/types\/post"}],"author":[{"embeddable":true,"href":"https:\/\/gilpimentel.com.br\/site\/wp-json\/wp\/v2\/users\/2"}],"replies":[{"embeddable":true,"href":"https:\/\/gilpimentel.com.br\/site\/wp-json\/wp\/v2\/comments?post=38312"}],"version-history":[{"count":1,"href":"https:\/\/gilpimentel.com.br\/site\/wp-json\/wp\/v2\/posts\/38312\/revisions"}],"predecessor-version":[{"id":38314,"href":"https:\/\/gilpimentel.com.br\/site\/wp-json\/wp\/v2\/posts\/38312\/revisions\/38314"}],"wp:featuredmedia":[{"embeddable":true,"href":"https:\/\/gilpimentel.com.br\/site\/wp-json\/wp\/v2\/media\/38313"}],"wp:attachment":[{"href":"https:\/\/gilpimentel.com.br\/site\/wp-json\/wp\/v2\/media?parent=38312"}],"wp:term":[{"taxonomy":"category","embeddable":true,"href":"https:\/\/gilpimentel.com.br\/site\/wp-json\/wp\/v2\/categories?post=38312"},{"taxonomy":"post_tag","embeddable":true,"href":"https:\/\/gilpimentel.com.br\/site\/wp-json\/wp\/v2\/tags?post=38312"}],"curies":[{"name":"wp","href":"https:\/\/api.w.org\/{rel}","templated":true}]}}