{"id":38309,"date":"2026-01-23T02:15:25","date_gmt":"2026-01-23T05:15:25","guid":{"rendered":"https:\/\/gilpimentel.com.br\/site\/?p=38309"},"modified":"2026-01-23T11:21:21","modified_gmt":"2026-01-23T14:21:21","slug":"vacina-avanca-mas-dengue-continua-pressionando-o-sistema-de-saude-no-verao","status":"publish","type":"post","link":"https:\/\/gilpimentel.com.br\/site\/vacina-avanca-mas-dengue-continua-pressionando-o-sistema-de-saude-no-verao\/","title":{"rendered":"VACINA AVAN\u00c7A, MAS DENGUE CONTINUA PRESSIONANDO O SISTEMA DE SA\u00daDE NO VER\u00c3O"},"content":{"rendered":"<p>Especialistas alertam para a\u00e7\u00f5es de preven\u00e7\u00e3o e controle do mosquito<\/p>\n<p>&nbsp;<\/p>\n<p>O ver\u00e3o de 2026 come\u00e7a com autoridades de sa\u00fade em alerta sobre a circula\u00e7\u00e3o da dengue e de outras arboviroses no Brasil, como chikungunya e Zika. As altas temperaturas e o aumento das chuvas criam condi\u00e7\u00f5es favor\u00e1veis \u00e0 prolifera\u00e7\u00e3o do mosquito Aedes aegypti, principal vetor dessas doen\u00e7as, sobretudo em \u00e1reas urbanas.<\/p>\n<p>&nbsp;<\/p>\n<p>Mesmo ap\u00f3s uma redu\u00e7\u00e3o pontual no n\u00famero de casos registrados em determinados per\u00edodos de 2025, em compara\u00e7\u00e3o com 2024, o volume de notifica\u00e7\u00f5es permanece elevado e exerce press\u00e3o sobre os servi\u00e7os de sa\u00fade nos meses mais quentes do ano. A circula\u00e7\u00e3o simult\u00e2nea de diferentes sorotipos do v\u00edrus e a presen\u00e7a de uma parcela significativa da popula\u00e7\u00e3o ainda sem imunidade adequada ampliam o risco de reinfec\u00e7\u00f5es e de quadros mais graves. \u201cO cen\u00e1rio neste ver\u00e3o ainda \u00e9 de aten\u00e7\u00e3o elevada. O v\u00edrus continua circulando intensamente no Brasil, especialmente nas \u00e1reas urbanas, e isso mant\u00e9m o risco ativo\u201d, afirma a infectologista do Hospital S\u00e3o Marcelino Champagnat, Camila Ahrens.<\/p>\n<p>&nbsp;<\/p>\n<p>Dados do Minist\u00e9rio da Sa\u00fade indicam que, nas chamadas semanas epidemiol\u00f3gicas 1 a 9 de 2025 \u2014 que correspondem aproximadamente aos meses de janeiro e fevereiro \u2014, foram registrados mais de 490 mil casos prov\u00e1veis de dengue no Brasil. No mesmo per\u00edodo de 2024, haviam sido notificados cerca de 1,6 milh\u00e3o de casos, o que representa uma redu\u00e7\u00e3o de aproximadamente 69% nessa compara\u00e7\u00e3o. As semanas epidemiol\u00f3gicas s\u00e3o a forma padronizada adotada pela vigil\u00e2ncia em sa\u00fade para acompanhar a evolu\u00e7\u00e3o das doen\u00e7as ao longo do ano, ao dividir o calend\u00e1rio em per\u00edodos de sete dias que permitem compara\u00e7\u00f5es entre anos e regi\u00f5es.<\/p>\n<p>&nbsp;<\/p>\n<p>Apesar da queda nesse intervalo, especialistas alertam que o comportamento da dengue varia ao longo do tempo e depende de fatores como o clima, a circula\u00e7\u00e3o viral e o n\u00edvel de imunidade da popula\u00e7\u00e3o. \u201cA dengue \u00e9 uma doen\u00e7a de comportamento c\u00edclico. Muitas vezes, a redu\u00e7\u00e3o de casos reflete apenas uma pausa tempor\u00e1ria, e n\u00e3o o fim da transmiss\u00e3o. O mosquito continua presente, o v\u00edrus segue circulando e o risco permanece alto\u201d, diz a m\u00e9dica.<\/p>\n<p>&nbsp;<\/p>\n<p>O aumento das temperaturas m\u00e9dias, as chuvas irregulares e a urbaniza\u00e7\u00e3o sem infraestrutura adequada t\u00eam ampliado as \u00e1reas prop\u00edcias \u00e0 transmiss\u00e3o, inclusive em regi\u00f5es que historicamente registravam poucos casos. Falhas no saneamento b\u00e1sico, ac\u00famulo de lixo e ocupa\u00e7\u00f5es urbanas desordenadas contribuem para a manuten\u00e7\u00e3o de criadouros e para a dissemina\u00e7\u00e3o do v\u00edrus. \u201cTemperaturas mais elevadas e o crescimento urbano sem saneamento criam condi\u00e7\u00f5es ideais para a transmiss\u00e3o. Hoje, a dengue deixou de ser s\u00f3 um problema sazonal e se tornou um desafio estrutural de sa\u00fade p\u00fablica\u201d, afirma Camila.<\/p>\n<p>&nbsp;<\/p>\n<p>Vacina marca nova etapa<\/p>\n<p>&nbsp;<\/p>\n<p>Em 2025, a Ag\u00eancia Nacional de Vigil\u00e2ncia Sanit\u00e1ria (Anvisa) aprovou a vacina Butantan-DV, desenvolvida pelo Instituto Butantan. Trata-se do primeiro imunizante do mundo contra a dengue em dose \u00fanica e de produ\u00e7\u00e3o nacional. A vacina foi autorizada para pessoas de 12 a 59 anos, e a expectativa do governo federal \u00e9 incorpor\u00e1-la ao Programa Nacional de Imuniza\u00e7\u00f5es (PNI) a partir de 2026.<\/p>\n<p>&nbsp;<\/p>\n<p>Nos estudos cl\u00ednicos apresentados durante o processo de aprova\u00e7\u00e3o, a vacina demonstrou efic\u00e1cia de cerca de 74,7% contra a dengue sintom\u00e1tica e elevada prote\u00e7\u00e3o contra formas graves da doen\u00e7a, o que pode contribuir para a redu\u00e7\u00e3o de interna\u00e7\u00f5es e mortes associadas ao v\u00edrus. \u201cA vacina \u00e9 um marco importante porque ajuda a reduzir as formas graves, as interna\u00e7\u00f5es e as mortes. Mas ela n\u00e3o elimina o risco de infec\u00e7\u00e3o nem substitui o combate aos mosquitos. \u00c9 uma ferramenta essencial dentro de uma estrat\u00e9gia mais ampla\u201d, ressalta a infectologista.<\/p>\n<p>&nbsp;<\/p>\n<p>A especialista refor\u00e7a que a vacina\u00e7\u00e3o deve ser combinada a a\u00e7\u00f5es permanentes de preven\u00e7\u00e3o, como a elimina\u00e7\u00e3o de recipientes com \u00e1gua parada, o acesso das equipes de vigil\u00e2ncia aos domic\u00edlios e a busca por atendimento precoce diante de sintomas. Autoridades e pesquisadores tamb\u00e9m defendem que o sistema de sa\u00fade precisa se adaptar \u00e0 nova din\u00e2mica das arboviroses, marcada por ciclos mais intensos e menos previs\u00edveis, com o fortalecimento da vigil\u00e2ncia, da aten\u00e7\u00e3o b\u00e1sica e da capacidade de resposta. \u201cO controle da dengue s\u00f3 \u00e9 poss\u00edvel com a\u00e7\u00e3o conjunta e cont\u00ednua. Popula\u00e7\u00e3o e poder p\u00fablico precisam atuar juntos, de forma permanente, e n\u00e3o apenas nos momentos de crise\u201d, conclui.<\/p>\n<p>&nbsp;<\/p>\n<p>Sobre o Hospital S\u00e3o Marcelino Champagnat<\/p>\n<p>&nbsp;<\/p>\n<p>O Hospital S\u00e3o Marcelino Champagnat faz parte do Grupo Marista e nasceu com o compromisso de atender seus pacientes de forma completa e com princ\u00edpios m\u00e9dicos de qualidade e seguran\u00e7a. \u00c9 refer\u00eancia em procedimentos cir\u00fargicos de m\u00e9dia e alta complexidade. Nas especialidades destacam-se: cardiologia, neurocirurgia, ortopedia, cirurgia rob\u00f3tica e cirurgia geral e bari\u00e1trica, al\u00e9m de servi\u00e7os diferenciados de check-up. Planejado para atender a todos os quesitos internacionais de qualidade assistencial, \u00e9 o \u00fanico do Paran\u00e1 certificado pela Joint Commission International (JCI).<\/p>\n","protected":false},"excerpt":{"rendered":"<p>Especialistas alertam para a\u00e7\u00f5es de preven\u00e7\u00e3o e controle do mosquito &nbsp; O ver\u00e3o de 2026 come\u00e7a com autoridades de sa\u00fade em alerta sobre a circula\u00e7\u00e3o &hellip; <\/p>\n","protected":false},"author":2,"featured_media":38310,"comment_status":"closed","ping_status":"closed","sticky":false,"template":"","format":"standard","meta":{"footnotes":""},"categories":[2],"tags":[],"class_list":["post-38309","post","type-post","status-publish","format-standard","has-post-thumbnail","hentry","category-noticias","latest_post"],"_links":{"self":[{"href":"https:\/\/gilpimentel.com.br\/site\/wp-json\/wp\/v2\/posts\/38309","targetHints":{"allow":["GET"]}}],"collection":[{"href":"https:\/\/gilpimentel.com.br\/site\/wp-json\/wp\/v2\/posts"}],"about":[{"href":"https:\/\/gilpimentel.com.br\/site\/wp-json\/wp\/v2\/types\/post"}],"author":[{"embeddable":true,"href":"https:\/\/gilpimentel.com.br\/site\/wp-json\/wp\/v2\/users\/2"}],"replies":[{"embeddable":true,"href":"https:\/\/gilpimentel.com.br\/site\/wp-json\/wp\/v2\/comments?post=38309"}],"version-history":[{"count":1,"href":"https:\/\/gilpimentel.com.br\/site\/wp-json\/wp\/v2\/posts\/38309\/revisions"}],"predecessor-version":[{"id":38311,"href":"https:\/\/gilpimentel.com.br\/site\/wp-json\/wp\/v2\/posts\/38309\/revisions\/38311"}],"wp:featuredmedia":[{"embeddable":true,"href":"https:\/\/gilpimentel.com.br\/site\/wp-json\/wp\/v2\/media\/38310"}],"wp:attachment":[{"href":"https:\/\/gilpimentel.com.br\/site\/wp-json\/wp\/v2\/media?parent=38309"}],"wp:term":[{"taxonomy":"category","embeddable":true,"href":"https:\/\/gilpimentel.com.br\/site\/wp-json\/wp\/v2\/categories?post=38309"},{"taxonomy":"post_tag","embeddable":true,"href":"https:\/\/gilpimentel.com.br\/site\/wp-json\/wp\/v2\/tags?post=38309"}],"curies":[{"name":"wp","href":"https:\/\/api.w.org\/{rel}","templated":true}]}}