{"id":38302,"date":"2026-01-23T05:15:20","date_gmt":"2026-01-23T08:15:20","guid":{"rendered":"https:\/\/gilpimentel.com.br\/site\/?p=38302"},"modified":"2026-01-23T11:37:24","modified_gmt":"2026-01-23T14:37:24","slug":"verao-altas-temperaturas-e-happy-hours-impulsionam-consumo-de-opcoes-leves-e-refrescantes","status":"publish","type":"post","link":"https:\/\/gilpimentel.com.br\/site\/verao-altas-temperaturas-e-happy-hours-impulsionam-consumo-de-opcoes-leves-e-refrescantes\/","title":{"rendered":"VER\u00c3O, ALTAS TEMPERATURAS E HAPPY HOURS IMPULSIONAM CONSUMO DE OP\u00c7\u00d5ES LEVES E REFRESCANTES"},"content":{"rendered":"<p>Vivenda do Camar\u00e3o apresenta card\u00e1pio variado com saladas e petiscos para aproveitar os dias quentes com muito sabor<\/p>\n<p>&nbsp;<\/p>\n<p>Com o ver\u00e3o e as altas temperaturas, os happy hours ganham ainda mais for\u00e7a como um dos principais momentos de consumo fora do lar, impulsionando a busca por op\u00e7\u00f5es mais leves, refrescantes e ideais para compartilhar. Esse comportamento \u00e9 sustentado por dados recentes de mercado que apontam uma mudan\u00e7a clara nas prefer\u00eancias dos brasileiros.<\/p>\n<p>&nbsp;<\/p>\n<p>Segundo pesquisas de comportamento do consumidor, 56% dos brasileiros afirmam que pretendem consumir mais frutas, legumes e verduras nos pr\u00f3ximos meses, evidenciando uma aten\u00e7\u00e3o crescente \u00e0 alimenta\u00e7\u00e3o equilibrada e ao bem-estar. Esse movimento vem acompanhado de uma demanda em alta por peixes e frutos do mar, que se destacam entre as prefer\u00eancias de consumo em 2025, especialmente em ocasi\u00f5es informais, como encontros entre amigos e happy hours ap\u00f3s o trabalho.<\/p>\n<p>&nbsp;<\/p>\n<p>Nesse cen\u00e1rio, op\u00e7\u00f5es que combinam sabor, leveza e praticidade ganham protagonismo durante a esta\u00e7\u00e3o mais quente do ano. Os petiscos \u00e0 base de camar\u00e3o surgem como escolha ideal para o happy hour de ver\u00e3o, enquanto as saladas especiais com frutos do mar atendem ao consumidor que busca refei\u00e7\u00f5es mais frescas, sem abrir m\u00e3o de uma experi\u00eancia gastron\u00f4mica prazerosa.<\/p>\n<p>&nbsp;<\/p>\n<p>Alinhada a essas tend\u00eancias, a Vivenda do Camar\u00e3o refor\u00e7a sua presen\u00e7a como destino para quem deseja aproveitar os momentos de descontra\u00e7\u00e3o do ver\u00e3o, do happy hour ao encontro casual, com um card\u00e1pio que traduz o equil\u00edbrio entre frescor e qualidade.<\/p>\n<p>&nbsp;<\/p>\n<p>Aqui algumas op\u00e7\u00f5es da rede para aproveitar esses momentos:<\/p>\n<p>&nbsp;<\/p>\n<p>Salada Casual Mix de folhas (alface americana, r\u00facula, repolho roxo e cenoura), cebola roxa, tomate cereja, crouton e queijo parmes\u00e3o;<\/p>\n<p>&nbsp;<\/p>\n<p>Salada Vivenda: Mix de folhas (alface americana, r\u00facula, repolho, roxo e cenoura), cebola roxa, crouton, queijo parmes\u00e3o, tomate cereja e camar\u00e3o empanado<\/p>\n<p>&nbsp;<\/p>\n<p>Petiscos e Por\u00e7\u00f5es<\/p>\n<p>&nbsp;<\/p>\n<p>Casquinha Vivenda<\/p>\n<p>&nbsp;<\/p>\n<p>Snack de Camar\u00e3o Empanado com Fritas<\/p>\n<p>&nbsp;<\/p>\n<p>Camar\u00e3o Empanado com Camar\u00e3o Frito<\/p>\n<p>&nbsp;<\/p>\n<p>Camar\u00e3o Frito com Fritas<\/p>\n<p>&nbsp;<\/p>\n<p>Iscas de Til\u00e1pia com Fritas<\/p>\n<p>&nbsp;<\/p>\n<p>Sobre a Vivenda do Camar\u00e3o<\/p>\n<p>&nbsp;<\/p>\n<p>A Vivenda foi fundada em 12 de junho de 1984, a partir da vis\u00e3o empreendedora de Fernando Perri que, naquela \u00e9poca, foi impedido de exportar camar\u00e3o e, sem ter o que fazer com o alimento, abriu um restaurante para servir pratos \u00e0 base de camar\u00e3o e frutos do mar no bairro de Moema, na cidade de S\u00e3o Paulo. Com o sucesso daquela unidade, Fernando Perri logo inaugurou uma filial nos Jardins, tamb\u00e9m em S\u00e3o Paulo. Diante da aceita\u00e7\u00e3o do consumidor, Perri abriu a Vivenda do Camar\u00e3o Express, a primeira loja de culin\u00e1ria r\u00e1pida com pratos \u00e0 base de camar\u00e3o no pa\u00eds, no Morumbi Shopping. A partir de 1997, a marca ingressou no franchising e consolidou sua expans\u00e3o pelo territ\u00f3rio nacional. Com unidades pr\u00f3prias e franqueadas, o Grupo Vivenda do Camar\u00e3o atua hoje nos segmentos de Fast Food e Varejo supermercadista, com forte presen\u00e7a no setor de rotisserie das principais redes do pa\u00eds<\/p>\n","protected":false},"excerpt":{"rendered":"<p>Vivenda do Camar\u00e3o apresenta card\u00e1pio variado com saladas e petiscos para aproveitar os dias quentes com muito sabor &nbsp; Com o ver\u00e3o e as altas &hellip; <\/p>\n","protected":false},"author":2,"featured_media":38303,"comment_status":"closed","ping_status":"closed","sticky":false,"template":"","format":"standard","meta":{"footnotes":""},"categories":[2],"tags":[],"class_list":["post-38302","post","type-post","status-publish","format-standard","has-post-thumbnail","hentry","category-noticias","latest_post"],"_links":{"self":[{"href":"https:\/\/gilpimentel.com.br\/site\/wp-json\/wp\/v2\/posts\/38302","targetHints":{"allow":["GET"]}}],"collection":[{"href":"https:\/\/gilpimentel.com.br\/site\/wp-json\/wp\/v2\/posts"}],"about":[{"href":"https:\/\/gilpimentel.com.br\/site\/wp-json\/wp\/v2\/types\/post"}],"author":[{"embeddable":true,"href":"https:\/\/gilpimentel.com.br\/site\/wp-json\/wp\/v2\/users\/2"}],"replies":[{"embeddable":true,"href":"https:\/\/gilpimentel.com.br\/site\/wp-json\/wp\/v2\/comments?post=38302"}],"version-history":[{"count":1,"href":"https:\/\/gilpimentel.com.br\/site\/wp-json\/wp\/v2\/posts\/38302\/revisions"}],"predecessor-version":[{"id":38304,"href":"https:\/\/gilpimentel.com.br\/site\/wp-json\/wp\/v2\/posts\/38302\/revisions\/38304"}],"wp:featuredmedia":[{"embeddable":true,"href":"https:\/\/gilpimentel.com.br\/site\/wp-json\/wp\/v2\/media\/38303"}],"wp:attachment":[{"href":"https:\/\/gilpimentel.com.br\/site\/wp-json\/wp\/v2\/media?parent=38302"}],"wp:term":[{"taxonomy":"category","embeddable":true,"href":"https:\/\/gilpimentel.com.br\/site\/wp-json\/wp\/v2\/categories?post=38302"},{"taxonomy":"post_tag","embeddable":true,"href":"https:\/\/gilpimentel.com.br\/site\/wp-json\/wp\/v2\/tags?post=38302"}],"curies":[{"name":"wp","href":"https:\/\/api.w.org\/{rel}","templated":true}]}}