{"id":38254,"date":"2026-01-22T05:16:05","date_gmt":"2026-01-22T08:16:05","guid":{"rendered":"https:\/\/gilpimentel.com.br\/site\/?p=38254"},"modified":"2026-01-22T18:59:57","modified_gmt":"2026-01-22T21:59:57","slug":"vindima-colonial-e-a-mais-nova-experiencia-da-brocker-turismo-vinhos-natureza-e-raizes-coloniais-de-gramado-se-destacam-no-novo-produto-da-brocker-turismo","status":"publish","type":"post","link":"https:\/\/gilpimentel.com.br\/site\/vindima-colonial-e-a-mais-nova-experiencia-da-brocker-turismo-vinhos-natureza-e-raizes-coloniais-de-gramado-se-destacam-no-novo-produto-da-brocker-turismo\/","title":{"rendered":"VINDIMA COLONIAL \u00c9 A MAIS NOVA EXPERI\u00caNCIA DA BROCKER TURISMO VINHOS, NATUREZA E RA\u00cdZES COLONIAIS DE GRAMADO, SE DESTACAM NO NOVO PRODUTO DA BROCKER TURISMO"},"content":{"rendered":"<p>A Brocker Turismo, empresa ga\u00facha que atua h\u00e1 30 anos no segmento de turismo, lan\u00e7ou o \u201cTour Vindima Colonial\u201d, que surge para exaltar as ra\u00edzes coloniais e o turismo rural em Gramado. O tour \u00e9 realizado aos domingos dos meses de janeiro, fevereiro e mar\u00e7o, em um passeio que busca a conex\u00e3o do passado com o presente, permitindo experi\u00eancias \u00fanicas, com in\u00edcio pela Casa Centen\u00e1ria, passando pela Vin\u00edcola Benvic e encerramento no Caff\u00e9 Della Nonna.<\/p>\n<p>&nbsp;<\/p>\n<p>\u201cA Vindima Colonial \u00e9 uma experi\u00eancia \u00fanica, cultuando origens de Gramado, na regi\u00e3o onde a cidade nasceu com a chegada dos primeiros imigrantes italianos. O passeio vai exaltar hist\u00f3rias, costumes e saberes que atravessaram gera\u00e7\u00f5es, especialmente o cultivo da uva, s\u00edmbolo de trabalho, tradi\u00e7\u00e3o e celebra\u00e7\u00e3o\u201d, comenta a CEO da Brocker, Any Brocker que enxerga o turismo al\u00e9m dos roteiros tradicionais.<\/p>\n<p>&nbsp;<\/p>\n<p>O tour inicia com a visita \u00e0 Casa Centen\u00e1ria, constru\u00edda em madeira sobre um por\u00e3o de pedras, que guarda mem\u00f3rias vivas da imigra\u00e7\u00e3o italiana. Durante a visita, os visitantes ser\u00e3o convidados a conhecer detalhes do cotidiano, dos desafios e da cultura das fam\u00edlias que ajudaram a construir Gramado.<\/p>\n<p>&nbsp;<\/p>\n<p>Na sequ\u00eancia, a experi\u00eancia continua na Vin\u00edcola Benvic, um neg\u00f3cio familiar de produ\u00e7\u00e3o limitada, dedicada \u00e0 elabora\u00e7\u00e3o de suco de uva org\u00e2nico e vinhos tintos secos e suaves. No passeio, os visitantes passam pelas vinhas org\u00e2nicas, conhecem o cultivo parreiral e as t\u00e9cnicas sustent\u00e1veis adotadas na agroind\u00fastria, al\u00e9m de participarem da tradicional pisa da uva ao som de animadas m\u00fasicas italianas e realizam degusta\u00e7\u00e3o de sucos e vinhos, celebrando os sabores herdados da imigra\u00e7\u00e3o.<\/p>\n<p>&nbsp;<\/p>\n<p>O encerramento do roteiro, acontece no Caff\u00e9 Della Nonna, que proporciona um momento gastron\u00f4mico e cultural especial, com caf\u00e9 colonial completo, servido em um ambiente acolhedor que remete \u00e0s cozinhas das fam\u00edlias italianas, onde hist\u00f3rias eram compartilhadas \u00e0 mesa.<\/p>\n<p>&nbsp;<\/p>\n<p>Um passeio que conecta passado e presente, ideal para quem busca viver Gramado de forma genu\u00edna, fora do \u00f3bvio, valorizando suas ra\u00edzes, tradi\u00e7\u00f5es e sabores.<\/p>\n<p>&nbsp;<\/p>\n<p>Informa\u00e7\u00f5es importantes sobre o passeio:<\/p>\n<p>&nbsp;<\/p>\n<p>Dias e hor\u00e1rios de funcionamento: Todos os domingos no per\u00edodo de 11\/01\/2026 a 01\/03\/2026 (exceto dia 08\/02\/26).<\/p>\n<p>&nbsp;<\/p>\n<p>Hor\u00e1rio e local: Sa\u00edda \u00e0s 09h30 da Loja Brocker Turismo Gramado, localizada na Av. das Hort\u00eansias, 1845 &#8211; Centro.<\/p>\n<p>&nbsp;<\/p>\n<p>Dura\u00e7\u00e3o: Aproximadamente 4 horas.<\/p>\n<p>&nbsp;<\/p>\n<p>Atividade inclui:<\/p>\n<p>&nbsp;<\/p>\n<p>&#8211; Transporte saindo da Loja Brocker Gramado no hor\u00e1rio informado<\/p>\n<p>&nbsp;<\/p>\n<p>&#8211; Acompanhamento de guia<\/p>\n<p>&nbsp;<\/p>\n<p>&#8211; Acompanhamento de fot\u00f3grafo profissional durante o passeio<\/p>\n<p>&nbsp;<\/p>\n<p>&#8211; 01 foto digital profissional por reserva<\/p>\n<p>&nbsp;<\/p>\n<p>&#8211; Taxa de visita\u00e7\u00e3o na Casa Centen\u00e1ria<\/p>\n<p>&nbsp;<\/p>\n<p>&#8211; Pisa de uvas na Vin\u00edcola Benvic com degusta\u00e7\u00e3o de sucos e vinhos<\/p>\n<p>&nbsp;<\/p>\n<p>&#8211; Caf\u00e9 no Caff\u00e9 Colonial Della Nonna &#8211; Fam\u00edlia Foss &#8211; com bebidas (ch\u00e1 de ma\u00e7\u00e3 com canela, ch\u00e1 de cidreira com baunilha, caf\u00e9 preto e caf\u00e9 com leite, sucos de uva, vinho tinto seco e suave)<\/p>\n<p>&nbsp;<\/p>\n<p>&#8211; Presente especial personalizado<\/p>\n","protected":false},"excerpt":{"rendered":"<p>A Brocker Turismo, empresa ga\u00facha que atua h\u00e1 30 anos no segmento de turismo, lan\u00e7ou o \u201cTour Vindima Colonial\u201d, que surge para exaltar as ra\u00edzes &hellip; <\/p>\n","protected":false},"author":2,"featured_media":38255,"comment_status":"closed","ping_status":"closed","sticky":false,"template":"","format":"standard","meta":{"footnotes":""},"categories":[2],"tags":[],"class_list":["post-38254","post","type-post","status-publish","format-standard","has-post-thumbnail","hentry","category-noticias","latest_post"],"_links":{"self":[{"href":"https:\/\/gilpimentel.com.br\/site\/wp-json\/wp\/v2\/posts\/38254","targetHints":{"allow":["GET"]}}],"collection":[{"href":"https:\/\/gilpimentel.com.br\/site\/wp-json\/wp\/v2\/posts"}],"about":[{"href":"https:\/\/gilpimentel.com.br\/site\/wp-json\/wp\/v2\/types\/post"}],"author":[{"embeddable":true,"href":"https:\/\/gilpimentel.com.br\/site\/wp-json\/wp\/v2\/users\/2"}],"replies":[{"embeddable":true,"href":"https:\/\/gilpimentel.com.br\/site\/wp-json\/wp\/v2\/comments?post=38254"}],"version-history":[{"count":1,"href":"https:\/\/gilpimentel.com.br\/site\/wp-json\/wp\/v2\/posts\/38254\/revisions"}],"predecessor-version":[{"id":38256,"href":"https:\/\/gilpimentel.com.br\/site\/wp-json\/wp\/v2\/posts\/38254\/revisions\/38256"}],"wp:featuredmedia":[{"embeddable":true,"href":"https:\/\/gilpimentel.com.br\/site\/wp-json\/wp\/v2\/media\/38255"}],"wp:attachment":[{"href":"https:\/\/gilpimentel.com.br\/site\/wp-json\/wp\/v2\/media?parent=38254"}],"wp:term":[{"taxonomy":"category","embeddable":true,"href":"https:\/\/gilpimentel.com.br\/site\/wp-json\/wp\/v2\/categories?post=38254"},{"taxonomy":"post_tag","embeddable":true,"href":"https:\/\/gilpimentel.com.br\/site\/wp-json\/wp\/v2\/tags?post=38254"}],"curies":[{"name":"wp","href":"https:\/\/api.w.org\/{rel}","templated":true}]}}