{"id":38242,"date":"2026-01-22T04:30:07","date_gmt":"2026-01-22T07:30:07","guid":{"rendered":"https:\/\/gilpimentel.com.br\/site\/?p=38242"},"modified":"2026-01-22T13:06:01","modified_gmt":"2026-01-22T16:06:01","slug":"christian-chavez-desembarca-no-brasil-celebra-o-carinho-dos-fas-em-sao-paulo-e-se-prepara-para-os-proximos-shows-da-para-siempre-tour","status":"publish","type":"post","link":"https:\/\/gilpimentel.com.br\/site\/christian-chavez-desembarca-no-brasil-celebra-o-carinho-dos-fas-em-sao-paulo-e-se-prepara-para-os-proximos-shows-da-para-siempre-tour\/","title":{"rendered":"CHRISTIAN CH\u00c1VEZ DESEMBARCA NO BRASIL, CELEBRA O CARINHO DOS F\u00c3S EM S\u00c3O PAULO E SE PREPARA PARA OS PR\u00d3XIMOS SHOWS DA &#8220;PARA SIEMPRE TOUR&#8221;"},"content":{"rendered":"<p>Artista celebra reencontro com f\u00e3s em S\u00e3o Paulo antes do in\u00edcio da turn\u00ea no Brasil<\/p>\n<p>&nbsp;<\/p>\n<p>Christian Ch\u00e1vez j\u00e1 est\u00e1 no Brasil e chegou com o cora\u00e7\u00e3o cheio. O cantor e ator mexicano desembarcou em S\u00e3o Paulo na manh\u00e3 de quarta-feira, 21 de janeiro, dando in\u00edcio a uma temporada especial no pa\u00eds, marcada por reencontros, emo\u00e7\u00e3o e a conex\u00e3o \u00fanica que ele sempre fez quest\u00e3o de cultivar com o p\u00fablico brasileiro.<\/p>\n<p>&nbsp;<\/p>\n<p>Logo nas primeiras horas em solo paulista, Christian viveu momentos de proximidade com os f\u00e3s: parou para atender admiradores, tirou fotos e retribuiu o carinho com a aten\u00e7\u00e3o de quem sabe o quanto esse retorno significa. Feliz por estar de volta, ele aproveitou tamb\u00e9m para sentir a vibra\u00e7\u00e3o da cidade com direito a uma volta pela Avenida Paulista, em um clima leve e cheio de \u201csaudade boa\u201d.<\/p>\n<p>&nbsp;<\/p>\n<p>Al\u00e9m do encontro com o p\u00fablico, o primeiro dia em S\u00e3o Paulo teve compromissos que refor\u00e7am esse reencontro com o Brasil: Christian participou do Conversas R\u00e1dio Disney e fez uma entrada ao vivo no Mix Tudo, da R\u00e1dio Mix, celebrando a chegada e compartilhando um pouco da energia que antecede os pr\u00f3ximos passos da turn\u00ea.<\/p>\n<p>&nbsp;<\/p>\n<p>Antes de seguir para os shows, o artista ainda participa do bloco Ch\u00e1 da Alice, no Rio de Janeiro, neste s\u00e1bado (24), uma apari\u00e7\u00e3o que promete ser mais um momento de troca com o p\u00fablico brasileiro, em clima de festa.<\/p>\n<p>&nbsp;<\/p>\n<p>Na sequ\u00eancia, Christian d\u00e1 in\u00edcio \u00e0 \u201cPara Siempre Tour\u201d no pa\u00eds. A partir da pr\u00f3xima semana, a turn\u00ea come\u00e7a pelo Nordeste e segue por diversas cidades brasileiras em uma temporada constru\u00edda para ser, acima de tudo, um reencontro: daqueles em que o p\u00fablico canta junto, se emociona, participa e transforma cada apresenta\u00e7\u00e3o em uma noite inesquec\u00edvel.<\/p>\n<p>&nbsp;<\/p>\n<p>O primeiro show acontece em 27 de janeiro, em Fortaleza, e a rota segue por Recife, Salvador, Bras\u00edlia, Campinas, S\u00e3o Paulo, Rio de Janeiro, Porto Alegre e Curitiba, at\u00e9 12 de fevereiro. Depois dessa primeira etapa, Christian retorna aos palcos brasileiros em 8 de agosto, em Goi\u00e2nia.<\/p>\n<p>&nbsp;<\/p>\n<p>Em cena, o artista prepara um espet\u00e1culo que equilibra emo\u00e7\u00e3o e energia l\u00e1 em cima: um repert\u00f3rio que atravessa momentos marcantes da carreira e tamb\u00e9m traduz a fase atual de Christian: mais livre, mais presente e mais conectado com o que quer dizer no palco hoje. A proposta \u00e9 simples e poderosa: fazer de cada show um encontro real entre artista e f\u00e3s, com a intensidade e o afeto que sempre foram parte dessa hist\u00f3ria.<\/p>\n<p>&nbsp;<\/p>\n<p>A passagem pelo Brasil refor\u00e7a justamente essa mensagem. \u201cPara Siempre\u201d n\u00e3o \u00e9 apenas o nome da turn\u00ea, \u00e9 a ideia por tr\u00e1s dela: a perman\u00eancia dos la\u00e7os que a m\u00fasica cria, mesmo quando o tempo passa e a dist\u00e2ncia existe. E, para Christian, voltar ao Brasil \u00e9 tamb\u00e9m celebrar isso: o carinho que permanece, o p\u00fablico que acolhe e a felicidade de, mais uma vez, estar em casa por aqui.<\/p>\n<p>&nbsp;<\/p>\n<p>Abaixo, as datas e locais confirmados para a \u201cPara Siempre Tour\u201d no Brasil em 2026. Os ingressos estar\u00e3o dispon\u00edveis no site oficial www.christianchavez.com.br.<\/p>\n<p>&nbsp;<\/p>\n<p>Datas da \u201cPara Siempre Tour \u2013 Brasil 2026\u201d<\/p>\n<p>&nbsp;<\/p>\n<p>27 de janeiro \u2013 Teatro Riomar Fortaleza \u2013 Fortaleza (CE)<\/p>\n<p>&nbsp;<\/p>\n<p>28 de janeiro \u2013 Teatro Riomar Recife \u2013 Recife (PE)<\/p>\n<p>&nbsp;<\/p>\n<p>29 de janeiro \u2013 Teatro Faresi \u2013 Salvador (BA)<\/p>\n<p>&nbsp;<\/p>\n<p>31 de janeiro \u2013 Teatro Royal Tulip \u2013 Bras\u00edlia (DF)<\/p>\n<p>&nbsp;<\/p>\n<p>04 de fevereiro &#8211; Campinas &#8211; DATA EXTRA<\/p>\n<p>&nbsp;<\/p>\n<p>06 de fevereiro \u2013 Teatro Bradesco \u2013 S\u00e3o Paulo (SP)<\/p>\n<p>&nbsp;<\/p>\n<p>07 de fevereiro \u2013 Teatro Opus Citt\u00e0 \u2013 Rio de Janeiro (RJ)<\/p>\n<p>&nbsp;<\/p>\n<p>11 de fevereiro \u2013 Teatro Amrigs \u2013 Porto Alegre (RS)<\/p>\n<p>&nbsp;<\/p>\n<p>12 de fevereiro \u2013 Teatro Fernanda Montenegro \u2013 Curitiba (PR)<\/p>\n<p>&nbsp;<\/p>\n<p>08 de agosto \u2013 Teatro Madre Esperan\u00e7a Garrido &#8211; Goi\u00e2nia (GO)<\/p>\n<p>&nbsp;<\/p>\n<p>09 de agosto \u2013 Cine Theatro Brasil &#8211; Belo Horizonte (MG)<\/p>\n<p>&nbsp;<\/p>\n<p>12 de agosto \u2013 Intermares Hall &#8211; Cabedelo | Jo\u00e3o Pessoa (PB)<\/p>\n<p>&nbsp;<\/p>\n<p>14 de agosto \u2013 Teatro Resolve &#8211; Bel\u00e9m (PB)<\/p>\n<p>&nbsp;<\/p>\n<p>16 de agosto \u2013 Teatro Manauara &#8211; Manaus (AM)<\/p>\n","protected":false},"excerpt":{"rendered":"<p>Artista celebra reencontro com f\u00e3s em S\u00e3o Paulo antes do in\u00edcio da turn\u00ea no Brasil &nbsp; Christian Ch\u00e1vez j\u00e1 est\u00e1 no Brasil e chegou com &hellip; <\/p>\n","protected":false},"author":2,"featured_media":38243,"comment_status":"closed","ping_status":"closed","sticky":false,"template":"","format":"standard","meta":{"footnotes":""},"categories":[2],"tags":[],"class_list":["post-38242","post","type-post","status-publish","format-standard","has-post-thumbnail","hentry","category-noticias","latest_post"],"_links":{"self":[{"href":"https:\/\/gilpimentel.com.br\/site\/wp-json\/wp\/v2\/posts\/38242","targetHints":{"allow":["GET"]}}],"collection":[{"href":"https:\/\/gilpimentel.com.br\/site\/wp-json\/wp\/v2\/posts"}],"about":[{"href":"https:\/\/gilpimentel.com.br\/site\/wp-json\/wp\/v2\/types\/post"}],"author":[{"embeddable":true,"href":"https:\/\/gilpimentel.com.br\/site\/wp-json\/wp\/v2\/users\/2"}],"replies":[{"embeddable":true,"href":"https:\/\/gilpimentel.com.br\/site\/wp-json\/wp\/v2\/comments?post=38242"}],"version-history":[{"count":1,"href":"https:\/\/gilpimentel.com.br\/site\/wp-json\/wp\/v2\/posts\/38242\/revisions"}],"predecessor-version":[{"id":38244,"href":"https:\/\/gilpimentel.com.br\/site\/wp-json\/wp\/v2\/posts\/38242\/revisions\/38244"}],"wp:featuredmedia":[{"embeddable":true,"href":"https:\/\/gilpimentel.com.br\/site\/wp-json\/wp\/v2\/media\/38243"}],"wp:attachment":[{"href":"https:\/\/gilpimentel.com.br\/site\/wp-json\/wp\/v2\/media?parent=38242"}],"wp:term":[{"taxonomy":"category","embeddable":true,"href":"https:\/\/gilpimentel.com.br\/site\/wp-json\/wp\/v2\/categories?post=38242"},{"taxonomy":"post_tag","embeddable":true,"href":"https:\/\/gilpimentel.com.br\/site\/wp-json\/wp\/v2\/tags?post=38242"}],"curies":[{"name":"wp","href":"https:\/\/api.w.org\/{rel}","templated":true}]}}