{"id":38230,"date":"2026-01-22T03:30:20","date_gmt":"2026-01-22T06:30:20","guid":{"rendered":"https:\/\/gilpimentel.com.br\/site\/?p=38230"},"modified":"2026-01-22T13:00:16","modified_gmt":"2026-01-22T16:00:16","slug":"janela-do-vinho-lanca-linha-propria-de-rotulos-inspirada-na-tradicao-italiana","status":"publish","type":"post","link":"https:\/\/gilpimentel.com.br\/site\/janela-do-vinho-lanca-linha-propria-de-rotulos-inspirada-na-tradicao-italiana\/","title":{"rendered":"JANELA DO VINHO LAN\u00c7A LINHA PR\u00d3PRIA DE R\u00d3TULOS INSPIRADA NA TRADI\u00c7\u00c3O ITALIANA"},"content":{"rendered":"<p>Novidades j\u00e1 est\u00e3o dispon\u00edveis nas unidades de Porto Alegre e Gramado<\/p>\n<p>&nbsp;<\/p>\n<p>A experi\u00eancia de brindar pela janelinha que conquistou Porto Alegre e Gramado ganha um novo cap\u00edtulo. A Janela do Vinho, inspirada nas tradicionais Buchette del Vino de Floren\u00e7a, na It\u00e1lia, apresenta agora sua linha exclusiva de r\u00f3tulos, criada em parceria com a vin\u00edcola Caetano Vicentino, da regi\u00e3o do Altos Montes, e a Vin\u00edcola Zanella de Ant\u00f4nio Prado, ambas na Serra Ga\u00facha.<\/p>\n<p>&nbsp;<\/p>\n<p>O projeto, conhecido por oferecer vinhos e espumantes sem r\u00f3tulo atrav\u00e9s da charmosa janelinha com sino, em uma mistura de mist\u00e9rio, sabor e afeto, passa a ter identidade pr\u00f3pria nas garrafas que chegam \u00e0s unidades. A linha estreia com tr\u00eas vinhos e dois espumantes, todos elaborados com uvas vitis vinifera selecionadas manualmente e produzidos sob o cuidado familiar.<\/p>\n<p>&nbsp;<\/p>\n<p>\u201cCada r\u00f3tulo nasce como uma extens\u00e3o da experi\u00eancia que propomos na Janela: celebrar o vinho de forma descomplicada, afetiva e cheia de hist\u00f3ria\u201d, comenta Piettro Kaiser, s\u00f3cio da Janela do Vinho.<\/p>\n<p>&nbsp;<\/p>\n<p>Os novos r\u00f3tulos:<\/p>\n<p>&nbsp;<\/p>\n<p>\u25cf Ros\u00e9 (Malbec + Syrah)<\/p>\n<p>&nbsp;<\/p>\n<p>\u25cf Branco (Sauvignon Blanc)<\/p>\n<p>&nbsp;<\/p>\n<p>\u25cf Tinto (Cabernet Sauvignon)<\/p>\n<p>&nbsp;<\/p>\n<p>\u25cf Espumante Brut Ros\u00e9<\/p>\n<p>&nbsp;<\/p>\n<p>\u25cf Espumante Brut Branco<\/p>\n<p>&nbsp;<\/p>\n<p>A produ\u00e7\u00e3o de vinhos leva a assinatura da Caetano Vicentino, vin\u00edcola de Nova P\u00e1dua\u2013RS, conduzida por Valmor Boscato e suas filhas, Graziela e Ana. Juntos conduzem uma hist\u00f3ria que atravessa gera\u00e7\u00f5es e tem origem na prov\u00edncia italiana de Vicenza, de onde veio o trisav\u00f4 que inspira o nome da marca. Com vinhedos a 680 metros de altitude e clima subtropical, a vin\u00edcola traduz no terroir da Serra Ga\u00facha a eleg\u00e2ncia e a tradi\u00e7\u00e3o dos vinhos de alma italiana.<\/p>\n<p>&nbsp;<\/p>\n<p>J\u00e1 a produ\u00e7\u00e3o de espumantes carrega a experi\u00eancia da Vin\u00edcola Zanella, de Ant\u00f4nio Prado\u2013RS, onde os produtos s\u00e3o desenvolvidos sob o conceito de terroir da regi\u00e3o em local de transi\u00e7\u00e3o entre o novo mundo dos vinhos de altitude.<\/p>\n<p>&nbsp;<\/p>\n<p>\u201cCada vinho foi escolhido para refletir o esp\u00edrito da Janela. S\u00e3o r\u00f3tulos que convidam a apreciar o momento, valorizam a experi\u00eancia de sentir o vinho em sua forma mais genu\u00edna, pontua Charles Mendes\u201d, sommelier e s\u00f3cio da Janela do Vinho.<\/p>\n<p>&nbsp;<\/p>\n<p>Os vinhos e espumantes da linha Janela do Vinho j\u00e1 est\u00e3o dispon\u00edveis para venda nas unidades de Porto Alegre (Travessa da Paz, 44) e Gramado (Av. Borges de Medeiros, 2001). Um convite para brindar \u00e0 italiana, com sotaque ga\u00facho e alma artesanal.<\/p>\n<p>&nbsp;<\/p>\n<p>Sobre a Janela do Vinho<\/p>\n<p>&nbsp;<\/p>\n<p>Empreendimento que oferece uma experi\u00eancia \u00fanica de degusta\u00e7\u00e3o de vinhos com um toque de mist\u00e9rio e autenticidade. Inspirado nas Buchette del Vino da It\u00e1lia, o projeto oferece ta\u00e7as de maneira inesperada, convidando o p\u00fablico a aproveitar o momento e a descobrir novos sabores. Mais do que uma experi\u00eancia de consumo, \u00e9 uma celebra\u00e7\u00e3o do prazer, da amizade e do esp\u00edrito de comunidade.<\/p>\n<p>&nbsp;<\/p>\n<p>SERVI\u00c7O<\/p>\n<p>&nbsp;<\/p>\n<p>Janela do Vinho | @ajaneladovinho<\/p>\n<p>&nbsp;<\/p>\n<p>Locais:<\/p>\n<p>&nbsp;<\/p>\n<p>Via Trastevere | Travessa da Paz, 44, Farroupilha &#8211; Porto Alegre\u2013RS<\/p>\n<p>&nbsp;<\/p>\n<p>Hotel Giardino di Pietra | Av. Borges de Medeiros, 2001, Centro \u2013 Gramado-RS<\/p>\n","protected":false},"excerpt":{"rendered":"<p>Novidades j\u00e1 est\u00e3o dispon\u00edveis nas unidades de Porto Alegre e Gramado &nbsp; A experi\u00eancia de brindar pela janelinha que conquistou Porto Alegre e Gramado ganha &hellip; <\/p>\n","protected":false},"author":2,"featured_media":38231,"comment_status":"closed","ping_status":"closed","sticky":false,"template":"","format":"standard","meta":{"footnotes":""},"categories":[2],"tags":[],"class_list":["post-38230","post","type-post","status-publish","format-standard","has-post-thumbnail","hentry","category-noticias","latest_post"],"_links":{"self":[{"href":"https:\/\/gilpimentel.com.br\/site\/wp-json\/wp\/v2\/posts\/38230","targetHints":{"allow":["GET"]}}],"collection":[{"href":"https:\/\/gilpimentel.com.br\/site\/wp-json\/wp\/v2\/posts"}],"about":[{"href":"https:\/\/gilpimentel.com.br\/site\/wp-json\/wp\/v2\/types\/post"}],"author":[{"embeddable":true,"href":"https:\/\/gilpimentel.com.br\/site\/wp-json\/wp\/v2\/users\/2"}],"replies":[{"embeddable":true,"href":"https:\/\/gilpimentel.com.br\/site\/wp-json\/wp\/v2\/comments?post=38230"}],"version-history":[{"count":1,"href":"https:\/\/gilpimentel.com.br\/site\/wp-json\/wp\/v2\/posts\/38230\/revisions"}],"predecessor-version":[{"id":38232,"href":"https:\/\/gilpimentel.com.br\/site\/wp-json\/wp\/v2\/posts\/38230\/revisions\/38232"}],"wp:featuredmedia":[{"embeddable":true,"href":"https:\/\/gilpimentel.com.br\/site\/wp-json\/wp\/v2\/media\/38231"}],"wp:attachment":[{"href":"https:\/\/gilpimentel.com.br\/site\/wp-json\/wp\/v2\/media?parent=38230"}],"wp:term":[{"taxonomy":"category","embeddable":true,"href":"https:\/\/gilpimentel.com.br\/site\/wp-json\/wp\/v2\/categories?post=38230"},{"taxonomy":"post_tag","embeddable":true,"href":"https:\/\/gilpimentel.com.br\/site\/wp-json\/wp\/v2\/tags?post=38230"}],"curies":[{"name":"wp","href":"https:\/\/api.w.org\/{rel}","templated":true}]}}