{"id":38214,"date":"2026-01-22T05:00:49","date_gmt":"2026-01-22T08:00:49","guid":{"rendered":"https:\/\/gilpimentel.com.br\/site\/?p=38214"},"modified":"2026-01-22T13:08:18","modified_gmt":"2026-01-22T16:08:18","slug":"no-aniversario-de-sao-paulo-vitarella-sugere-receita-tipica-da-cidade","status":"publish","type":"post","link":"https:\/\/gilpimentel.com.br\/site\/no-aniversario-de-sao-paulo-vitarella-sugere-receita-tipica-da-cidade\/","title":{"rendered":"NO ANIVERS\u00c1RIO DE S\u00c3O PAULO, VITARELLA SUGERE RECEITA T\u00cdPICA DA CIDADE"},"content":{"rendered":"<p>A marca apresenta uma op\u00e7\u00e3o que torna o feriado ainda mais saboroso e especial<\/p>\n<p>&nbsp;<\/p>\n<p>No dia 25 de janeiro, S\u00e3o Paulo completa mais um ano de hist\u00f3ria. O feriado municipal marca a funda\u00e7\u00e3o da cidade em 1554, quando os padres jesu\u00edtas Manuel da N\u00f3brega e Jos\u00e9 de Anchieta, junto a outros religiosos, ergueram um col\u00e9gio no atual P\u00e1tio do Col\u00e9gio. Esse n\u00facleo inicial deu origem \u00e0 metr\u00f3pole que, ao longo dos s\u00e9culos, se transformou em refer\u00eancia de diversidade, inova\u00e7\u00e3o, cultura e gastronomia.<\/p>\n<p>&nbsp;<\/p>\n<p>Nessa data, a cidade ganha ainda mais vida: ruas, pra\u00e7as e centros culturais recebem shows, pe\u00e7as de teatro, exposi\u00e7\u00f5es e diferentes manifesta\u00e7\u00f5es art\u00edsticas que refor\u00e7am o esp\u00edrito vibrante de S\u00e3o Paulo. \u00c9 um momento em que moradores e visitantes podem aproveitar o feriado para mergulhar na hist\u00f3ria e na energia \u00fanica da capital.<\/p>\n<p>&nbsp;<\/p>\n<p>Para deixar o anivers\u00e1rio da cidade ainda mais saboroso, a Vitarella, marca l\u00edder em biscoitos no Brasil, preparou uma sugest\u00e3o que t\u00eam tudo a ver com o paladar paulistano: Parafuso Gratinado com Calabresa.<\/p>\n<p>&nbsp;<\/p>\n<p>O sabor marcante da calabresa ganha vida em um gratinado irresist\u00edvel, onde o macarr\u00e3o Parafuso se torna o protagonista. Com a cremosidade da margarina e a generosa camada de queijos derretidos, o resultado \u00e9 uma explos\u00e3o de sabor que conquista pelo aroma e pela textura dourada e cremosa.<\/p>\n<p>&nbsp;<\/p>\n<p>Confira o passo a passo e bom feriado!<\/p>\n<p>&nbsp;<\/p>\n<p>Parafuso Gratinado com Calabresa<\/p>\n<p>&nbsp;<\/p>\n<p>Ingredientes:<\/p>\n<p>&nbsp;<\/p>\n<p>500g de Macarr\u00e3o Parafuso Vitarella<\/p>\n<p>400g de cebola picada<\/p>\n<p>6 unidades de dentes de alho picado<\/p>\n<p>100g de margarina Puro Sabor<\/p>\n<p>800ml de molho de tomate<\/p>\n<p>900g de calabresa em cubos<\/p>\n<p>Sal a gosto<\/p>\n<p>Pimenta do reino a gosto<\/p>\n<p>400g de mu\u00e7arela ralada<\/p>\n<p>150g de parmes\u00e3o ralado<\/p>\n<p>Modo de Preparo:<\/p>\n<p>&nbsp;<\/p>\n<p>&#8211; Cozinhe o parafuso em \u00e1gua e sal por 6 minutos. Escorra e reserve. \u2800<\/p>\n<p>&nbsp;<\/p>\n<p>&#8211; Em uma panela coloque a margarina e deixe derreter. Acrescente a cebola e o alho e deixar refogar.<\/p>\n<p>&nbsp;<\/p>\n<p>&#8211; Adicione a calabresa em cubos dando uma leve dourada.<\/p>\n<p>&nbsp;<\/p>\n<p>&#8211; Insira o molho de tomate, tempere com sal e pimenta do reino a gosto.<\/p>\n<p>&nbsp;<\/p>\n<p>&#8211; Misture a calabresa refogada com o macarr\u00e3o parafuso cozido. Coloque em um refrat\u00e1rio.<\/p>\n<p>&nbsp;<\/p>\n<p>&#8211; Cubra com queijo mu\u00e7arela ralado e queijo parmes\u00e3o ralado.<\/p>\n<p>&nbsp;<\/p>\n<p>&#8211; Leve para o forno preaquecido a 180 graus por 10 minutos ou at\u00e9 dourar.<\/p>\n<p>&nbsp;<\/p>\n<p>&#8211; Sirva em seguida.<\/p>\n<p>&nbsp;<\/p>\n<p>Sobre a Vitarella<\/p>\n<p>&nbsp;<\/p>\n<p>A Vitarella, marca de destaque no segmento de massas e a n\u00ba1 em biscoitos no Brasil* de acordo com a Nielsen, foi fundada em 1993, em Jaboat\u00e3o dos Guararapes. Inicialmente focada na produ\u00e7\u00e3o de massas aliment\u00edcias, expandiu seu portf\u00f3lio e hoje possui mais de 150 produtos cadastrados e as marcas Treloso e Nikito.Com produtos que unem sabor e qualidade, Vitarella \u00e9 uma das marcas mais lembradas em pesquisas que destacam a opini\u00e3o dos consumidores.<\/p>\n<p>&nbsp;<\/p>\n<p>Sobre a M. Dias Branco<\/p>\n<p>&nbsp;<\/p>\n<p>Fundada em 1953, a M. Dias Branco \u00e9 uma multinacional brasileira do setor de alimentos, signat\u00e1ria do Pacto Global da ONU e com a\u00e7\u00f5es negociadas no segmento do Novo Mercado na B3. Sua hist\u00f3ria come\u00e7ou na d\u00e9cada de 40, com a Padaria Imperial, uma iniciativa de Manuel Dias Branco em Fortaleza (CE). Hoje, as suas opera\u00e7\u00f5es geram mais de 17 mil empregos diretos em diferentes regi\u00f5es, refletindo o seu compromisso com o desenvolvimento econ\u00f4mico e social do pa\u00eds. A Companhia possui 22 ind\u00fastrias, sendo 14 F\u00e1bricas de Massas, Biscoitos e outros alimentos; 07 Moinhos de Trigo e 02 F\u00e1bricas de Cremes e Gorduras Vegetais, al\u00e9m de 25 filiais comerciais, que favorecem a distribui\u00e7\u00e3o de seus produtos em todo o Brasil e para mais de 40 pa\u00edses.<\/p>\n<p>&nbsp;<\/p>\n<p>Sediada em Eus\u00e9bio (CE), a M. Dias Branco \u00e9 l\u00edder brasileira em biscoitos, massas e granolas. Em novembro de 2021, realizou a aquisi\u00e7\u00e3o da marca FIT FOOD, primeira iniciativa da Companhia no mercado de healthy food, com produtos como biscoitos de arroz, pasta de amendoim, chocolates e chips. Com a aquisi\u00e7\u00e3o da Jasmine Alimentos, conclu\u00edda em agosto de 2022, a Companhia ampliou a sua participa\u00e7\u00e3o no mercado de alimentos saud\u00e1veis, com produtos org\u00e2nicos, funcionais, integrais, sem gl\u00faten, sem lactose e zero a\u00e7\u00facar. Em outubro do mesmo ano, anunciou sua primeira aquisi\u00e7\u00e3o internacional, a Las Acacias, do Uruguai, focada no segmento de massas, mas que tamb\u00e9m tem no portf\u00f3lio misturas para bolos e molhos.<\/p>\n<p>&nbsp;<\/p>\n<p>A Companhia det\u00e9m marcas l\u00edderes, como Vitarella, Piraqu\u00ea, Adria, Fortaleza, Richester, Isabela no Brasil e Las Acacias no Uruguai, produzindo biscoitos, massas, farinhas, margarinas, snacks e torradas. Destacam-se ainda as marcas Frontera, de snacks, e Smart, de temperos e condimentos.<\/p>\n","protected":false},"excerpt":{"rendered":"<p>A marca apresenta uma op\u00e7\u00e3o que torna o feriado ainda mais saboroso e especial &nbsp; No dia 25 de janeiro, S\u00e3o Paulo completa mais um &hellip; <\/p>\n","protected":false},"author":2,"featured_media":38215,"comment_status":"closed","ping_status":"closed","sticky":false,"template":"","format":"standard","meta":{"footnotes":""},"categories":[2],"tags":[],"class_list":["post-38214","post","type-post","status-publish","format-standard","has-post-thumbnail","hentry","category-noticias","latest_post"],"_links":{"self":[{"href":"https:\/\/gilpimentel.com.br\/site\/wp-json\/wp\/v2\/posts\/38214","targetHints":{"allow":["GET"]}}],"collection":[{"href":"https:\/\/gilpimentel.com.br\/site\/wp-json\/wp\/v2\/posts"}],"about":[{"href":"https:\/\/gilpimentel.com.br\/site\/wp-json\/wp\/v2\/types\/post"}],"author":[{"embeddable":true,"href":"https:\/\/gilpimentel.com.br\/site\/wp-json\/wp\/v2\/users\/2"}],"replies":[{"embeddable":true,"href":"https:\/\/gilpimentel.com.br\/site\/wp-json\/wp\/v2\/comments?post=38214"}],"version-history":[{"count":1,"href":"https:\/\/gilpimentel.com.br\/site\/wp-json\/wp\/v2\/posts\/38214\/revisions"}],"predecessor-version":[{"id":38216,"href":"https:\/\/gilpimentel.com.br\/site\/wp-json\/wp\/v2\/posts\/38214\/revisions\/38216"}],"wp:featuredmedia":[{"embeddable":true,"href":"https:\/\/gilpimentel.com.br\/site\/wp-json\/wp\/v2\/media\/38215"}],"wp:attachment":[{"href":"https:\/\/gilpimentel.com.br\/site\/wp-json\/wp\/v2\/media?parent=38214"}],"wp:term":[{"taxonomy":"category","embeddable":true,"href":"https:\/\/gilpimentel.com.br\/site\/wp-json\/wp\/v2\/categories?post=38214"},{"taxonomy":"post_tag","embeddable":true,"href":"https:\/\/gilpimentel.com.br\/site\/wp-json\/wp\/v2\/tags?post=38214"}],"curies":[{"name":"wp","href":"https:\/\/api.w.org\/{rel}","templated":true}]}}