{"id":38156,"date":"2026-01-23T02:00:50","date_gmt":"2026-01-23T05:00:50","guid":{"rendered":"https:\/\/gilpimentel.com.br\/site\/?p=38156"},"modified":"2026-01-23T11:20:18","modified_gmt":"2026-01-23T14:20:18","slug":"alem-do-cafe-go-coffee-destaca-cardapio-de-bebidas-para-o-verao","status":"publish","type":"post","link":"https:\/\/gilpimentel.com.br\/site\/alem-do-cafe-go-coffee-destaca-cardapio-de-bebidas-para-o-verao\/","title":{"rendered":"AL\u00c9M DO CAF\u00c9: GO COFFEE DESTACA CARD\u00c1PIO DE BEBIDAS PARA O VER\u00c3O"},"content":{"rendered":"<p>Principal rede de caf\u00e9s especiais do Brasil oferece op\u00e7\u00f5es refrescantes e sem caf\u00e9, alinhadas \u00e0s tend\u00eancias de consumo e ao p\u00fablico jovem<\/p>\n<p>&nbsp;<\/p>\n<p>Com o clima de ver\u00e3o e dias mais quentes, a Go Coffee, rede de franquias refer\u00eancia em caf\u00e9s especiais no Brasil, aposta em bebidas que v\u00e3o al\u00e9m do caf\u00e9 tradicional, explorando ch\u00e1s, sodas italianas, bebidas \u00e0 base de frutas e frappes. A proposta \u00e9 atender diferentes momentos de consumo e ampliar as possibilidades para quem busca op\u00e7\u00f5es refrescantes, leves e adapt\u00e1veis a diferentes prefer\u00eancias alimentares.<\/p>\n<p>&nbsp;<\/p>\n<p>Entre as alternativas dispon\u00edveis est\u00e3o matcha com mel e gengibre, chai gelado, ch\u00e1-mate em vers\u00f5es natural ou com lim\u00e3o, al\u00e9m do hibisco jamaica. O card\u00e1pio inclui ainda as Go Sodas, com combina\u00e7\u00f5es de frutas e xaropes, e a linha Go Fresh, com op\u00e7\u00f5es que variam conforme a unidade, refor\u00e7ando a flexibilidade da marca em dialogar com o p\u00fablico local.<\/p>\n<p>&nbsp;<\/p>\n<p>Os frappes, com ou sem caf\u00e9, tamb\u00e9m ganham destaque como escolha para o per\u00edodo de altas temperaturas. As receitas combinam bases cremosas, leite, gelo e diferentes sabores, permitindo personaliza\u00e7\u00e3o e atendendo tanto consumidores que desejam manter o caf\u00e9 no dia a dia quanto aqueles que preferem vers\u00f5es sem a bebida.<\/p>\n<p>&nbsp;<\/p>\n<p>A amplia\u00e7\u00e3o do portf\u00f3lio reflete a aten\u00e7\u00e3o da Go Coffee \u00e0s tend\u00eancias de mercado e ao comportamento da Gera\u00e7\u00e3o Z e de jovens adultos, que buscam diversidade, novas experi\u00eancias e marcas com as quais se identifiquem. \u201cAo oferecer op\u00e7\u00f5es que transitam entre o caf\u00e9, o ch\u00e1 e bebidas geladas, a Go Coffee refor\u00e7a sua proposta de ser um ponto de encontro vers\u00e1til ao longo do ano para os nossos clientes\u201d, destaca El\u00f3i Ferreira, s\u00f3cio-fundador da Go Coffee.<\/p>\n<p>&nbsp;<\/p>\n<p>Fundada em 2017, em Curitiba, a Go Coffee se transformou rapidamente em uma das principais refer\u00eancias nacionais no mercado de caf\u00e9s especiais. Hoje, est\u00e1 presente em todos os estados brasileiros e mensalmente comercializa mais de uma tonelada de caf\u00e9, com gr\u00e3os colhidos principalmente no Sul de Minas e na Alta Mogiana, importante regi\u00e3o produtora do estado de S\u00e3o Paulo. A marca conquista amantes da bebida com um card\u00e1pio diverso e criativo, pensado para todos os gostos e esta\u00e7\u00f5es, refor\u00e7ando sua ess\u00eancia inovadora e a paix\u00e3o por oferecer experi\u00eancias \u00fanicas em cada x\u00edcara.<\/p>\n<p>&nbsp;<\/p>\n<p>Para saber mais sobre a marca, acesse gocoffee.com.br ou acompanhe as novidades no Instagram da marca Go Coffee<\/p>\n","protected":false},"excerpt":{"rendered":"<p>Principal rede de caf\u00e9s especiais do Brasil oferece op\u00e7\u00f5es refrescantes e sem caf\u00e9, alinhadas \u00e0s tend\u00eancias de consumo e ao p\u00fablico jovem &nbsp; Com o &hellip; <\/p>\n","protected":false},"author":2,"featured_media":38157,"comment_status":"closed","ping_status":"closed","sticky":false,"template":"","format":"standard","meta":{"footnotes":""},"categories":[2],"tags":[],"class_list":["post-38156","post","type-post","status-publish","format-standard","has-post-thumbnail","hentry","category-noticias","latest_post"],"_links":{"self":[{"href":"https:\/\/gilpimentel.com.br\/site\/wp-json\/wp\/v2\/posts\/38156","targetHints":{"allow":["GET"]}}],"collection":[{"href":"https:\/\/gilpimentel.com.br\/site\/wp-json\/wp\/v2\/posts"}],"about":[{"href":"https:\/\/gilpimentel.com.br\/site\/wp-json\/wp\/v2\/types\/post"}],"author":[{"embeddable":true,"href":"https:\/\/gilpimentel.com.br\/site\/wp-json\/wp\/v2\/users\/2"}],"replies":[{"embeddable":true,"href":"https:\/\/gilpimentel.com.br\/site\/wp-json\/wp\/v2\/comments?post=38156"}],"version-history":[{"count":1,"href":"https:\/\/gilpimentel.com.br\/site\/wp-json\/wp\/v2\/posts\/38156\/revisions"}],"predecessor-version":[{"id":38158,"href":"https:\/\/gilpimentel.com.br\/site\/wp-json\/wp\/v2\/posts\/38156\/revisions\/38158"}],"wp:featuredmedia":[{"embeddable":true,"href":"https:\/\/gilpimentel.com.br\/site\/wp-json\/wp\/v2\/media\/38157"}],"wp:attachment":[{"href":"https:\/\/gilpimentel.com.br\/site\/wp-json\/wp\/v2\/media?parent=38156"}],"wp:term":[{"taxonomy":"category","embeddable":true,"href":"https:\/\/gilpimentel.com.br\/site\/wp-json\/wp\/v2\/categories?post=38156"},{"taxonomy":"post_tag","embeddable":true,"href":"https:\/\/gilpimentel.com.br\/site\/wp-json\/wp\/v2\/tags?post=38156"}],"curies":[{"name":"wp","href":"https:\/\/api.w.org\/{rel}","templated":true}]}}