{"id":38128,"date":"2026-01-19T11:56:22","date_gmt":"2026-01-19T14:56:22","guid":{"rendered":"https:\/\/gilpimentel.com.br\/site\/?p=38128"},"modified":"2026-01-20T21:26:15","modified_gmt":"2026-01-21T00:26:15","slug":"depois-de-um-breve-recesso-encouracado-butikin-retoma-sua-agenda-semanal-completa-com-karaoke-duelo-de-pianos-e-muito-pop-e-rock-no-final-de-semana","status":"publish","type":"post","link":"https:\/\/gilpimentel.com.br\/site\/depois-de-um-breve-recesso-encouracado-butikin-retoma-sua-agenda-semanal-completa-com-karaoke-duelo-de-pianos-e-muito-pop-e-rock-no-final-de-semana\/","title":{"rendered":"DEPOIS DE UM BREVE RECESSO, ENCOURA\u00c7ADO BUTIKIN RETOMA SUA AGENDA SEMANAL COMPLETA COM KARAOK\u00ca, DUELO DE PIANOS E MUITO POP E ROCK NO FINAL DE SEMANA\u00a0"},"content":{"rendered":"<p>Depois de um breve recesso, o Encoura\u00e7ado Butikin retoma, a partir desta ter\u00e7a-feira (20\/01), sua agenda semanal completa de muita m\u00fasica ao vivo em Porto Alegre. A programa\u00e7\u00e3o re\u00fane os projetos que j\u00e1 se tornaram assinatura da casa \u2014 o Karaok\u00ea com banda ao vivo e o Duelo de Pianos \u2014 al\u00e9m de noites dedicadas ao pop e ao rock para embalar o fim de semana.<\/p>\n<p>&nbsp;<\/p>\n<p>A semana abre na ter\u00e7a (20) com DJ Rossato e Cosmic Jam, passa pela quarta-feira (21) com o Karaok\u00ea Butikin Band e chega \u00e0 quinta (22) com o primeiro Duelo de Pianos do ano, quando o p\u00fablico assume o comando da noite ao escolher o repert\u00f3rio. No palco, Mari Kerber e Daniel Germano se revezam nos pianos, acompanhados por Luke Faro na bateria. A agenda segue na sexta (23) e no s\u00e1bado (24) com shows de rock e a energia j\u00e1 conhecida da Workstation e do Cosmic Jam.<\/p>\n<p>&nbsp;<\/p>\n<p>Duelo de Pianos \u2013 Foto: NotreDesign<\/p>\n<p>De ter\u00e7a a sexta, o happy hour das 18h \u00e0s 20h oferece drinks em dobro e petiscos. O Encoura\u00e7ado Butikin fica na Av. Independ\u00eancia, 936. Reservas pelo (51) 99820-8703.<\/p>\n<p>&nbsp;<\/p>\n<p>Mais informa\u00e7\u00f5es em www.instagram.com\/encouracadobutikin\/<\/p>\n","protected":false},"excerpt":{"rendered":"<p>Depois de um breve recesso, o Encoura\u00e7ado Butikin retoma, a partir desta ter\u00e7a-feira (20\/01), sua agenda semanal completa de muita m\u00fasica ao vivo em Porto &hellip; <\/p>\n","protected":false},"author":2,"featured_media":38129,"comment_status":"closed","ping_status":"closed","sticky":false,"template":"","format":"standard","meta":{"footnotes":""},"categories":[2],"tags":[],"class_list":["post-38128","post","type-post","status-publish","format-standard","has-post-thumbnail","hentry","category-noticias","latest_post"],"_links":{"self":[{"href":"https:\/\/gilpimentel.com.br\/site\/wp-json\/wp\/v2\/posts\/38128","targetHints":{"allow":["GET"]}}],"collection":[{"href":"https:\/\/gilpimentel.com.br\/site\/wp-json\/wp\/v2\/posts"}],"about":[{"href":"https:\/\/gilpimentel.com.br\/site\/wp-json\/wp\/v2\/types\/post"}],"author":[{"embeddable":true,"href":"https:\/\/gilpimentel.com.br\/site\/wp-json\/wp\/v2\/users\/2"}],"replies":[{"embeddable":true,"href":"https:\/\/gilpimentel.com.br\/site\/wp-json\/wp\/v2\/comments?post=38128"}],"version-history":[{"count":1,"href":"https:\/\/gilpimentel.com.br\/site\/wp-json\/wp\/v2\/posts\/38128\/revisions"}],"predecessor-version":[{"id":38130,"href":"https:\/\/gilpimentel.com.br\/site\/wp-json\/wp\/v2\/posts\/38128\/revisions\/38130"}],"wp:featuredmedia":[{"embeddable":true,"href":"https:\/\/gilpimentel.com.br\/site\/wp-json\/wp\/v2\/media\/38129"}],"wp:attachment":[{"href":"https:\/\/gilpimentel.com.br\/site\/wp-json\/wp\/v2\/media?parent=38128"}],"wp:term":[{"taxonomy":"category","embeddable":true,"href":"https:\/\/gilpimentel.com.br\/site\/wp-json\/wp\/v2\/categories?post=38128"},{"taxonomy":"post_tag","embeddable":true,"href":"https:\/\/gilpimentel.com.br\/site\/wp-json\/wp\/v2\/tags?post=38128"}],"curies":[{"name":"wp","href":"https:\/\/api.w.org\/{rel}","templated":true}]}}