{"id":38122,"date":"2026-01-22T03:21:42","date_gmt":"2026-01-22T06:21:42","guid":{"rendered":"https:\/\/gilpimentel.com.br\/site\/?p=38122"},"modified":"2026-01-21T21:06:01","modified_gmt":"2026-01-22T00:06:01","slug":"gramado-in-concert-2026-abre-a-agenda-de-eventos-com-apresentacoes-do-maestro-joao-carlos-martins-diogo-noqueira-e-orquestra","status":"publish","type":"post","link":"https:\/\/gilpimentel.com.br\/site\/gramado-in-concert-2026-abre-a-agenda-de-eventos-com-apresentacoes-do-maestro-joao-carlos-martins-diogo-noqueira-e-orquestra\/","title":{"rendered":"GRAMADO IN CONCERT 2026 ABRE A AGENDA DE EVENTOS COM APRESENTA\u00c7\u00d5ES DO MAESTRO JO\u00c3O CARLOS MARTINS, DIOGO NOQUEIRA E ORQUESTRA"},"content":{"rendered":"<p><!--more-->Reconhecido como um dos principais festivais de m\u00fasica erudita da Am\u00e9rica Latina, o Gramado in Concert abre oficialmente a agenda de eventos de Gramado em 2026, com programa\u00e7\u00e3o entre os dias 30 de janeiro e 7 de fevereiro, nos palcos do ExpoGramado e da Rua Coberta. Em sua 12\u00aa edi\u00e7\u00e3o, o festival reafirma seu papel como refer\u00eancia cultural, reunindo concertos, recitais, apresenta\u00e7\u00f5es de m\u00fasica de c\u00e2mara e atividades formativas.<\/p>\n<p>&nbsp;<\/p>\n<p>Ao longo de suas edi\u00e7\u00f5es, o Gramado in Concert se consolidou como um evento de agenda positiva e governan\u00e7a cultural, incentivando a forma\u00e7\u00e3o musical e revelando novos talentos. Jovens m\u00fasicos t\u00eam a oportunidade de vivenciar uma verdadeira imers\u00e3o art\u00edstica, acompanhando concertos de orquestras, grupos de c\u00e2mara e recitais, al\u00e9m de participarem de oficinas e pr\u00e1ticas orquestrais.<\/p>\n<p>&nbsp;<\/p>\n<p>Um dos grandes destaques da edi\u00e7\u00e3o 2026 ser\u00e1 o concerto de encerramento com o maestro Jo\u00e3o Carlos Martins, ao lado da Orquestra Sinf\u00f4nica de Gramado, no dia 7 de fevereiro, \u00e0s 20h, no ExpoGramado. A presen\u00e7a do maestro refor\u00e7a o prest\u00edgio do festival no cen\u00e1rio nacional e internacional.<\/p>\n<p>&nbsp;<\/p>\n<p>\u201cA vinda de Jo\u00e3o Carlos Martins para o Gramado in Concert \u00e9 motivo de grande orgulho para n\u00f3s. Ele representa a excel\u00eancia t\u00e9cnica e a paix\u00e3o pela m\u00fasica erudita que queremos celebrar\u201d, destaca Rosa Helena Volk, presidente da Gramadotur.<\/p>\n<p>&nbsp;<\/p>\n<p>Outro momento aguardado da programa\u00e7\u00e3o \u00e9 o concerto da Orquestra Sinf\u00f4nica de Gramado com o sambista Diogo Nogueira, marcado para o dia 31 de janeiro, promovendo o di\u00e1logo entre a m\u00fasica erudita e a m\u00fasica popular brasileira.<\/p>\n<p>&nbsp;<\/p>\n<p>Todos os anos, o festival abre edital para a participa\u00e7\u00e3o de grupos de c\u00e2mara nacionais e internacionais. Em 2026, foram 23 grupos inscritos, sendo 11 internacionais e 12 nacionais. Os selecionados foram o Quinteto Brassence, de S\u00e3o Paulo, e os grupos Ensamble SUNQU e Eter Quartet, ambos de Lima, no Peru. Al\u00e9m das apresenta\u00e7\u00f5es, os grupos participar\u00e3o de coachings de m\u00fasica de c\u00e2mara durante o evento.<\/p>\n<p>&nbsp;<\/p>\n<p>O Gramado in Concert tamb\u00e9m refor\u00e7a o posicionamento de Gramado como um dos destinos tur\u00edsticos mais desejados do mundo, atraindo visitantes de diversas regi\u00f5es do Brasil e do exterior, que encontram no festival uma combina\u00e7\u00e3o de cultura, excel\u00eancia art\u00edstica e experi\u00eancia tur\u00edstica.<\/p>\n<p>&nbsp;<\/p>\n<p>Servi\u00e7o \u2013 12\u00aa edi\u00e7\u00e3o do Gramado in Concert<\/p>\n<p>&nbsp;<\/p>\n<p>Data: 30 de janeiro a 7 de fevereiro de 2026<\/p>\n<p>&nbsp;<\/p>\n<p>Onde: ExpoGramado e Rua Coberta \u2013 Gramado (RS)<\/p>\n<p>&nbsp;<\/p>\n<p>Ingressos: A programa\u00e7\u00e3o \u00e9 gratuita, com exce\u00e7\u00e3o dos shows de Diogo Nogueira e do maestro Jo\u00e3o Carlos Martins.<\/p>\n<p>&nbsp;<\/p>\n<p>Mais informa\u00e7\u00f5es: www.gramadoinesquecivel.tur.br\/evento\/gramado-in-concert<\/p>\n","protected":false},"excerpt":{"rendered":"","protected":false},"author":2,"featured_media":38123,"comment_status":"closed","ping_status":"closed","sticky":false,"template":"","format":"standard","meta":{"footnotes":""},"categories":[2],"tags":[],"class_list":["post-38122","post","type-post","status-publish","format-standard","has-post-thumbnail","hentry","category-noticias","latest_post"],"_links":{"self":[{"href":"https:\/\/gilpimentel.com.br\/site\/wp-json\/wp\/v2\/posts\/38122","targetHints":{"allow":["GET"]}}],"collection":[{"href":"https:\/\/gilpimentel.com.br\/site\/wp-json\/wp\/v2\/posts"}],"about":[{"href":"https:\/\/gilpimentel.com.br\/site\/wp-json\/wp\/v2\/types\/post"}],"author":[{"embeddable":true,"href":"https:\/\/gilpimentel.com.br\/site\/wp-json\/wp\/v2\/users\/2"}],"replies":[{"embeddable":true,"href":"https:\/\/gilpimentel.com.br\/site\/wp-json\/wp\/v2\/comments?post=38122"}],"version-history":[{"count":1,"href":"https:\/\/gilpimentel.com.br\/site\/wp-json\/wp\/v2\/posts\/38122\/revisions"}],"predecessor-version":[{"id":38124,"href":"https:\/\/gilpimentel.com.br\/site\/wp-json\/wp\/v2\/posts\/38122\/revisions\/38124"}],"wp:featuredmedia":[{"embeddable":true,"href":"https:\/\/gilpimentel.com.br\/site\/wp-json\/wp\/v2\/media\/38123"}],"wp:attachment":[{"href":"https:\/\/gilpimentel.com.br\/site\/wp-json\/wp\/v2\/media?parent=38122"}],"wp:term":[{"taxonomy":"category","embeddable":true,"href":"https:\/\/gilpimentel.com.br\/site\/wp-json\/wp\/v2\/categories?post=38122"},{"taxonomy":"post_tag","embeddable":true,"href":"https:\/\/gilpimentel.com.br\/site\/wp-json\/wp\/v2\/tags?post=38122"}],"curies":[{"name":"wp","href":"https:\/\/api.w.org\/{rel}","templated":true}]}}