{"id":37836,"date":"2026-01-16T10:38:37","date_gmt":"2026-01-16T13:38:37","guid":{"rendered":"https:\/\/gilpimentel.com.br\/site\/?p=37836"},"modified":"2026-01-16T20:09:34","modified_gmt":"2026-01-16T23:09:34","slug":"natura-traz-de-volta-fragrancias-que-foram-sucessos-e-marcaram-na-memoria-dos-brasileiros","status":"publish","type":"post","link":"https:\/\/gilpimentel.com.br\/site\/natura-traz-de-volta-fragrancias-que-foram-sucessos-e-marcaram-na-memoria-dos-brasileiros\/","title":{"rendered":"NATURA TRAZ DE VOLTA FRAGR\u00c2NCIAS QUE FORAM SUCESSOS E MARCARAM NA MEM\u00d3RIA DOS BRASILEIROS"},"content":{"rendered":"<p>Icones olfativos que atravessaram gera\u00e7\u00f5es retornam ao portf\u00f3lio da Natura, em um movimento guiado pela mem\u00f3ria afetiva e pela conex\u00e3o com o p\u00fablico<\/p>\n<p>&nbsp;<\/p>\n<p>Alguns cheiros ficam. Eles atravessam o tempo, acompanham hist\u00f3rias e despertam emo\u00e7\u00f5es antes mesmo de serem reconhecidos racionalmente. Do ponto de vista da neuroci\u00eancia, o olfato tem um caminho \u00fanico no c\u00e9rebro, com acesso direto \u00e0s \u00e1reas ligadas \u00e0 emo\u00e7\u00e3o e \u00e0 mem\u00f3ria. \u00c9 a partir desse entendimento, cient\u00edfico e emocional, que a Natura anuncia o retorno de fragr\u00e2ncias marcantes da sua perfumaria, em um movimento que valoriza o cheiro como parte essencial da constru\u00e7\u00e3o de v\u00ednculos, identidade e bem-estar.<\/p>\n<p>&nbsp;<\/p>\n<p>Ao entrar em contato com uma fragr\u00e2ncia marcante do passado, o corpo tende a reagir de forma quase imediata. \u201c\u00c9 comum que a respira\u00e7\u00e3o se torne mais lenta, a frequ\u00eancia card\u00edaca diminua e surja uma sensa\u00e7\u00e3o de afetiva de conforto\u201d, explica Artur Placeres Neto, Ph.D., Gerente Cient\u00edfico S\u00eanior de Ci\u00eancia de Fragr\u00e2ncias da Natura.<\/p>\n<p>&nbsp;<\/p>\n<p>Esse entendimento se conecta a um movimento comercial criado a partir de um desejo claro dos consumidores: o de reencontrar fragr\u00e2ncias que marcaram diferentes momentos de suas vidas. Atenta a essa demanda, a Natura anuncia o retorno de fragr\u00e2ncias ic\u00f4nicas de sua perfumaria, refor\u00e7ando o papel do cheiro como parte essencial da constru\u00e7\u00e3o de v\u00ednculos, identidade e bem-estar<\/p>\n<p>&nbsp;<\/p>\n<p>Segundo Artur, isso acontece porque o c\u00e9rebro armazena o cheiro junto com a emo\u00e7\u00e3o vivida naquele momento. \u201cQuando o cheiro reaparece, a mem\u00f3ria volta inteira, n\u00e3o s\u00f3 a lembran\u00e7a, mas o sentimento associado a ela\u201d, explica.<\/p>\n<p>&nbsp;<\/p>\n<p>Entre as fragr\u00e2ncias mais lembradas nesse movimento &#8216;cheiro de saudade&#8217; est\u00e3o Natura Shiraz, um amadeirado especiado com jasmim e rosas; Natura Revelar, cl\u00e1ssico da perfumaria da marca; Natura Hoje Masculino e Hoje Feminino, deo col\u00f4nias ideais para o dia a dia; e Urbano, fragr\u00e2ncia que intensifica personalidades fortes e traduz o homem contempor\u00e2neo. Antigos sucessos e recorrente solicitados pelos consumidores, essas fragr\u00e2ncias t\u00e3o pedidas retornam ao portf\u00f3lio da Natura, atendendo ao desejo do p\u00fablico e trazendo de volta o que foi sucesso!<\/p>\n<p>&nbsp;<\/p>\n<p>\u201cAo trazer esses cl\u00e1ssicos de volta, a Natura refor\u00e7a seu compromisso com uma perfumaria que valoriza hist\u00f3rias, conex\u00f5es e emo\u00e7\u00f5es, respeitando seu legado e dialogando com o presente. Porque alguns cheiros n\u00e3o desaparecem; s\u00e3o atemporais &#8220;, afirma Ver\u00f4nica Kato, perfumista da Natura.<\/p>\n<p>&nbsp;<\/p>\n<p>Confira os perfumes que retornam por per\u00edodo limitado:<\/p>\n<p>&nbsp;<\/p>\n<p>Revelar<\/p>\n<p>&nbsp;<\/p>\n<p>Fragr\u00e2ncia envolvente, intensa e sofisticada, onde \u00e0 do\u00e7ura licorosa da baunilha e do cumaru se entrela\u00e7am ao bouquet floral e ao toque aveludado das madeiras.<\/p>\n<p>&nbsp;<\/p>\n<p>Shiraz<\/p>\n<p>&nbsp;<\/p>\n<p>Amadeirado especiado. Jasmin e rosa se unem \u00e0 sensualidade da canela e do cardamomo, envoltos pelas madeiras nobres de s\u00e2ndalo e cedro, com o toque sedutor do \u00e2mbar que revela sua sofistica\u00e7\u00e3o<\/p>\n<p>&nbsp;<\/p>\n<p>Hoje Masculino<\/p>\n<p>&nbsp;<\/p>\n<p>Amadeirado arom\u00e1tico. Combina\u00e7\u00e3o elegante das madeira de cedro e s\u00e2ndalo com o toque \u00fanico de cardamomo com o frescor de lim\u00e3o e menta.<\/p>\n<p>&nbsp;<\/p>\n<p>Hoje Feminino<\/p>\n<p>&nbsp;<\/p>\n<p>Floral c\u00edtrico. Uma harmonia elegante de notas de rosa e violeta, revelada pelo frescor luminoso do toque c\u00edtrico da bergamota.<\/p>\n<p>&nbsp;<\/p>\n<p>Arom\u00e1tico Aquoso. Frescor inesperado de nuances borbulhantes de c\u00edtricos e especiarias se unem ao exclusivo akigalawood, madeira in\u00e9dita na perfumaria mundial, trazendo uma assinatura \u00fanica e surpreendente.<\/p>\n<p>&nbsp;<\/p>\n<p>Sobre a Natura<\/p>\n<p>&nbsp;<\/p>\n<p>Fundada em 1969, a Natura \u00e9 uma multinacional brasileira l\u00edder em beleza e cuidados pessoais na Am\u00e9rica Latina. Por 11 anos consecutivos \u00e9 a companhia de melhor reputa\u00e7\u00e3o do Brasil e mais respons\u00e1vel em ESG pelo ranking Merco. H\u00e1 mais de 25 anos, por meio do relacionamento com comunidades extrativistas na Amaz\u00f4nia, a Natura foi pioneira no uso cosm\u00e9tico de bioativos da sociobiodiversidade brasileira. Hoje, essa atua\u00e7\u00e3o gera benef\u00edcios para milhares de fam\u00edlias e contribui para conservar 2,2 milh\u00f5es de hectares de floresta. A Natura foi a primeira companhia de capital aberto a receber, em 2014, a certifica\u00e7\u00e3o de Empresa B pelo B Lab, organiza\u00e7\u00e3o que reconhece globalmente neg\u00f3cios que combinam a gera\u00e7\u00e3o de lucro ao impacto socioambiental positivo. Com opera\u00e7\u00f5es em 14 pa\u00edses na Am\u00e9rica Latina, os produtos da marca podem ser adquiridos atrav\u00e9s das mais de 3 milh\u00f5es de consultoras na regi\u00e3o, via e-commerce, aplicativo Natura, ou nas mais de mil lojas. Para mais informa\u00e7\u00f5es, visite www.natura.com.br ou acesse os perfis da empresa nas redes sociais: LinkedIn, Facebook e Instagram.<\/p>\n","protected":false},"excerpt":{"rendered":"<p>Icones olfativos que atravessaram gera\u00e7\u00f5es retornam ao portf\u00f3lio da Natura, em um movimento guiado pela mem\u00f3ria afetiva e pela conex\u00e3o com o p\u00fablico &nbsp; Alguns &hellip; <\/p>\n","protected":false},"author":2,"featured_media":37837,"comment_status":"closed","ping_status":"closed","sticky":false,"template":"","format":"standard","meta":{"footnotes":""},"categories":[2],"tags":[],"class_list":["post-37836","post","type-post","status-publish","format-standard","has-post-thumbnail","hentry","category-noticias","latest_post"],"_links":{"self":[{"href":"https:\/\/gilpimentel.com.br\/site\/wp-json\/wp\/v2\/posts\/37836","targetHints":{"allow":["GET"]}}],"collection":[{"href":"https:\/\/gilpimentel.com.br\/site\/wp-json\/wp\/v2\/posts"}],"about":[{"href":"https:\/\/gilpimentel.com.br\/site\/wp-json\/wp\/v2\/types\/post"}],"author":[{"embeddable":true,"href":"https:\/\/gilpimentel.com.br\/site\/wp-json\/wp\/v2\/users\/2"}],"replies":[{"embeddable":true,"href":"https:\/\/gilpimentel.com.br\/site\/wp-json\/wp\/v2\/comments?post=37836"}],"version-history":[{"count":1,"href":"https:\/\/gilpimentel.com.br\/site\/wp-json\/wp\/v2\/posts\/37836\/revisions"}],"predecessor-version":[{"id":37838,"href":"https:\/\/gilpimentel.com.br\/site\/wp-json\/wp\/v2\/posts\/37836\/revisions\/37838"}],"wp:featuredmedia":[{"embeddable":true,"href":"https:\/\/gilpimentel.com.br\/site\/wp-json\/wp\/v2\/media\/37837"}],"wp:attachment":[{"href":"https:\/\/gilpimentel.com.br\/site\/wp-json\/wp\/v2\/media?parent=37836"}],"wp:term":[{"taxonomy":"category","embeddable":true,"href":"https:\/\/gilpimentel.com.br\/site\/wp-json\/wp\/v2\/categories?post=37836"},{"taxonomy":"post_tag","embeddable":true,"href":"https:\/\/gilpimentel.com.br\/site\/wp-json\/wp\/v2\/tags?post=37836"}],"curies":[{"name":"wp","href":"https:\/\/api.w.org\/{rel}","templated":true}]}}