{"id":37812,"date":"2026-01-16T15:38:03","date_gmt":"2026-01-16T18:38:03","guid":{"rendered":"https:\/\/gilpimentel.com.br\/site\/?p=37812"},"modified":"2026-01-16T20:08:32","modified_gmt":"2026-01-16T23:08:32","slug":"primeiro-evento-do-ora-felice-de-2026-anima-deck-do-peppo-cucina","status":"publish","type":"post","link":"https:\/\/gilpimentel.com.br\/site\/primeiro-evento-do-ora-felice-de-2026-anima-deck-do-peppo-cucina\/","title":{"rendered":"PRIMEIRO EVENTO DO ORA FELICE DE 2026 ANIMA DECK DO PEPPO CUCINA"},"content":{"rendered":"<p>O tradicional happy hour do restaurante contar\u00e1 com mais duas edi\u00e7\u00f5es nesse ver\u00e3o<\/p>\n<p>&nbsp;<\/p>\n<p>O Peppo Cucina , renomado restaurante de culin\u00e1ria italiana, deu in\u00edcio \u00e0 sua temporada de ver\u00e3o na \u00faltima quinta-feira (15) com o primeiro encontro do Ora Felice 2026. No primeiro evento da s\u00e9rie de tr\u00eas, que acontecem entre janeiro e mar\u00e7o, foi realizada uma edi\u00e7\u00e3o especial do Vinil no Sof\u00e1, projeto do DJ L\u00ea Araujo, que foi acompanhado do m\u00fasico Luciano Reis no violino. A recep\u00e7\u00e3o contou com o espumante espanhol Cava Don Roman, oferecido pela Importadora Porto a Porto com o welcome drink.<\/p>\n<p>&nbsp;<\/p>\n<p>Al\u00e9m da m\u00fasica, a gastronomia tamb\u00e9m animou a noite atrav\u00e9s da carta de drinks e petiscos do Peppo selecionados especialmente para o encontro, que deixou um gostinho de \u201cquero mais\u201d nos clientes, amigos e personalidades da capital ga\u00facha que prestigiaram o evento. Andr\u00e9a Martins, s\u00f3cia-fundadora do restaurante, comenta: \u201cabrir a temporada com o Vinil no Sof\u00e1 trouxe a leveza que o ver\u00e3o de Porto Alegre pede. O Ora Felice \u00e9 uma tradi\u00e7\u00e3o que adoramos manter, e o sucesso deste primeiro evento nos deixa ainda mais animados para as pr\u00f3ximas edi\u00e7\u00f5es.\u201d<\/p>\n<p>&nbsp;<\/p>\n<p>Pr\u00f3ximas Edi\u00e7\u00f5es \u2013 Ora Felice Peppo Cucina 2026<\/p>\n<p>&nbsp;<\/p>\n<p>Datas: Quinta-feira, 5 de fevereiro e quinta-feira, 5 de mar\u00e7o de 2026.<\/p>\n<p>&nbsp;<\/p>\n<p>Hor\u00e1rios: Das 19h \u00e0s 21h.<\/p>\n<p>&nbsp;<\/p>\n<p>Local: Deck do Peppo Cucina \u2013 Dona Laura, 161, Moinhos de Vento.<\/p>\n<p>&nbsp;<\/p>\n<p>Entrada Franca.<\/p>\n<p>&nbsp;<\/p>\n<p>Sobre o Peppo Cucina<\/p>\n<p>&nbsp;<\/p>\n<p>H\u00e1 21 anos, o Peppo Cucina preserva as ra\u00edzes da culin\u00e1ria italiana com um toque de modernidade na cria\u00e7\u00e3o de novas combina\u00e7\u00f5es. O servi\u00e7o impec\u00e1vel, a adega climatizada com r\u00f3tulos de todos os continentes e o charme da decora\u00e7\u00e3o que mescla o r\u00fastico e o cl\u00e1ssico proporcionam um clima perfeito para noites de confraterniza\u00e7\u00e3o. No almo\u00e7o, a casa oferece uma op\u00e7\u00e3o de menu que contempla a boa gastronomia com a praticidade e composi\u00e7\u00f5es soft em uma sugest\u00e3o com couvert, entrada e prato principal. No deck em frente \u00e0 Casa, o Bar de drinks e petiscos convida ao happy hour. Para eventos sociais ou empresariais, oferece o Scantinato di Peppo, espa\u00e7o no andar de baixo com capacidade para at\u00e9 120 pessoas com card\u00e1pios especiais.<\/p>\n<p>&nbsp;<\/p>\n<p>Instagram<\/p>\n<p>&nbsp;<\/p>\n<p>Peppo Cucina @peppocucina<\/p>\n<p>&nbsp;<\/p>\n<p>L\u00ea Ara\u00fajo @djlearaujo<\/p>\n<p>&nbsp;<\/p>\n<p>Luciano Reis @olucianoreis<\/p>\n<p>&nbsp;<\/p>\n<p>Porto a Porto Porto a Porto Importadora<\/p>\n","protected":false},"excerpt":{"rendered":"<p>O tradicional happy hour do restaurante contar\u00e1 com mais duas edi\u00e7\u00f5es nesse ver\u00e3o &nbsp; O Peppo Cucina , renomado restaurante de culin\u00e1ria italiana, deu in\u00edcio &hellip; <\/p>\n","protected":false},"author":2,"featured_media":37813,"comment_status":"closed","ping_status":"closed","sticky":false,"template":"","format":"standard","meta":{"footnotes":""},"categories":[2],"tags":[],"class_list":["post-37812","post","type-post","status-publish","format-standard","has-post-thumbnail","hentry","category-noticias","latest_post"],"_links":{"self":[{"href":"https:\/\/gilpimentel.com.br\/site\/wp-json\/wp\/v2\/posts\/37812","targetHints":{"allow":["GET"]}}],"collection":[{"href":"https:\/\/gilpimentel.com.br\/site\/wp-json\/wp\/v2\/posts"}],"about":[{"href":"https:\/\/gilpimentel.com.br\/site\/wp-json\/wp\/v2\/types\/post"}],"author":[{"embeddable":true,"href":"https:\/\/gilpimentel.com.br\/site\/wp-json\/wp\/v2\/users\/2"}],"replies":[{"embeddable":true,"href":"https:\/\/gilpimentel.com.br\/site\/wp-json\/wp\/v2\/comments?post=37812"}],"version-history":[{"count":1,"href":"https:\/\/gilpimentel.com.br\/site\/wp-json\/wp\/v2\/posts\/37812\/revisions"}],"predecessor-version":[{"id":37814,"href":"https:\/\/gilpimentel.com.br\/site\/wp-json\/wp\/v2\/posts\/37812\/revisions\/37814"}],"wp:featuredmedia":[{"embeddable":true,"href":"https:\/\/gilpimentel.com.br\/site\/wp-json\/wp\/v2\/media\/37813"}],"wp:attachment":[{"href":"https:\/\/gilpimentel.com.br\/site\/wp-json\/wp\/v2\/media?parent=37812"}],"wp:term":[{"taxonomy":"category","embeddable":true,"href":"https:\/\/gilpimentel.com.br\/site\/wp-json\/wp\/v2\/categories?post=37812"},{"taxonomy":"post_tag","embeddable":true,"href":"https:\/\/gilpimentel.com.br\/site\/wp-json\/wp\/v2\/tags?post=37812"}],"curies":[{"name":"wp","href":"https:\/\/api.w.org\/{rel}","templated":true}]}}