{"id":36885,"date":"2026-03-12T03:28:46","date_gmt":"2026-03-12T06:28:46","guid":{"rendered":"https:\/\/gilpimentel.com.br\/site\/?p=36885"},"modified":"2026-03-11T18:19:39","modified_gmt":"2026-03-11T21:19:39","slug":"auditorio-araujo-vianna-apresenta-chico-cesar","status":"publish","type":"post","link":"https:\/\/gilpimentel.com.br\/site\/auditorio-araujo-vianna-apresenta-chico-cesar\/","title":{"rendered":"AUDIT\u00d3RIO ARA\u00daJO VIANNA APRESENTA CHICO C\u00c9SAR"},"content":{"rendered":"<p>Chico C\u00e9sar, um dos nomes mais relevantes da m\u00fasica brasileira, vai voltar a Porto Alegre com um show especial, que comemora os 30 anos do seu ic\u00f4nico \u00e1lbum de estreia \u201cAos Vivos\u201d (1995). Acompanhado pela Nova Orquestra, o cantor e compositor subir\u00e1 ao palco do Audit\u00f3rio Ara\u00fajo Vianna, no dia 12 de abril.<\/p>\n<p>&nbsp;<\/p>\n<p>Observa\u00e7\u00e3o: por conta de uma readequa\u00e7\u00e3o de agenda, o espet\u00e1culo estava inicialmente previsto para ocorrer no dia 22 de janeiro e foi transferido. Todos os ingressos j\u00e1 adquiridos seguem valendo para a nova data.<\/p>\n<p>&nbsp;<\/p>\n<p>Com destaque para os sucessos \u201cMama \u00c1frica\u201d e \u201c\u00c0 Primeira Vista\u201d e para as vers\u00f5es de \u201cPara\u00edba\u201d (Luiz Gonzaga e Humberto Teixeira) e \u201cAlma n\u00e3o tem Cor\u201d (Andr\u00e9 Abujamra), ele vai executar o disco na \u00edntegra, tamb\u00e9m incluindo no setlist outros sucessos da sua trajet\u00f3ria. Gravado originalmente apenas com voz e viol\u00e3o, o repert\u00f3rio da apresenta\u00e7\u00e3o ganhar\u00e1 um contorno sofisticado com os arranjos sinf\u00f4nicos idealizados especialmente para esse show.<\/p>\n<p>&nbsp;<\/p>\n<p>Uma das obras-primas da nossa MPB, \u201cAos Vivos\u201d (1995) \u00e9 o registro que marcou o surgimento de Chico para o grande p\u00fablico, saindo do seu nicho cult para figurar nas trilhas das novelas da Rede Globo e nas r\u00e1dios FM\u2019s. A repercuss\u00e3o do \u00e1lbum foi extremamente positiva: a cr\u00edtica destacou a for\u00e7a po\u00e9tica e a originalidade das suas can\u00e7\u00f5es, assim como a mistura de ritmos nordestinos com refer\u00eancias urbanas.<\/p>\n<p>&nbsp;<\/p>\n<p>CHICO C\u00c9SAR<\/p>\n<p>&nbsp;<\/p>\n<p>Chico C\u00e9sar \u00e9 reconhecido como um dos grandes nomes da m\u00fasica popular brasileira. Cantor e compositor paraibano, ele est\u00e1 em atividade desde os anos 90, quando ganhou proje\u00e7\u00e3o nacional com os sucessos \u201cMama \u00c1frica\u201d e \u201c\u00c0 Primeira Vista\u201d. A sua trajet\u00f3ria une ritmos nordestinos, MPB, reggae e samba.<\/p>\n<p>&nbsp;<\/p>\n<p>Com uma carreira consolidada tamb\u00e9m no exterior, Chico tem diversos \u00e1lbuns de destaque e composi\u00e7\u00f5es gravadas por figuras consagradas, como Maria Beth\u00e2nia e Zeca Baleiro. As suas can\u00e7\u00f5es carregam uma poesia singular, trazendo altas doses de cr\u00edtica social com bastante criatividade.<\/p>\n<p>&nbsp;<\/p>\n<p>Al\u00e9m da sua atua\u00e7\u00e3o na m\u00fasica, ele tamb\u00e9m \u00e9 uma voz ativa no cen\u00e1rio cultural, tendo exercido cargos p\u00fablicos voltados \u00e0 valoriza\u00e7\u00e3o da arte e da diversidade. A sua postura engajada refor\u00e7a o seu compromisso com causas sociais e com a democratiza\u00e7\u00e3o do acesso \u00e0 cultura.<\/p>\n<p>&nbsp;<\/p>\n<p>Ao alcan\u00e7ar tr\u00eas d\u00e9cadas de carreira, Chico se mant\u00e9m em constante renova\u00e7\u00e3o, produzindo \u00e1lbuns, estabelecendo parcerias e realizando turn\u00eas especiais. A sua obra resume a sua relev\u00e2ncia e a sua vitalidade criativa, traduzindo a for\u00e7a de um artista que alia inventividade, lirismo e compromisso com a m\u00fasica brasileira.<\/p>\n<p>&nbsp;<\/p>\n<p>SERVI\u00c7O \u2013 CHICO C\u00c9SAR<\/p>\n<p>&nbsp;<\/p>\n<p>Onde: Audit\u00f3rio Ara\u00fajo Vianna (Avenida Osvaldo Aranha, 685)<\/p>\n<p>Quando: 12 de abril, domingo, \u00e0s 21h<\/p>\n<p>Abertura da casa: 19h30<\/p>\n<p>Classifica\u00e7\u00e3o: 16 anos<\/p>\n<p>&nbsp;<\/p>\n<p>Ingressos:<\/p>\n<p>&nbsp;<\/p>\n<p>Lote 1:<\/p>\n<p>&nbsp;<\/p>\n<p>Plateia Alta Lateral:<\/p>\n<p>Inteira Solid\u00e1ria (todas as pessoas podem comprar mediante a doa\u00e7\u00e3o de 1kg de alimento n\u00e3o perec\u00edvel): R$ 80<\/p>\n<p>Meia-entrada (desconto de 50%): R$ 70<\/p>\n<p>Inteira: R$ 140<\/p>\n<p>&nbsp;<\/p>\n<p>Plateia Alta Central:<\/p>\n<p>Inteira Solid\u00e1ria (todas as pessoas podem comprar mediante a doa\u00e7\u00e3o de 1kg de alimento n\u00e3o perec\u00edvel): R$ 110<\/p>\n<p>Meia-entrada (desconto de 50%): R$ 100<\/p>\n<p>Inteira: R$ 200<\/p>\n<p>&nbsp;<\/p>\n<p>Plateia Baixa Lateral:<\/p>\n<p>Inteira Solid\u00e1ria (todas as pessoas podem comprar mediante a doa\u00e7\u00e3o de 1kg de alimento n\u00e3o perec\u00edvel): R$ 160<\/p>\n<p>Meia-entrada (desconto de 50%): R$ 150<\/p>\n<p>Inteira: R$ 300<\/p>\n<p>&nbsp;<\/p>\n<p>Plateia Baixa Central:<\/p>\n<p>Inteira Solid\u00e1ria (todas as pessoas podem comprar mediante a doa\u00e7\u00e3o de 1kg de alimento n\u00e3o perec\u00edvel): R$ 190<\/p>\n<p>Meia-entrada (desconto de 50%): R$ 180<\/p>\n<p>Inteira: R$ 360<\/p>\n<p>&nbsp;<\/p>\n<p>Plateia Gold:<\/p>\n<p>Inteira Solid\u00e1ria (todas as pessoas podem comprar mediante a doa\u00e7\u00e3o de 1kg de alimento n\u00e3o perec\u00edvel): R$ 250<\/p>\n<p>Meia-entrada (desconto de 50%): R$ 240<\/p>\n<p>Inteira: R$ 480<\/p>\n<p>&nbsp;<\/p>\n<p>Lote 2:<\/p>\n<p>&nbsp;<\/p>\n<p>Plateia Alta Lateral:<\/p>\n<p>Inteira Solid\u00e1ria (todas as pessoas podem comprar mediante a doa\u00e7\u00e3o de 1kg de alimento n\u00e3o perec\u00edvel): R$ 110<\/p>\n<p>Meia-entrada (desconto de 50%): R$ 100<\/p>\n<p>Inteira: R$ 200<\/p>\n<p>&nbsp;<\/p>\n<p>Plateia Alta Central:<\/p>\n<p>Inteira Solid\u00e1ria (todas as pessoas podem comprar mediante a doa\u00e7\u00e3o de 1kg de alimento n\u00e3o perec\u00edvel): R$ 140<\/p>\n<p>Meia-entrada (desconto de 50%): R$ 130<\/p>\n<p>Inteira: R$ 260<\/p>\n<p>&nbsp;<\/p>\n<p>Plateia Baixa Lateral:<\/p>\n<p>Inteira Solid\u00e1ria (todas as pessoas podem comprar mediante a doa\u00e7\u00e3o de 1kg de alimento n\u00e3o perec\u00edvel): R$ 190<\/p>\n<p>Meia-entrada (desconto de 50%): R$ 180<\/p>\n<p>Inteira: R$ 360<\/p>\n<p>&nbsp;<\/p>\n<p>Plateia Baixa Central:<\/p>\n<p>Inteira Solid\u00e1ria (todas as pessoas podem comprar mediante a doa\u00e7\u00e3o de 1kg de alimento n\u00e3o perec\u00edvel): R$ 220<\/p>\n<p>Meia-entrada (desconto de 50%): R$ 210<\/p>\n<p>Inteira: R$ 420<\/p>\n<p>&nbsp;<\/p>\n<p>Plateia Gold:<\/p>\n<p>Inteira Solid\u00e1ria (todas as pessoas podem comprar mediante a doa\u00e7\u00e3o de 1kg de alimento n\u00e3o perec\u00edvel): R$ 280<\/p>\n<p>Meia-entrada (desconto de 50%): R$ 270<\/p>\n<p>Inteira: R$ 540<\/p>\n<p>&nbsp;<\/p>\n<p>Lote 3:<\/p>\n<p>&nbsp;<\/p>\n<p>Plateia Alta Lateral:<\/p>\n<p>Inteira Solid\u00e1ria (todas as pessoas podem comprar mediante a doa\u00e7\u00e3o de 1kg de alimento n\u00e3o perec\u00edvel): R$ 130<\/p>\n<p>Meia-entrada (desconto de 50%): R$ 120<\/p>\n<p>Inteira: R$ 240<\/p>\n<p>&nbsp;<\/p>\n<p>Plateia Alta Central:<\/p>\n<p>Inteira Solid\u00e1ria (todas as pessoas podem comprar mediante a doa\u00e7\u00e3o de 1kg de alimento n\u00e3o perec\u00edvel): R$ 160<\/p>\n<p>Meia-entrada (desconto de 50%): R$ 150<\/p>\n<p>Inteira: R$ 300<\/p>\n<p>&nbsp;<\/p>\n<p>Plateia Baixa Lateral:<\/p>\n<p>Inteira Solid\u00e1ria (todas as pessoas podem comprar mediante a doa\u00e7\u00e3o de 1kg de alimento n\u00e3o perec\u00edvel): R$ 210<\/p>\n<p>Meia-entrada (desconto de 50%): R$ 200<\/p>\n<p>Inteira: R$ 400<\/p>\n<p>&nbsp;<\/p>\n<p>Plateia Baixa Central:<\/p>\n<p>Inteira Solid\u00e1ria (todas as pessoas podem comprar mediante a doa\u00e7\u00e3o de 1kg de alimento n\u00e3o perec\u00edvel): R$ 240<\/p>\n<p>Meia-entrada (desconto de 50%): R$ 230<\/p>\n<p>Inteira: R$ 460<\/p>\n<p>&nbsp;<\/p>\n<p>Plateia Gold:<\/p>\n<p>Inteira Solid\u00e1ria (todas as pessoas podem comprar mediante a doa\u00e7\u00e3o de 1kg de alimento n\u00e3o perec\u00edvel): R$ 300<\/p>\n<p>Meia-entrada (desconto de 50%): R$ 290<\/p>\n<p>Inteira: R$ 580<\/p>\n<p>&nbsp;<\/p>\n<p>** Os alimentos dever\u00e3o ser entregues no Audit\u00f3rio Ara\u00fajo Vianna, no momento da entrada ao evento.<\/p>\n<p>&nbsp;<\/p>\n<p>*** Para o benef\u00edcio da meia-entrada (50% de desconto), \u00e9 necess\u00e1ria a apresenta\u00e7\u00e3o da Carteira de Identifica\u00e7\u00e3o Estudantil (CIE) na entrada do espet\u00e1culo. Os documentos aceitos como v\u00e1lidos est\u00e3o determinados na Lei Federal 12.933\/13.<\/p>\n<p>&nbsp;<\/p>\n<p>Demais descontos:<\/p>\n<p>&nbsp;<\/p>\n<p>* 50% para idosos: Lei Federal 10.741\/03 \u2013 obrigat\u00f3ria apresenta\u00e7\u00e3o de identidade ou documento oficial com foto.<\/p>\n<p>* 50% para jovens pertencentes a fam\u00edlias de baixa renda: Lei Federal 12.933\/13 \u2013 obrigat\u00f3ria apresenta\u00e7\u00e3o da Carteira de Identidade Jovem e de documento oficial com foto.<\/p>\n<p>* 50% para pessoas com defici\u00eancia (e acompanhante quando necess\u00e1rio): Lei Federal 12.933\/13 \u2013 obrigat\u00f3ria apresenta\u00e7\u00e3o do Cart\u00e3o de Benef\u00edcio de Presta\u00e7\u00e3o Continuada da Assist\u00eancia Social da Pessoa com Defici\u00eancia ou de documento emitido pelo Instituto Nacional do Seguro Social (INSS).<\/p>\n<p>* 50% para doadores regulares de sangue: Lei Estadual n\u00b0 13.891\/12 \u2013 obrigat\u00f3ria apresenta\u00e7\u00e3o de documento oficial v\u00e1lido e expedido pelos hemocentros\/bancos de sangue.<\/p>\n<p>* 50% para s\u00f3cio do Clube do Assinante ZH.<\/p>\n<p>* 50% para clientes Banrisul (com cart\u00e3o de cr\u00e9dito Visa ou Mastercard) na compra de at\u00e9 quatro ingressos (tanto nas bilheterias f\u00edsicas como na modalidade online).<\/p>\n<p>* 50% para clientes Banrisul, exclusivamente com pagamento no cart\u00e3o Banricompras, limitado \u00e0 compra de at\u00e9 quatro ingressos por cliente (v\u00e1lido somente nas bilheterias f\u00edsicas).<\/p>\n<p>&nbsp;<\/p>\n<p>Pontos de venda:<\/p>\n<p>&nbsp;<\/p>\n<p>Bilheteria oficial (sem taxa de conveni\u00eancia \u2013 somente em dinheiro):<\/p>\n<p>Loja Planeta Surf Bourbon Wallig (Avenida Assis Brasil, 2611)<\/p>\n<p>Hor\u00e1rio de funcionamento: de segunda a s\u00e1bado, das 14h \u00e0s 21h<\/p>\n<p>&nbsp;<\/p>\n<p>Bilheteria Ara\u00fajo Vianna (sem taxa de conveni\u00eancia \u2013 \u00e0 vista em dinheiro e no cart\u00e3o):<\/p>\n<p>Aberta somente nos dias de evento, duas horas antes do in\u00edcio de cada show<\/p>\n<p>&nbsp;<\/p>\n<p>Online: www.sympla.com.br\/araujovianna<\/p>\n<p>&nbsp;<\/p>\n<p>Informa\u00e7\u00f5es:<\/p>\n<p>www.araujoviannaoficial.com.br<\/p>\n<p>www.facebook.com\/araujoviannaoficial<\/p>\n<p>www.instagram.com\/araujoviannaoficial<\/p>\n<p>www.twitter.com\/araujovianna_<\/p>\n<p>(51) 3211-2838<\/p>\n","protected":false},"excerpt":{"rendered":"<p>Chico C\u00e9sar, um dos nomes mais relevantes da m\u00fasica brasileira, vai voltar a Porto Alegre com um show especial, que comemora os 30 anos do &hellip; <\/p>\n","protected":false},"author":2,"featured_media":36886,"comment_status":"closed","ping_status":"closed","sticky":false,"template":"","format":"standard","meta":{"footnotes":""},"categories":[2],"tags":[],"class_list":["post-36885","post","type-post","status-publish","format-standard","has-post-thumbnail","hentry","category-noticias","latest_post"],"_links":{"self":[{"href":"https:\/\/gilpimentel.com.br\/site\/wp-json\/wp\/v2\/posts\/36885","targetHints":{"allow":["GET"]}}],"collection":[{"href":"https:\/\/gilpimentel.com.br\/site\/wp-json\/wp\/v2\/posts"}],"about":[{"href":"https:\/\/gilpimentel.com.br\/site\/wp-json\/wp\/v2\/types\/post"}],"author":[{"embeddable":true,"href":"https:\/\/gilpimentel.com.br\/site\/wp-json\/wp\/v2\/users\/2"}],"replies":[{"embeddable":true,"href":"https:\/\/gilpimentel.com.br\/site\/wp-json\/wp\/v2\/comments?post=36885"}],"version-history":[{"count":1,"href":"https:\/\/gilpimentel.com.br\/site\/wp-json\/wp\/v2\/posts\/36885\/revisions"}],"predecessor-version":[{"id":36887,"href":"https:\/\/gilpimentel.com.br\/site\/wp-json\/wp\/v2\/posts\/36885\/revisions\/36887"}],"wp:featuredmedia":[{"embeddable":true,"href":"https:\/\/gilpimentel.com.br\/site\/wp-json\/wp\/v2\/media\/36886"}],"wp:attachment":[{"href":"https:\/\/gilpimentel.com.br\/site\/wp-json\/wp\/v2\/media?parent=36885"}],"wp:term":[{"taxonomy":"category","embeddable":true,"href":"https:\/\/gilpimentel.com.br\/site\/wp-json\/wp\/v2\/categories?post=36885"},{"taxonomy":"post_tag","embeddable":true,"href":"https:\/\/gilpimentel.com.br\/site\/wp-json\/wp\/v2\/tags?post=36885"}],"curies":[{"name":"wp","href":"https:\/\/api.w.org\/{rel}","templated":true}]}}