{"id":35438,"date":"2025-12-04T21:45:00","date_gmt":"2025-12-05T00:45:00","guid":{"rendered":"https:\/\/gilpimentel.com.br\/site\/?p=35438"},"modified":"2025-12-05T10:01:30","modified_gmt":"2025-12-05T13:01:30","slug":"com-evento-inedito-marina-itajai-reune-ecossistema-do-mar-em-dezembro","status":"publish","type":"post","link":"https:\/\/gilpimentel.com.br\/site\/com-evento-inedito-marina-itajai-reune-ecossistema-do-mar-em-dezembro\/","title":{"rendered":"COM EVENTO IN\u00c9DITO, MARINA ITAJA\u00cd RE\u00daNE &#8216;ECOSSISTEMA DO MAR&#8217; EM DEZEMBRO"},"content":{"rendered":"<p>O 1\u00ba Conex\u00e3o Marina Itaja\u00ed, evento de seminovos, de 4 a 7 e de 11 a 14 de dezembro, ter\u00e1 barcos, servi\u00e7os como escola n\u00e1utica, despachante e test drives. O evento, com visita\u00e7\u00e3o gratuita, promete desmistificar a navega\u00e7\u00e3o e simplificar a vida de quem quer comprar, habilitar ou equipar a sua embarca\u00e7\u00e3o para a alta temporada.<\/p>\n<p>&nbsp;<\/p>\n<p>Para quem sonha em navegar ou j\u00e1 tem uma embarca\u00e7\u00e3o e precisa prepar\u00e1-la para o ver\u00e3o, o caminho ficou mais simples. Itaja\u00ed, no litoral catarinense, o principal polo n\u00e1utico do Brasil, sediar\u00e1 em dezembro a primeira edi\u00e7\u00e3o do Conex\u00e3o Marina Itaja\u00ed, um evento que reunir\u00e1 todo o &#8220;ecossistema do mar&#8221; em um s\u00f3 complexo. O evento acontecer\u00e1 em dois finais de semana (de 4 a 7 e de 11 a 14 de dezembro), tem entrada gratuita, e vai oferecer uma experi\u00eancia completa de lazer e servi\u00e7os, mesmo para quem nunca subiu em um barco.<\/p>\n<p>&nbsp;<\/p>\n<p>Do sonho \u00e0 habilita\u00e7\u00e3o: O Conex\u00e3o Marina Itaja\u00ed foi desenhado para eliminar a burocracia do universo n\u00e1utico e trazer op\u00e7\u00f5es de alta qualidade para variados perfis. O visitante pode ir dos p\u00ederes a um restaurante internacional, enquanto resolve quest\u00f5es essenciais:<\/p>\n<p>&nbsp;<\/p>\n<p>Para comprar: Expositores de peso estar\u00e3o com lanchas seminovas de 25 a 60 p\u00e9s expostas, abertas para visita\u00e7\u00e3o e com possibilidade de test drive em alguns modelos. Os amantes dos esportes n\u00e1uticos tamb\u00e9m encontrar\u00e3o jets, scooters aqu\u00e1ticas e modelos para a pr\u00e1tica de wake surf e wakeboarding.<\/p>\n<p>&nbsp;<\/p>\n<p>Para habilitar: A Bravo Zulu Escola N\u00e1utica estar\u00e1 presente para orientar sobre cursos de habilita\u00e7\u00e3o (Arrais e Motonauta) e a regulariza\u00e7\u00e3o de documentos junto \u00e0 Marinha.<\/p>\n<p>&nbsp;<\/p>\n<p>Para equipar e customizar: O evento reunir\u00e1 empresas especializadas em equipamentos e motores como: Mastermarine, HSU\/Yanmar, Prime\/Volvo Penta; design de interiores (Almare Design N\u00e1utico), e servi\u00e7os de manuten\u00e7\u00e3o (Carioca Fibras, Anchor Servi\u00e7os, JRG Corp e Multinox) para deixar o barco pronto para a temporada.<\/p>\n<p>&nbsp;<\/p>\n<p>\u201cNosso objetivo com o Conex\u00e3o Marina Itaja\u00ed \u00e9 reunir todo o ecossistema n\u00e1utico em um s\u00f3 lugar e, al\u00e9m disso, todas as empresas que apresentam seus produtos no evento j\u00e1 atuam aqui, mais uma refer\u00eancia e seguran\u00e7a na hora da compra. Isso facilita a jornada do visitante, que consegue comparar modelos, consultar especialistas, resolver documenta\u00e7\u00e3o e planejar a pr\u00f3xima temporada em poucas horas,\u201d afirma Carlos Gayoso de Oliveira, diretor da Marina Itaja\u00ed.<\/p>\n<p>&nbsp;<\/p>\n<p>A proposta do evento \u00e9 transformar a visita t\u00e9cnica em um passeio em fam\u00edlia. A Marina Itaja\u00ed complementa com sua estrutura, paisagens e gastronomia de alto padr\u00e3o O p\u00fablico pode circular pelos p\u00ederes e, na mesma programa\u00e7\u00e3o, almo\u00e7ar ou jantar em restaurantes como o Zebuino Parrilla e Fogo e o Zephyr Seafood &amp; Nikkei, que oferecem vistas privilegiadas para a ba\u00eda.<\/p>\n<p>&nbsp;<\/p>\n<p>SERVI\u00c7O<\/p>\n<p>&nbsp;<\/p>\n<p>O que: Conex\u00e3o Marina Itaja\u00ed<\/p>\n<p>&nbsp;<\/p>\n<p>Quando: 04 a 07 de dezembro e de 11 a 14 de dezembro (de quinta a domingo)<\/p>\n<p>&nbsp;<\/p>\n<p>Onde: Marina Itaja\u00ed &#8211; Av. Carlos Ely Castro, 100 \u2013 Centro, Itaja\u00ed\/SC<\/p>\n<p>&nbsp;<\/p>\n<p>Hor\u00e1rios: Quinta e domingo das 11h \u00e0s 17h, sexta e s\u00e1bado das 11h \u00e0s 20h<\/p>\n<p>&nbsp;<\/p>\n<p>Entrada: Gratuita.<\/p>\n<p>&nbsp;<\/p>\n<p>Sobre a Marina Itaja\u00ed<\/p>\n<p>&nbsp;<\/p>\n<p>Com in\u00edcio das opera\u00e7\u00f5es em 2016, a Marina Itaja\u00ed est\u00e1 localizada no centro de Itaja\u00ed, SC, ao lado do Centreventos. Modernos equipamentos como ForkLift para at\u00e9 12 toneladas e TravelLift para at\u00e9 75 toneladas, s\u00e3o um diferencial na sua configura\u00e7\u00e3o, al\u00e9m do posto de combust\u00edvel com bandeira BR, sendo a \u00fanica marina no sul do pa\u00eds com Diesel Verana. Possui espa\u00e7o gastron\u00f4mico com dois restaurantes internacionais, o Zephyr Seafood &amp; Nikkei e o Zebuino Parrilla e Fogo, com amplo estacionamento, ponto de carregamento de carros el\u00e9tricos e heliponto. Foi a primeira marina do Brasil com certifica\u00e7\u00e3o internacional ISO 14.001\/2015 e Bandeira Azul.<\/p>\n<p>&nbsp;<\/p>\n<p>Mais informa\u00e7\u00f5es: https:\/\/www.marinaitajai.com\/<\/p>\n","protected":false},"excerpt":{"rendered":"<p>O 1\u00ba Conex\u00e3o Marina Itaja\u00ed, evento de seminovos, de 4 a 7 e de 11 a 14 de dezembro, ter\u00e1 barcos, servi\u00e7os como escola n\u00e1utica, &hellip; <\/p>\n","protected":false},"author":2,"featured_media":35439,"comment_status":"closed","ping_status":"closed","sticky":false,"template":"","format":"standard","meta":{"footnotes":""},"categories":[2],"tags":[],"class_list":["post-35438","post","type-post","status-publish","format-standard","has-post-thumbnail","hentry","category-noticias","latest_post"],"_links":{"self":[{"href":"https:\/\/gilpimentel.com.br\/site\/wp-json\/wp\/v2\/posts\/35438","targetHints":{"allow":["GET"]}}],"collection":[{"href":"https:\/\/gilpimentel.com.br\/site\/wp-json\/wp\/v2\/posts"}],"about":[{"href":"https:\/\/gilpimentel.com.br\/site\/wp-json\/wp\/v2\/types\/post"}],"author":[{"embeddable":true,"href":"https:\/\/gilpimentel.com.br\/site\/wp-json\/wp\/v2\/users\/2"}],"replies":[{"embeddable":true,"href":"https:\/\/gilpimentel.com.br\/site\/wp-json\/wp\/v2\/comments?post=35438"}],"version-history":[{"count":1,"href":"https:\/\/gilpimentel.com.br\/site\/wp-json\/wp\/v2\/posts\/35438\/revisions"}],"predecessor-version":[{"id":35440,"href":"https:\/\/gilpimentel.com.br\/site\/wp-json\/wp\/v2\/posts\/35438\/revisions\/35440"}],"wp:featuredmedia":[{"embeddable":true,"href":"https:\/\/gilpimentel.com.br\/site\/wp-json\/wp\/v2\/media\/35439"}],"wp:attachment":[{"href":"https:\/\/gilpimentel.com.br\/site\/wp-json\/wp\/v2\/media?parent=35438"}],"wp:term":[{"taxonomy":"category","embeddable":true,"href":"https:\/\/gilpimentel.com.br\/site\/wp-json\/wp\/v2\/categories?post=35438"},{"taxonomy":"post_tag","embeddable":true,"href":"https:\/\/gilpimentel.com.br\/site\/wp-json\/wp\/v2\/tags?post=35438"}],"curies":[{"name":"wp","href":"https:\/\/api.w.org\/{rel}","templated":true}]}}