{"id":35396,"date":"2025-12-04T23:24:35","date_gmt":"2025-12-05T02:24:35","guid":{"rendered":"https:\/\/gilpimentel.com.br\/site\/?p=35396"},"modified":"2025-12-05T09:58:29","modified_gmt":"2025-12-05T12:58:29","slug":"voluntarios-do-aeroporto-de-uruguaiana-visitam-lar-de-idosos-para-tarde-de-jogos-brincadeiras-e-momentos-de-autocuidado-e-bem-estar","status":"publish","type":"post","link":"https:\/\/gilpimentel.com.br\/site\/voluntarios-do-aeroporto-de-uruguaiana-visitam-lar-de-idosos-para-tarde-de-jogos-brincadeiras-e-momentos-de-autocuidado-e-bem-estar\/","title":{"rendered":"VOLUNT\u00c1RIOS DO AEROPORTO DE URUGUAIANA VISITAM LAR DE IDOSOS PARA TARDE DE JOGOS, BRINCADEIRAS E MOMENTOS DE AUTOCUIDADO E BEM-ESTAR"},"content":{"rendered":"<p>Iniciativa reuniu cerca de 10 colaboradores que visitaram o Lar da Velhice S\u00e3o Vicente de Paula e promoveram atividades como jogos, pintura de unhas e cuidados com o cabelo<\/p>\n<p>&nbsp;<\/p>\n<p>O Aeroporto de Uruguaiana realizou no dia 2 de dezembro uma a\u00e7\u00e3o social de voluntariado no Lar da Velhice S\u00e3o Vicente de Paula, para promover uma tarde de amor e empatia para com os idosos. Os cerca de 10 colaboradores da Motiva levaram escovas, grampos de cabelo, esmalte para unhas, maquiagens, enfeites de natal e um super caf\u00e9 da tarde.<\/p>\n<p>&nbsp;<\/p>\n<p>Para o gerente do Aeroporto de Uruguaiana, Wesley Puygcerver, a atividade representa muito bem o prop\u00f3sito do programa de voluntariado: \u201ca a\u00e7\u00e3o no Lar da Velhice S\u00e3o Vicente de Paula mostra que gestos simples tamb\u00e9m podem fazer a diferen\u00e7a. A visita simboliza muito bem o prop\u00f3sito do nosso voluntariado, que \u00e9 gerar impacto positivo na comunidade que nos rodeia. \u00c9 gratificante ver nossos colaboradores levando carinho para quem mais precisa\u201d, completou o gestor.<\/p>\n<p>&nbsp;<\/p>\n<p>A a\u00e7\u00e3o dos volunt\u00e1rios do Aeroporto de Uruguaiana faz parte da Semana Internacional de Voluntariado, em que a Motiva, maior empresa de infraestrutura de mobilidade do Brasil, est\u00e1 promovendo 15 a\u00e7\u00f5es solid\u00e1rias durante a Semana Internacional do Voluntariado. A programa\u00e7\u00e3o acontecer\u00e1 de 25 de novembro a 6 de dezembro, beneficiando mais de 3 mil pessoas que vivem nas regi\u00f5es atendidas pelas rodovias, aeroportos, trens, metr\u00f4s e VLT administrados pela companhia.<\/p>\n<p>&nbsp;<\/p>\n<p>Entre as atividades previstas est\u00e3o oficinas educacionais, a\u00e7\u00f5es ambientais, atividades recreativas e iniciativas de promo\u00e7\u00e3o \u00e0 sa\u00fade. Aproximadamente 380 colaboradores da Motiva dedicar\u00e3o 57 horas de trabalho volunt\u00e1rio ao longo da semana, levando apoio e aten\u00e7\u00e3o a diversas institui\u00e7\u00f5es parceiras.<\/p>\n<p>&nbsp;<\/p>\n<p>As a\u00e7\u00f5es deste ano abrangem os estados da Bahia, Rio Grande do Sul, Paran\u00e1, S\u00e3o Paulo, Piau\u00ed, Maranh\u00e3o e Tocantins. Em 2024, mais de 3 mil colaboradores j\u00e1 haviam participado de iniciativas do Programa de Voluntariado da Motiva, refor\u00e7ando o engajamento da empresa em projetos sociais.<\/p>\n<p>&nbsp;<\/p>\n<p>Atualmente, cerca de 3 mil colaboradores de rodovias, aeroportos, trens, metr\u00f4s e VLT est\u00e3o inscritos no Programa de Voluntariado da Motiva, contribuindo regularmente com a\u00e7\u00f5es presenciais e virtuais do programa.<\/p>\n<p>&nbsp;<\/p>\n<p>Sobre o Aeroporto de Uruguaiana: Est\u00e1 localizado na fronteira com a Argentina e \u00e9 estrat\u00e9gico para a malha a\u00e9rea regional no Rio Grande do Sul e a integra\u00e7\u00e3o internacional no extremo sul do pa\u00eds. Est\u00e1 sob administra\u00e7\u00e3o da Motiva desde mar\u00e7o de 2022.<\/p>\n<p>&nbsp;<\/p>\n<p>Sobre a Motiva: Maior empresa de infraestrutura de mobilidade do Brasil, a Motiva atua nas plataformas de Rodovias, Trilhos e Aeroportos. S\u00e3o 39 ativos, em 13 estados brasileiros e mais de 16 mil colaboradores. A Companhia \u00e9 respons\u00e1vel pela gest\u00e3o e manuten\u00e7\u00e3o de 4.475 quil\u00f4metros de rodovias, realizando cerca de 3,6 mil atendimentos diariamente. Em sua plataforma de trilhos, por meio da gest\u00e3o de metr\u00f4s, trens e VLT, transporta anualmente 750 milh\u00f5es de passageiros. Em aeroportos, com 17 unidades no Brasil e tr\u00eas no exterior, atende aproximadamente 45 milh\u00f5es de clientes anualmente. Primeira empresa do Brasil a integrar o Novo Mercado, a Companhia est\u00e1 listada h\u00e1 14 anos no hall de sustentabilidade da B3.<\/p>\n<p>&nbsp;<\/p>\n<p>Mais informa\u00e7\u00f5es \u00e0 imprensa: imprensa.urg@motiva.com.br<\/p>\n","protected":false},"excerpt":{"rendered":"<p>Iniciativa reuniu cerca de 10 colaboradores que visitaram o Lar da Velhice S\u00e3o Vicente de Paula e promoveram atividades como jogos, pintura de unhas e &hellip; <\/p>\n","protected":false},"author":2,"featured_media":35397,"comment_status":"closed","ping_status":"closed","sticky":false,"template":"","format":"standard","meta":{"footnotes":""},"categories":[2],"tags":[],"class_list":["post-35396","post","type-post","status-publish","format-standard","has-post-thumbnail","hentry","category-noticias","latest_post"],"_links":{"self":[{"href":"https:\/\/gilpimentel.com.br\/site\/wp-json\/wp\/v2\/posts\/35396","targetHints":{"allow":["GET"]}}],"collection":[{"href":"https:\/\/gilpimentel.com.br\/site\/wp-json\/wp\/v2\/posts"}],"about":[{"href":"https:\/\/gilpimentel.com.br\/site\/wp-json\/wp\/v2\/types\/post"}],"author":[{"embeddable":true,"href":"https:\/\/gilpimentel.com.br\/site\/wp-json\/wp\/v2\/users\/2"}],"replies":[{"embeddable":true,"href":"https:\/\/gilpimentel.com.br\/site\/wp-json\/wp\/v2\/comments?post=35396"}],"version-history":[{"count":1,"href":"https:\/\/gilpimentel.com.br\/site\/wp-json\/wp\/v2\/posts\/35396\/revisions"}],"predecessor-version":[{"id":35398,"href":"https:\/\/gilpimentel.com.br\/site\/wp-json\/wp\/v2\/posts\/35396\/revisions\/35398"}],"wp:featuredmedia":[{"embeddable":true,"href":"https:\/\/gilpimentel.com.br\/site\/wp-json\/wp\/v2\/media\/35397"}],"wp:attachment":[{"href":"https:\/\/gilpimentel.com.br\/site\/wp-json\/wp\/v2\/media?parent=35396"}],"wp:term":[{"taxonomy":"category","embeddable":true,"href":"https:\/\/gilpimentel.com.br\/site\/wp-json\/wp\/v2\/categories?post=35396"},{"taxonomy":"post_tag","embeddable":true,"href":"https:\/\/gilpimentel.com.br\/site\/wp-json\/wp\/v2\/tags?post=35396"}],"curies":[{"name":"wp","href":"https:\/\/api.w.org\/{rel}","templated":true}]}}