{"id":35366,"date":"2025-12-04T23:36:46","date_gmt":"2025-12-05T02:36:46","guid":{"rendered":"https:\/\/gilpimentel.com.br\/site\/?p=35366"},"modified":"2025-12-05T10:05:49","modified_gmt":"2025-12-05T13:05:49","slug":"darte-entretenimento-assina-o-natal-em-nova-friburgo-rj","status":"publish","type":"post","link":"https:\/\/gilpimentel.com.br\/site\/darte-entretenimento-assina-o-natal-em-nova-friburgo-rj\/","title":{"rendered":"DARTE ENTRETENIMENTO ASSINA O NATAL EM NOVA FRIBURGO (RJ)"},"content":{"rendered":"<p>Programa\u00e7\u00e3o de &#8220;Um Encanto de Natal&#8221; vai de 5 de dezembro a 11 de janeiro de 2026<\/p>\n<p>&nbsp;<\/p>\n<p>A temporada de Natal, um dos eventos mais aguardados do calend\u00e1rio tur\u00edstico de Nova Friburgo (RJ) ter\u00e1 a presen\u00e7a da Darte Entretenimento, empresa que h\u00e1 quase duas d\u00e9cadas atua na ind\u00fastria do entretenimento e projetos personalizados. A programa\u00e7\u00e3o da 5\u00aa temporada de \u201cUm Encanto de Natal\u201d vai de 5 de dezembro a 11 de janeiro de 2026, e ter\u00e1 cerim\u00f4nia de acendimento das luzes, cenografia com humaniza\u00e7\u00e3o e quatro desfiles natalinos. Os detalhes foram apresentados nesta quinta-feira (04) em uma coletiva de imprensa.<\/p>\n<p>&nbsp;<\/p>\n<p>A Darte assina o projeto de cenografia e a humaniza\u00e7\u00e3o da \u2018Vila do Papai Noel\u2019, na Pra\u00e7a Dermeval Barbosa Moreira. Al\u00e9m disso, far\u00e1, a partir do dia 5, a Cerim\u00f4nia de Acendimento das Luzes, que vai acontecer sempre de ter\u00e7a a domingo, \u00e0s 19h, inaugurando diariamente a atmosfera m\u00e1gica e renovando o esp\u00edrito natalino da popula\u00e7\u00e3o.<\/p>\n<p>&nbsp;<\/p>\n<p>Grande atra\u00e7\u00e3o na programa\u00e7\u00e3o de \u201cUm Encanto de Natal\u201d s\u00e3o os Desfiles Natalinos, que est\u00e3o programados para os dias 13 e 14, 20 e 21 de dezembro, \u00e0s 20h. O local escolhido \u00e9 a Avenida Alberto Braune, que receber\u00e1 quatro carros aleg\u00f3ricos e mais de 100 artistas locais no elenco, que atrav\u00e9s da m\u00fasica, dan\u00e7a, figurinos e personagens \u00fanicos fazem a magia do natal acontecer, encantando o p\u00fablico com a narrativa apresentada.<\/p>\n<p>&nbsp;<\/p>\n<p>Al\u00e9m da programa\u00e7\u00e3o em Nova Friburgo, a Darte Entretenimento marca presen\u00e7a outros grandes projetos de Natal, como o Natal do Bem em Goi\u00e2nia, o Viva o Natal BC, em Balne\u00e1rio Cambori\u00fa (foto de abertura). Al\u00e9m desses, assina projetos em Gramado, Canela, Bento Gon\u00e7alves, Porto Alegre, Itabera\u00ed, Belo Horizonte e Rio de Janeiro, e foi a respons\u00e1vel na reinven\u00e7\u00e3o e no reposicionamento estrat\u00e9gico de eventos como o Natal Luz de Gramado e o Sonho de Natal de Canela.<\/p>\n<p>&nbsp;<\/p>\n<p>\u201cUm Encanto de Natal\u201d \u00e9 uma realiza\u00e7\u00e3o da Prefeitura de Nova Friburgo, por meio da Secretaria Municipal de Turismo, e promete consolidar a cidade como o maior destino natalino do interior do Estado do Rio de Janeiro.<\/p>\n<p>&nbsp;<\/p>\n<p>Para refer\u00eancia<\/p>\n<p>Com quase duas d\u00e9cadas de experi\u00eancia, a Darte Entretenimento \u00e9 uma empresa especializada na gest\u00e3o, cria\u00e7\u00e3o, produ\u00e7\u00e3o e execu\u00e7\u00e3o de entretenimento e espet\u00e1culos, cenografias e humaniza\u00e7\u00e3o de cen\u00e1rios. Misturando m\u00fasica, dan\u00e7a, teatro, circo e tecnologias, a Darte transforma suas cria\u00e7\u00f5es em grandes e in\u00e9ditas produ\u00e7\u00f5es art\u00edsticas realizando atualmente mais de 1000 shows por ano, com um elenco base de 50 artistas para as mais variadas performances em sua sede, e mais de 800 em seu casting, em todo o territ\u00f3rio nacional. Atua tamb\u00e9m na cria\u00e7\u00e3o e gest\u00e3o de entretenimento das pizzarias Cara de Mau e do Mundo Criamigos, hotel e parque tem\u00e1tico.<\/p>\n","protected":false},"excerpt":{"rendered":"<p>Programa\u00e7\u00e3o de &#8220;Um Encanto de Natal&#8221; vai de 5 de dezembro a 11 de janeiro de 2026 &nbsp; A temporada de Natal, um dos eventos &hellip; <\/p>\n","protected":false},"author":2,"featured_media":35367,"comment_status":"closed","ping_status":"closed","sticky":false,"template":"","format":"standard","meta":{"footnotes":""},"categories":[2],"tags":[],"class_list":["post-35366","post","type-post","status-publish","format-standard","has-post-thumbnail","hentry","category-noticias","latest_post"],"_links":{"self":[{"href":"https:\/\/gilpimentel.com.br\/site\/wp-json\/wp\/v2\/posts\/35366","targetHints":{"allow":["GET"]}}],"collection":[{"href":"https:\/\/gilpimentel.com.br\/site\/wp-json\/wp\/v2\/posts"}],"about":[{"href":"https:\/\/gilpimentel.com.br\/site\/wp-json\/wp\/v2\/types\/post"}],"author":[{"embeddable":true,"href":"https:\/\/gilpimentel.com.br\/site\/wp-json\/wp\/v2\/users\/2"}],"replies":[{"embeddable":true,"href":"https:\/\/gilpimentel.com.br\/site\/wp-json\/wp\/v2\/comments?post=35366"}],"version-history":[{"count":1,"href":"https:\/\/gilpimentel.com.br\/site\/wp-json\/wp\/v2\/posts\/35366\/revisions"}],"predecessor-version":[{"id":35368,"href":"https:\/\/gilpimentel.com.br\/site\/wp-json\/wp\/v2\/posts\/35366\/revisions\/35368"}],"wp:featuredmedia":[{"embeddable":true,"href":"https:\/\/gilpimentel.com.br\/site\/wp-json\/wp\/v2\/media\/35367"}],"wp:attachment":[{"href":"https:\/\/gilpimentel.com.br\/site\/wp-json\/wp\/v2\/media?parent=35366"}],"wp:term":[{"taxonomy":"category","embeddable":true,"href":"https:\/\/gilpimentel.com.br\/site\/wp-json\/wp\/v2\/categories?post=35366"},{"taxonomy":"post_tag","embeddable":true,"href":"https:\/\/gilpimentel.com.br\/site\/wp-json\/wp\/v2\/tags?post=35366"}],"curies":[{"name":"wp","href":"https:\/\/api.w.org\/{rel}","templated":true}]}}