{"id":35351,"date":"2025-12-04T21:44:26","date_gmt":"2025-12-05T00:44:26","guid":{"rendered":"https:\/\/gilpimentel.com.br\/site\/?p=35351"},"modified":"2025-12-05T09:54:04","modified_gmt":"2025-12-05T12:54:04","slug":"belo-horizonte-celebra-128-anos-com-shows-de-sorriso-maroto-nattan-e-bruna-lipiani","status":"publish","type":"post","link":"https:\/\/gilpimentel.com.br\/site\/belo-horizonte-celebra-128-anos-com-shows-de-sorriso-maroto-nattan-e-bruna-lipiani\/","title":{"rendered":"BELO HORIZONTE CELEBRA 128 ANOS COM SHOWS DE SORRISO MAROTO, NATTAN E BRUNA LIPIANI"},"content":{"rendered":"<p>Com entrada gratuita, festa acontece no dia 12 de dezembro, na Pra\u00e7a da Esta\u00e7\u00e3o; p\u00fablico tem a op\u00e7\u00e3o de comprar ingressos para a \u00c1rea Vip<\/p>\n<p>&nbsp;<\/p>\n<p>A capital mineira faz anivers\u00e1rio e a popula\u00e7\u00e3o ganha como presente uma festa com grandes nomes da m\u00fasica brasileira. No dia 12 de dezembro, sexta-feira, a partir das 21h, a Pra\u00e7a da Esta\u00e7\u00e3o ser\u00e1 palco de um evento em homenagem aos 128 anos de Belo Horizonte, com shows de Sorriso Maroto, Nattan e Bruna Lipiani. A entrada \u00e9 gratuita e h\u00e1 a op\u00e7\u00e3o de compra de ingressos para a \u00c1rea Vip por meio do site www.nenety.com.br.<\/p>\n<p>&nbsp;<\/p>\n<p>Com mais de 25 anos de carreira, o grupo Sorriso Maroto chega a Belo Horizonte para embalar a Pra\u00e7a da Esta\u00e7\u00e3o com seus maiores sucessos. Formado em 1997 no Graja\u00fa, bairro do Rio de Janeiro, o grupo se consolidou como um dos principais nomes do pagode nacional, com hits como &#8220;Futuro Prometido&#8221;, &#8220;Sinais&#8221; e &#8220;Cora\u00e7\u00e3o Deserto&#8221;. Carism\u00e1tico e com uma energia inconfund\u00edvel, o vocalista Bruno Cardoso promete conduzir o p\u00fablico em uma noite de muitas emo\u00e7\u00f5es e quebradeiras ao som do samba rom\u00e2ntico que marcou gera\u00e7\u00f5es.<\/p>\n<p>&nbsp;<\/p>\n<p>Aclamado como um dos novos \u00edcones do forr\u00f3 no Brasil, Nattan, promete transformar a Pra\u00e7a da Esta\u00e7\u00e3o em um verdadeiro &#8220;arrai\u00e1&#8221; com suas batidas que mesclam forr\u00f3 eletr\u00f4nico e pisadinha. Com sucessos como &#8220;Tem Cabar\u00e9 Essa Noite&#8221;, que ganhou as redes sociais e ruas do pa\u00eds, e &#8220;Comunica\u00e7\u00e3o Falhou&#8221;, em parceria com Mari Fernandez, o jovem cearense promete um show especial para celebrar o anivers\u00e1rio da capital mineira.<\/p>\n<p>&nbsp;<\/p>\n<p>J\u00e1 a cantora mineira Bruna Lipiani, a mais jovem revela\u00e7\u00e3o no cen\u00e1rio musical brasileiro, representa o talento belorizontino na festa. Sua voz marcante e presen\u00e7a de palco inconfund\u00edvel conquistaram o carinho de uma base de f\u00e3s crescente, delineando um espa\u00e7o de protagonismo na m\u00fasica nacional. A artista se prepara para emocionar o p\u00fablico da Pra\u00e7a da Esta\u00e7\u00e3o com um repert\u00f3rio variado, que promete agradar a diferentes gera\u00e7\u00f5es.<\/p>\n<p>&nbsp;<\/p>\n<p>Realizado pela Nenety Eventos, o anivers\u00e1rio de Belo Horizonte conta com as marcas Esportes da Sorte, Cart\u00f5es Caixa e Elo como apresentadoras oficiais do evento. A iniciativa \u00e9 patrocinada por grandes nomes como Supermercados BH, MRV e APVS, com o apoio institucional da Prefeitura de Belo Horizonte, por meio da Belotur.<\/p>\n<p>&nbsp;<\/p>\n<p>Celebra\u00e7\u00e3o aos 128 anos da capital mineira<\/p>\n<p>&nbsp;<\/p>\n<p>Fundada em 12 de dezembro de 1897, Belo Horizonte foi concebida como a primeira cidade planejada do Brasil, substituindo Ouro Preto como a capital de Minas Gerais. Projetada pelo engenheiro Aar\u00e3o Reis, a cidade teve como marco inicial a organiza\u00e7\u00e3o urbana delimitada pela ic\u00f4nica Avenida do Contorno. Hoje, com seus 128 anos de hist\u00f3ria, a cidade \u00e9 um dos principais centros urbanos do Brasil, combinando modernidade com tradi\u00e7\u00e3o. Reconhecida por sua rica cena cultural, culin\u00e1ria inigual\u00e1vel e pela hospitalidade de seu povo, a capital mineira destaca-se como um dos maiores polos econ\u00f4micos, culturais e educacionais do pa\u00eds. Al\u00e9m disso, BH \u00e9 carinhosamente conhecida como a &#8220;capital dos bares&#8221;, um reflexo da sua efervescente vida social, que faz da cidade um lugar \u00fanico e plural.<\/p>\n<p>&nbsp;<\/p>\n<p>Servi\u00e7o:<\/p>\n<p>&nbsp;<\/p>\n<p>Anivers\u00e1rio de 128 Anos de Belo Horizonte<\/p>\n<p>&nbsp;<\/p>\n<p>Data: 12 de dezembro<\/p>\n<p>&nbsp;<\/p>\n<p>Hor\u00e1rio: 21h<\/p>\n<p>&nbsp;<\/p>\n<p>Local: Pra\u00e7a da Esta\u00e7\u00e3o \u2013 Centro, Belo Horizonte<\/p>\n<p>&nbsp;<\/p>\n<p>Atra\u00e7\u00f5es: Sorriso Maroto, Nattan e Bruna Lipiani<\/p>\n<p>&nbsp;<\/p>\n<p>Entrada: Gratuita<\/p>\n<p>&nbsp;<\/p>\n<p>Ingressos de \u00c1rea Vip \u00e0 venda por meio do site www.nenety.com.br<\/p>\n<p>&nbsp;<\/p>\n<p>Realizado pela Nenety Eventos, o anivers\u00e1rio de Belo Horizonte conta com as marcas Esportes da Sorte, Cart\u00f5es Caixa e Elo como apresentadoras oficiais do evento. A iniciativa \u00e9 patrocinada por grandes nomes como Supermercados BH, MRV e APVS, com o apoio institucional da Prefeitura de Belo Horizonte, por meio da Belotur.<\/p>\n","protected":false},"excerpt":{"rendered":"<p>Com entrada gratuita, festa acontece no dia 12 de dezembro, na Pra\u00e7a da Esta\u00e7\u00e3o; p\u00fablico tem a op\u00e7\u00e3o de comprar ingressos para a \u00c1rea Vip &hellip; <\/p>\n","protected":false},"author":2,"featured_media":35352,"comment_status":"closed","ping_status":"closed","sticky":false,"template":"","format":"standard","meta":{"footnotes":""},"categories":[2],"tags":[],"class_list":["post-35351","post","type-post","status-publish","format-standard","has-post-thumbnail","hentry","category-noticias","latest_post"],"_links":{"self":[{"href":"https:\/\/gilpimentel.com.br\/site\/wp-json\/wp\/v2\/posts\/35351","targetHints":{"allow":["GET"]}}],"collection":[{"href":"https:\/\/gilpimentel.com.br\/site\/wp-json\/wp\/v2\/posts"}],"about":[{"href":"https:\/\/gilpimentel.com.br\/site\/wp-json\/wp\/v2\/types\/post"}],"author":[{"embeddable":true,"href":"https:\/\/gilpimentel.com.br\/site\/wp-json\/wp\/v2\/users\/2"}],"replies":[{"embeddable":true,"href":"https:\/\/gilpimentel.com.br\/site\/wp-json\/wp\/v2\/comments?post=35351"}],"version-history":[{"count":1,"href":"https:\/\/gilpimentel.com.br\/site\/wp-json\/wp\/v2\/posts\/35351\/revisions"}],"predecessor-version":[{"id":35353,"href":"https:\/\/gilpimentel.com.br\/site\/wp-json\/wp\/v2\/posts\/35351\/revisions\/35353"}],"wp:featuredmedia":[{"embeddable":true,"href":"https:\/\/gilpimentel.com.br\/site\/wp-json\/wp\/v2\/media\/35352"}],"wp:attachment":[{"href":"https:\/\/gilpimentel.com.br\/site\/wp-json\/wp\/v2\/media?parent=35351"}],"wp:term":[{"taxonomy":"category","embeddable":true,"href":"https:\/\/gilpimentel.com.br\/site\/wp-json\/wp\/v2\/categories?post=35351"},{"taxonomy":"post_tag","embeddable":true,"href":"https:\/\/gilpimentel.com.br\/site\/wp-json\/wp\/v2\/tags?post=35351"}],"curies":[{"name":"wp","href":"https:\/\/api.w.org\/{rel}","templated":true}]}}