{"id":35310,"date":"2025-12-04T12:35:32","date_gmt":"2025-12-04T15:35:32","guid":{"rendered":"https:\/\/gilpimentel.com.br\/site\/?p=35310"},"modified":"2025-12-04T14:36:35","modified_gmt":"2025-12-04T17:36:35","slug":"exposicao-vitrines-metamorfoses-em-luz-aberta-para-visitacao-na-associacao-leopoldina-juvenil","status":"publish","type":"post","link":"https:\/\/gilpimentel.com.br\/site\/exposicao-vitrines-metamorfoses-em-luz-aberta-para-visitacao-na-associacao-leopoldina-juvenil\/","title":{"rendered":"EXPOSI\u00c7\u00c3O \u201cVITRINES: METAMORFOSES EM LUZ\u201d ABERTA PARA VISITA\u00c7\u00c3O NA ASSOCIA\u00c7\u00c3O LEOPOLDINA JUVENIL"},"content":{"rendered":"<p>At\u00e9 o dia 19 de dezembro a Associa\u00e7\u00e3o Leopoldina Juvenil recebe a exposi\u00e7\u00e3o \u201cVitrines: Metamorfoses em Luz\u201d, da artista visual Milena Julianno, com curadoria de Andr\u00e9 Venzon. A mostra integra a programa\u00e7\u00e3o da Semana de Cultura e Arte ALJ e convida o p\u00fablico a vivenciar uma experi\u00eancia sensorial marcada por luz, cor e movimento. As obras est\u00e3o dispostas no Solar do Marqu\u00eas (Rua Marqu\u00eas do Herval, 280 &#8211; Moinhos de Vento) e tem entrada gratuita e aberta ao p\u00fablico diariamente, das 7h \u00e0s 23h.<\/p>\n<p>&nbsp;<\/p>\n<p>\u201cVitrines: Metamorfoses em Luz\u201d, apresenta obras que exploram a simbologia da borboleta como met\u00e1fora de transforma\u00e7\u00e3o, ciclo e renova\u00e7\u00e3o. Em di\u00e1logo com a passagem da Primavera para o Ver\u00e3o, Milena Julianno cria uma atmosfera de cores vibrantes e energia po\u00e9tica, transformando o Solar do Marqu\u00eas em uma superf\u00edcie luminosa, onde caixas, paredes e transpar\u00eancias atuam como vitrines que revelam vida, mem\u00f3rias e delicadeza.<\/p>\n<p>&nbsp;<\/p>\n<p>A artista, natural de Porto Alegre, com trajet\u00f3ria destacada em exposi\u00e7\u00f5es no Brasil e no exterior, premiada internacionalmente, desenvolve uma pesquisa que une arte, natureza e bioarte, com especial interesse pela lepidopterologia. Suas obras prop\u00f5em n\u00e3o apenas contempla\u00e7\u00e3o, mas tamb\u00e9m reflex\u00e3o sobre preserva\u00e7\u00e3o ambiental. Andr\u00e9 Venzon, artista visual, gestor cultural e mestre em Po\u00e9ticas Visuais, assina a curadoria da mostra. Com ampla atua\u00e7\u00e3o no cen\u00e1rio art\u00edstico ga\u00facho, Venzon desenvolve pesquisas sobre processos criativos e rela\u00e7\u00f5es entre arte e sociedade, sendo respons\u00e1vel por importantes projetos curatoriais no estado.<\/p>\n","protected":false},"excerpt":{"rendered":"<p>At\u00e9 o dia 19 de dezembro a Associa\u00e7\u00e3o Leopoldina Juvenil recebe a exposi\u00e7\u00e3o \u201cVitrines: Metamorfoses em Luz\u201d, da artista visual Milena Julianno, com curadoria de &hellip; <\/p>\n","protected":false},"author":2,"featured_media":35311,"comment_status":"closed","ping_status":"closed","sticky":false,"template":"","format":"standard","meta":{"footnotes":""},"categories":[2],"tags":[],"class_list":["post-35310","post","type-post","status-publish","format-standard","has-post-thumbnail","hentry","category-noticias","latest_post"],"_links":{"self":[{"href":"https:\/\/gilpimentel.com.br\/site\/wp-json\/wp\/v2\/posts\/35310","targetHints":{"allow":["GET"]}}],"collection":[{"href":"https:\/\/gilpimentel.com.br\/site\/wp-json\/wp\/v2\/posts"}],"about":[{"href":"https:\/\/gilpimentel.com.br\/site\/wp-json\/wp\/v2\/types\/post"}],"author":[{"embeddable":true,"href":"https:\/\/gilpimentel.com.br\/site\/wp-json\/wp\/v2\/users\/2"}],"replies":[{"embeddable":true,"href":"https:\/\/gilpimentel.com.br\/site\/wp-json\/wp\/v2\/comments?post=35310"}],"version-history":[{"count":1,"href":"https:\/\/gilpimentel.com.br\/site\/wp-json\/wp\/v2\/posts\/35310\/revisions"}],"predecessor-version":[{"id":35312,"href":"https:\/\/gilpimentel.com.br\/site\/wp-json\/wp\/v2\/posts\/35310\/revisions\/35312"}],"wp:featuredmedia":[{"embeddable":true,"href":"https:\/\/gilpimentel.com.br\/site\/wp-json\/wp\/v2\/media\/35311"}],"wp:attachment":[{"href":"https:\/\/gilpimentel.com.br\/site\/wp-json\/wp\/v2\/media?parent=35310"}],"wp:term":[{"taxonomy":"category","embeddable":true,"href":"https:\/\/gilpimentel.com.br\/site\/wp-json\/wp\/v2\/categories?post=35310"},{"taxonomy":"post_tag","embeddable":true,"href":"https:\/\/gilpimentel.com.br\/site\/wp-json\/wp\/v2\/tags?post=35310"}],"curies":[{"name":"wp","href":"https:\/\/api.w.org\/{rel}","templated":true}]}}