{"id":35244,"date":"2025-12-01T08:54:17","date_gmt":"2025-12-01T11:54:17","guid":{"rendered":"https:\/\/gilpimentel.com.br\/site\/?p=35244"},"modified":"2025-12-04T08:03:29","modified_gmt":"2025-12-04T11:03:29","slug":"ulbra-homenageia-nesta-segunda-1o-personalidades-gauchas-que-se-destacaram-em-2025","status":"publish","type":"post","link":"https:\/\/gilpimentel.com.br\/site\/ulbra-homenageia-nesta-segunda-1o-personalidades-gauchas-que-se-destacaram-em-2025\/","title":{"rendered":"ULBRA HOMENAGEIA NESTA SEGUNDA, 1\u00ba, PERSONALIDADES GA\u00daCHAS QUE SE DESTACARAM EM 2025"},"content":{"rendered":"<p>O evento ser\u00e1 \u00e0s 19h no Audit\u00f3rio do pr\u00e9dio 1, no Campus Canoas<\/p>\n<p>&nbsp;<\/p>\n<p>A Universidade Luterana do Brasil (Ulbra) promove, nesta segunda-feira, 1\u00ba de dezembro, o Pr\u00eamio M\u00e9rito Ulbra que homenagear\u00e1 personalidades ga\u00fachas que mais se destacaram em 2025, superando adversidades, empreendendo e desenvolvendo a\u00e7\u00f5es de impacto social no Rio Grande do Sul. A solenidade ser\u00e1 realizada no Audit\u00f3rio do pr\u00e9dio 1, \u00e0s 19h, no Campus da Ulbra, em Canoas.<\/p>\n<p>&nbsp;<\/p>\n<p>Entre os premiados: o governador do Estado, Eduardo Leite; o presidente do Tribunal de Justi\u00e7a do RS, o Procurador-Geral de Justi\u00e7a e o Defensor P\u00fablico Geral do Estado; tamb\u00e9m o comandante da Brigada Militar e o Chefe de Pol\u00edcia; os presidentes da Fiergs, Federasul, FCDL, Farsul, OAB, Cotrijal, Amrigs, Simers e do Conselho Federal de Medicina, prefeitos, secret\u00e1rios estaduais, deputados, vereadores, jornalistas, influenciadores, empres\u00e1rios, ex-atletas, artistas e lideran\u00e7as, entre outros.<\/p>\n<p>&nbsp;<\/p>\n<p>Ao todo, teremos cerca de 100 agraciados com o Trof\u00e9u M\u00e9rito Ulbra, escolhidos pela comunidade acad\u00eamica em nove categorias:<\/p>\n<p>&nbsp;<\/p>\n<p>*Pr\u00eamio Inova\u00e7\u00e3o e Tecnologia*<\/p>\n<p>&nbsp;<\/p>\n<p>Reconhece empresas, startups ou profissionais que se destacam no desenvolvimento de solu\u00e7\u00f5es tecnol\u00f3gicas e inovadoras com impacto positivo na sociedade.<\/p>\n<p>&nbsp;<\/p>\n<p>*Pr\u00eamio Educa\u00e7\u00e3o e Transforma\u00e7\u00e3o Social*<\/p>\n<p>&nbsp;<\/p>\n<p>Destinado a institui\u00e7\u00f5es, ONGs ou lideran\u00e7as que promovem a inclus\u00e3o, o acesso \u00e0 educa\u00e7\u00e3o e a transforma\u00e7\u00e3o de comunidades.<\/p>\n<p>&nbsp;<\/p>\n<p>*Pr\u00eamio Sa\u00fade e Bem-Estar*<\/p>\n<p>&nbsp;<\/p>\n<p>Homenageia profissionais e institui\u00e7\u00f5es de sa\u00fade que contribuem de forma relevante para o cuidado humano, a pesquisa e a qualidade de vida.<\/p>\n<p>&nbsp;<\/p>\n<p>*Pr\u00eamio Sustentabilidade e Responsabilidade Ambiental*<\/p>\n<p>&nbsp;<\/p>\n<p>Valoriza empresas, iniciativas ou lideran\u00e7as comprometidas com pr\u00e1ticas de sustentabilidade, preserva\u00e7\u00e3o ambiental e economia verde.<\/p>\n<p>&nbsp;<\/p>\n<p>*Pr\u00eamio Cultura e Desenvolvimento Humano*<\/p>\n<p>&nbsp;<\/p>\n<p>Reconhece artistas, produtores culturais ou institui\u00e7\u00f5es que promovem arte, esporte, diversidade e cultura como instrumentos de crescimento social.<\/p>\n<p>&nbsp;<\/p>\n<p>*Pr\u00eamio Empresa Parceira do Conhecimento*<\/p>\n<p>&nbsp;<\/p>\n<p>Destinado a organiza\u00e7\u00f5es que mant\u00eam parcerias com a academia, fomentam pesquisa aplicada, est\u00e1gios, inova\u00e7\u00e3o e empregabilidade.<\/p>\n<p>&nbsp;<\/p>\n<p>*Comunica\u00e7\u00e3o que Transforma*<\/p>\n<p>&nbsp;<\/p>\n<p>Reconhece quem retratou em mat\u00e9rias jornal\u00edsticas, textos, coment\u00e1rios ou campanhas publicit\u00e1rias, informa\u00e7\u00f5es, a\u00e7\u00f5es ou fatos que impactaram positivamente e geraram engajamento e desenvolvimento econ\u00f4mico e social.<\/p>\n<p>&nbsp;<\/p>\n<p>*Pr\u00eamio Lideran\u00e7a Inspiradora*<\/p>\n<p>&nbsp;<\/p>\n<p>Concede destaque a l\u00edderes empresariais, comunit\u00e1rios ou institucionais que inspiram pelo exemplo \u00e9tico, vision\u00e1rio e transformador.<\/p>\n<p>&nbsp;<\/p>\n<p>*Pr\u00eamio Legado ULBRA &#8212; Impacto Regional e Nacional*<\/p>\n<p>&nbsp;<\/p>\n<p>Reconhece personalidades, empresas ou institui\u00e7\u00f5es que deixaram contribui\u00e7\u00e3o duradoura ao desenvolvimento do pa\u00eds ou das regi\u00f5es onde a Ulbra atua.<\/p>\n<p>&nbsp;<\/p>\n<p>&#8220;O pr\u00eamio foi criado no intuito de homenagear personagens ga\u00fachas que com coragem superaram os obst\u00e1culos para transformar o Estado, investindo em cuidar de quem precisa e focar no desenvolvimento econ\u00f4mico e social do Rio Grande do Sul&#8221;, observa o presidente da Ulbra, Carlos Melke.<\/p>\n","protected":false},"excerpt":{"rendered":"<p>O evento ser\u00e1 \u00e0s 19h no Audit\u00f3rio do pr\u00e9dio 1, no Campus Canoas &nbsp; A Universidade Luterana do Brasil (Ulbra) promove, nesta segunda-feira, 1\u00ba de &hellip; <\/p>\n","protected":false},"author":2,"featured_media":35245,"comment_status":"closed","ping_status":"closed","sticky":false,"template":"","format":"standard","meta":{"footnotes":""},"categories":[2],"tags":[],"class_list":["post-35244","post","type-post","status-publish","format-standard","has-post-thumbnail","hentry","category-noticias","latest_post"],"_links":{"self":[{"href":"https:\/\/gilpimentel.com.br\/site\/wp-json\/wp\/v2\/posts\/35244","targetHints":{"allow":["GET"]}}],"collection":[{"href":"https:\/\/gilpimentel.com.br\/site\/wp-json\/wp\/v2\/posts"}],"about":[{"href":"https:\/\/gilpimentel.com.br\/site\/wp-json\/wp\/v2\/types\/post"}],"author":[{"embeddable":true,"href":"https:\/\/gilpimentel.com.br\/site\/wp-json\/wp\/v2\/users\/2"}],"replies":[{"embeddable":true,"href":"https:\/\/gilpimentel.com.br\/site\/wp-json\/wp\/v2\/comments?post=35244"}],"version-history":[{"count":1,"href":"https:\/\/gilpimentel.com.br\/site\/wp-json\/wp\/v2\/posts\/35244\/revisions"}],"predecessor-version":[{"id":35246,"href":"https:\/\/gilpimentel.com.br\/site\/wp-json\/wp\/v2\/posts\/35244\/revisions\/35246"}],"wp:featuredmedia":[{"embeddable":true,"href":"https:\/\/gilpimentel.com.br\/site\/wp-json\/wp\/v2\/media\/35245"}],"wp:attachment":[{"href":"https:\/\/gilpimentel.com.br\/site\/wp-json\/wp\/v2\/media?parent=35244"}],"wp:term":[{"taxonomy":"category","embeddable":true,"href":"https:\/\/gilpimentel.com.br\/site\/wp-json\/wp\/v2\/categories?post=35244"},{"taxonomy":"post_tag","embeddable":true,"href":"https:\/\/gilpimentel.com.br\/site\/wp-json\/wp\/v2\/tags?post=35244"}],"curies":[{"name":"wp","href":"https:\/\/api.w.org\/{rel}","templated":true}]}}