{"id":35234,"date":"2025-12-30T00:30:29","date_gmt":"2025-12-30T03:30:29","guid":{"rendered":"https:\/\/gilpimentel.com.br\/site\/?p=35234"},"modified":"2025-12-29T22:52:46","modified_gmt":"2025-12-30T01:52:46","slug":"festival-internacional-sesc-de-musica-confirma-alunos-e-professores-de-varias-partes-do-mundo-e-numero-recorde-de-atracoes","status":"publish","type":"post","link":"https:\/\/gilpimentel.com.br\/site\/festival-internacional-sesc-de-musica-confirma-alunos-e-professores-de-varias-partes-do-mundo-e-numero-recorde-de-atracoes\/","title":{"rendered":"FESTIVAL INTERNACIONAL SESC DE M\u00daSICA CONFIRMA ALUNOS E PROFESSORES DE V\u00c1RIAS PARTES DO MUNDO, E N\u00daMERO RECORDE DE ATRA\u00c7\u00d5ES"},"content":{"rendered":"<p>Tradicional evento cultural volta a Pelotas de 19 a 30 de janeiro de 2026<\/p>\n<p>&nbsp;<\/p>\n<p>Pelotas vai voltar a respirar m\u00fasica com a 14\u00aa edi\u00e7\u00e3o do Festival Internacional Sesc de M\u00fasica. O evento vai acontecer de 19 a 30 de janeiro, confirmando a presen\u00e7a de cerca de 400 alunos de m\u00fasica e um quadro ampliado de 59 professores vindos de v\u00e1rias partes do mundo. Al\u00e9m disso, ser\u00e3o mais de 115 apresenta\u00e7\u00f5es gratuitas &#8211; um n\u00famero recorde -, entre concertos e recitais que ocupar\u00e3o teatros, pra\u00e7as, igrejas, hospitais e espa\u00e7os simb\u00f3licos da cidade, como o Mercado P\u00fablico e a Praia do Laranjal. A programa\u00e7\u00e3o oficial ser\u00e1 divulgada em dezembro.<\/p>\n<p>&nbsp;<\/p>\n<p>\u201cO Festival Internacional Sesc de M\u00fasica \u00e9 uma express\u00e3o muito clara do compromisso do Sesc com a cultura como instrumento de desenvolvimento humano e social. Ao reunir professores e estudantes de diversas partes do mundo com um p\u00fablico entusiasmado, que acompanha atentamente cada atra\u00e7\u00e3o, o evento reafirma o valor do encontro e da partilha, princ\u00edpios que inspiram a nossa atua\u00e7\u00e3o h\u00e1 d\u00e9cadas. Estamos extremamente entusiasmados pelo in\u00edcio de mais uma bela edi\u00e7\u00e3o&#8221;, comemora a gerente de Cultura do Sesc\/RS, Luciana Stello. O evento \u00e9 realizado pelo Sistema Fecom\u00e9rcio-RS\/Sesc\/Senac e IFEP, com apoio institucional da Prefeitura Municipal de Pelotas e apoio cultural da Universidade Federal de Pelotas, Universidade Cat\u00f3lica de Pelotas, Faculdade Senac, OSPA, Unisinos e Expresso Embaixador.<\/p>\n<p>&nbsp;<\/p>\n<p>No eixo educativo, o quadro de professores foi ampliado para qualificar a forma\u00e7\u00e3o das Orquestras Jovens Sesc, que ter\u00e3o especialistas em diferentes instrumentos para atendimento aos jovens do projeto social. Ao todo, entre os 59 professores, 12 nacionalidades est\u00e3o representadas: Alemanha, Argentina, Bielorr\u00fassia, Brasil, Bulg\u00e1ria, Canad\u00e1, Espanha, It\u00e1lia, Jap\u00e3o, Portugal, Rom\u00eania e R\u00fassia. As classes contemplam violino, viola, violoncelo, contrabaixo, harpa, flauta, obo\u00e9, clarinete, fagote, trompa, trompete, trombone tenor, trombone baixo, tuba, saxofone, euf\u00f4nio, percuss\u00e3o, canto l\u00edrico, piano, composi\u00e7\u00e3o e choro, al\u00e9m de pr\u00e1ticas de orquestra, banda sinf\u00f4nica e m\u00fasica de c\u00e2mara.<\/p>\n<p>&nbsp;<\/p>\n<p>H\u00e1 ampla diversidade, tamb\u00e9m, entre os alunos. Com bolsas parciais e integrais, os selecionados representam os estados de Amazonas, Bahia, Cear\u00e1, Distrito Federal, Esp\u00edrito Santo, Goi\u00e1s, Maranh\u00e3o, Minas Gerais, Mato Grosso do Sul, Par\u00e1, Para\u00edba, Pernambuco, Paran\u00e1, Rio de Janeiro, Rio Grande do Norte, Roraima, Santa Catarina, Sergipe e S\u00e3o Paulo, e as cidades ga\u00fachas de Cachoeirinha, Cap\u00e3o do Le\u00e3o, Carlos Barbosa, Caxias do Sul, Farroupilha, Gua\u00edba, Ivoti, Montenegro, Novo Hamburgo, Passo Fundo, Pelotas, Porto Alegre, Restinga Seca, Rio Grande, Santa Maria, Uruguaiana e Viam\u00e3o. Da Am\u00e9rica Latina, h\u00e1 integrantes da Argentina, Col\u00f4mbia, M\u00e9xico, Peru, Uruguai e Venezuela.<\/p>\n<p>&nbsp;<\/p>\n<p>Arte Sesc \u2013 \u00c9 um dos pilares priorit\u00e1rios para o Sesc\/RS e tem como prop\u00f3sitos a valoriza\u00e7\u00e3o da arte e a dissemina\u00e7\u00e3o da cultura para a sociedade de forma democr\u00e1tica e acess\u00edvel, com a\u00e7\u00f5es que proporcionem a forma\u00e7\u00e3o de plateias dos mais diferentes p\u00fablicos. Dessa forma, promove atividades culturais de teatro, m\u00fasica, artes pl\u00e1sticas, circo, literatura e cinema, com uma intensa troca de experi\u00eancias para ampliar o acesso \u00e0 produ\u00e7\u00e3o art\u00edstica.<\/p>\n<p>&nbsp;<\/p>\n<p>14\u00ba Festival Internacional Sesc de M\u00fasica &#8211; Sesc\/RS<\/p>\n<p>&nbsp;<\/p>\n<p>Data: 19 a 30 de janeiro<\/p>\n<p>&nbsp;<\/p>\n<p>Local: Diferentes espa\u00e7os de Pelotas\/RS<\/p>\n<p>&nbsp;<\/p>\n<p>Ingressos: estar\u00e3o dispon\u00edveis para reserva antecipada a partir de 14\/01<\/p>\n<p>&nbsp;<\/p>\n<p>Informa\u00e7\u00f5es complementares: www.sesc-rs.com.br\/festival<\/p>\n","protected":false},"excerpt":{"rendered":"<p>Tradicional evento cultural volta a Pelotas de 19 a 30 de janeiro de 2026 &nbsp; Pelotas vai voltar a respirar m\u00fasica com a 14\u00aa edi\u00e7\u00e3o &hellip; <\/p>\n","protected":false},"author":2,"featured_media":36921,"comment_status":"closed","ping_status":"closed","sticky":false,"template":"","format":"standard","meta":{"footnotes":""},"categories":[2],"tags":[],"class_list":["post-35234","post","type-post","status-publish","format-standard","has-post-thumbnail","hentry","category-noticias","latest_post"],"_links":{"self":[{"href":"https:\/\/gilpimentel.com.br\/site\/wp-json\/wp\/v2\/posts\/35234","targetHints":{"allow":["GET"]}}],"collection":[{"href":"https:\/\/gilpimentel.com.br\/site\/wp-json\/wp\/v2\/posts"}],"about":[{"href":"https:\/\/gilpimentel.com.br\/site\/wp-json\/wp\/v2\/types\/post"}],"author":[{"embeddable":true,"href":"https:\/\/gilpimentel.com.br\/site\/wp-json\/wp\/v2\/users\/2"}],"replies":[{"embeddable":true,"href":"https:\/\/gilpimentel.com.br\/site\/wp-json\/wp\/v2\/comments?post=35234"}],"version-history":[{"count":1,"href":"https:\/\/gilpimentel.com.br\/site\/wp-json\/wp\/v2\/posts\/35234\/revisions"}],"predecessor-version":[{"id":35236,"href":"https:\/\/gilpimentel.com.br\/site\/wp-json\/wp\/v2\/posts\/35234\/revisions\/35236"}],"wp:featuredmedia":[{"embeddable":true,"href":"https:\/\/gilpimentel.com.br\/site\/wp-json\/wp\/v2\/media\/36921"}],"wp:attachment":[{"href":"https:\/\/gilpimentel.com.br\/site\/wp-json\/wp\/v2\/media?parent=35234"}],"wp:term":[{"taxonomy":"category","embeddable":true,"href":"https:\/\/gilpimentel.com.br\/site\/wp-json\/wp\/v2\/categories?post=35234"},{"taxonomy":"post_tag","embeddable":true,"href":"https:\/\/gilpimentel.com.br\/site\/wp-json\/wp\/v2\/tags?post=35234"}],"curies":[{"name":"wp","href":"https:\/\/api.w.org\/{rel}","templated":true}]}}