{"id":35225,"date":"2025-12-02T15:00:14","date_gmt":"2025-12-02T18:00:14","guid":{"rendered":"https:\/\/gilpimentel.com.br\/site\/?p=35225"},"modified":"2025-12-04T07:42:17","modified_gmt":"2025-12-04T10:42:17","slug":"o-recado-novo-single-da-banda-roupa-nova-homenageia-paulinho-e-ja-esta-disponivel-nas-plataformas-de-audio","status":"publish","type":"post","link":"https:\/\/gilpimentel.com.br\/site\/o-recado-novo-single-da-banda-roupa-nova-homenageia-paulinho-e-ja-esta-disponivel-nas-plataformas-de-audio\/","title":{"rendered":"O RECADO: NOVO SINGLE DA BANDA ROUPA NOVA HOMENAGEIA PAULINHO E J\u00c1 EST\u00c1 DISPON\u00cdVEL NAS PLATAFORMAS DE \u00c1UDIO"},"content":{"rendered":"<p>Faixa faz parte do novo EP com lan\u00e7amento em janeiro<\/p>\n<p>&nbsp;<\/p>\n<p>Em mais uma surpresa para os f\u00e3s, Roupa Nova lan\u00e7a \u201cO Recado\u201d, can\u00e7\u00e3o que chega carregada de emo\u00e7\u00e3o e significado. A faixa \u00e9 uma homenagem ao eterno vocalista Paulinho, um dos pilares da banda e voz que marcou gera\u00e7\u00f5es com interpreta\u00e7\u00f5es inesquec\u00edveis.<\/p>\n<p>&nbsp;<\/p>\n<p>Em versos como \u201cguarda o meu lugar ao seu lado, que a roda do tempo trilha sempre uma s\u00f3 dire\u00e7\u00e3o\u201d, a m\u00fasica composta por Nando, traduz com delicadeza o sentimento de despedida e de continuidade que une o grupo e seus f\u00e3s. \u00c9 um recado de amor, amizade e gratid\u00e3o, entre cora\u00e7\u00f5es que seguem conectados mesmo diante da aus\u00eancia. Com arranjos refinados e o caracter\u00edstico equil\u00edbrio entre emo\u00e7\u00e3o e t\u00e9cnica, \u201cO Recado\u201d reafirma a capacidade do Roupa Nova de transformar sentimentos universais em can\u00e7\u00f5es atemporais.<\/p>\n<p>&nbsp;<\/p>\n<p>Gravada com a atual forma\u00e7\u00e3o: Nando, Cleberson Horsth, Ricardo Feghali, Kiko, Serginho Herval e F\u00e1bio Nestares, a faixa celebra uma nova fase da banda e a for\u00e7a em seguir adiante sem perder a ess\u00eancia que a consagrou.<\/p>\n<p>&nbsp;<\/p>\n<p>O lan\u00e7amento acontece em parceria com a ONErpm, uma das principais plataformas de distribui\u00e7\u00e3o e marketing musical do mundo, respons\u00e1vel por potencializar o alcance digital do grupo e aproximar novas gera\u00e7\u00f5es do som e da hist\u00f3ria do Roupa Nova.<\/p>\n<p>&nbsp;<\/p>\n<p>\u201cO Recado\u201d j\u00e1 est\u00e1 dispon\u00edvel em todas as plataformas de \u00e1udio, e faz parte do novo EP da banda que ser\u00e1 lan\u00e7ado em janeiro do pr\u00f3ximo ano.<\/p>\n","protected":false},"excerpt":{"rendered":"<p>Faixa faz parte do novo EP com lan\u00e7amento em janeiro &nbsp; Em mais uma surpresa para os f\u00e3s, Roupa Nova lan\u00e7a \u201cO Recado\u201d, can\u00e7\u00e3o que &hellip; <\/p>\n","protected":false},"author":2,"featured_media":35226,"comment_status":"closed","ping_status":"closed","sticky":false,"template":"","format":"standard","meta":{"footnotes":""},"categories":[2],"tags":[],"class_list":["post-35225","post","type-post","status-publish","format-standard","has-post-thumbnail","hentry","category-noticias","latest_post"],"_links":{"self":[{"href":"https:\/\/gilpimentel.com.br\/site\/wp-json\/wp\/v2\/posts\/35225","targetHints":{"allow":["GET"]}}],"collection":[{"href":"https:\/\/gilpimentel.com.br\/site\/wp-json\/wp\/v2\/posts"}],"about":[{"href":"https:\/\/gilpimentel.com.br\/site\/wp-json\/wp\/v2\/types\/post"}],"author":[{"embeddable":true,"href":"https:\/\/gilpimentel.com.br\/site\/wp-json\/wp\/v2\/users\/2"}],"replies":[{"embeddable":true,"href":"https:\/\/gilpimentel.com.br\/site\/wp-json\/wp\/v2\/comments?post=35225"}],"version-history":[{"count":1,"href":"https:\/\/gilpimentel.com.br\/site\/wp-json\/wp\/v2\/posts\/35225\/revisions"}],"predecessor-version":[{"id":35227,"href":"https:\/\/gilpimentel.com.br\/site\/wp-json\/wp\/v2\/posts\/35225\/revisions\/35227"}],"wp:featuredmedia":[{"embeddable":true,"href":"https:\/\/gilpimentel.com.br\/site\/wp-json\/wp\/v2\/media\/35226"}],"wp:attachment":[{"href":"https:\/\/gilpimentel.com.br\/site\/wp-json\/wp\/v2\/media?parent=35225"}],"wp:term":[{"taxonomy":"category","embeddable":true,"href":"https:\/\/gilpimentel.com.br\/site\/wp-json\/wp\/v2\/categories?post=35225"},{"taxonomy":"post_tag","embeddable":true,"href":"https:\/\/gilpimentel.com.br\/site\/wp-json\/wp\/v2\/tags?post=35225"}],"curies":[{"name":"wp","href":"https:\/\/api.w.org\/{rel}","templated":true}]}}