{"id":35218,"date":"2025-12-03T23:15:59","date_gmt":"2025-12-04T02:15:59","guid":{"rendered":"https:\/\/gilpimentel.com.br\/site\/?p=35218"},"modified":"2025-12-03T23:42:03","modified_gmt":"2025-12-04T02:42:03","slug":"terra-gaucha-trajetorias-criativas-e-o-novo-projeto-do-fotografo-eurico-salis-com-lancamento-dia-5-de-dezembro-no-tecnopuc","status":"publish","type":"post","link":"https:\/\/gilpimentel.com.br\/site\/terra-gaucha-trajetorias-criativas-e-o-novo-projeto-do-fotografo-eurico-salis-com-lancamento-dia-5-de-dezembro-no-tecnopuc\/","title":{"rendered":"TERRA GA\u00daCHA \u2013 TRAJET\u00d3RIAS CRIATIVAS \u00c9 O NOVO PROJETO DO FOT\u00d3GRAFO EURICO SALIS, COM LAN\u00c7AMENTO DIA 5 DE DEZEMBRO NO TECNOPUC"},"content":{"rendered":"<p>O projeto Terra Ga\u00facha \u2013 Trajet\u00f3rias Criativas, idealizado e fotografado por Eurico Salis, percorre o Rio Grande do Sul em busca de hist\u00f3rias que brotam da terra, do trabalho e da cultura viva de seus territ\u00f3rios. Nele s\u00e3o ampliadas as trajet\u00f3rias de artistas, produtores, empreendedores e l\u00edderes comunit\u00e1rios que transformam seus contextos com criatividade, consci\u00eancia ambiental e sentido coletivo. Pessoas que fazem da ancestralidade um motor de inova\u00e7\u00e3o; que usam o que t\u00eam ao redor para criar o novo; e que cultivam v\u00ednculos profundos com a natureza, com suas ra\u00edzes e com o futuro. A produ\u00e7\u00e3o de fotografias com personagens para o livro aconteceu em 15 cidades RS: Bag\u00e9, Bento Gon\u00e7alves, Barra do Quara\u00ed, Barra do Ribeiro, Caxias do Sul, Canoas, Gramado, Garibaldi, Montenegro, Morro Reuter, Tapes, Nova Petrop\u00f3lis, Os\u00f3rio, Pelotas, e Porto Alegre.<\/p>\n<p>&nbsp;<\/p>\n<p>A cada parada, o projeto registra, em imagem e som, aquilo que h\u00e1 de mais valioso: o saber local, a for\u00e7a de vontade e a beleza do que \u00e9 feito com alma, \u00e9tica e prop\u00f3sito. Ao longo deste ano, o fot\u00f3grafo visitou com sua equipe, comunidades, hortas, ateli\u00eas, oficinas e cozinhas onde materiais simples se tornam solu\u00e7\u00f5es sustent\u00e1veis, belas e vi\u00e1veis. S\u00e3o hist\u00f3rias de quem preserva saberes antigos \u2014 como o manejo da madeira, o uso das plantas, os sabores nativos, o fazer manual \u2014 e os atualiza com intelig\u00eancia ecol\u00f3gica e compromisso social.<\/p>\n<p>&nbsp;<\/p>\n<p>S\u00e3o pessoas que respeitam os ciclos da natureza, que cuidam do solo, da \u00e1gua e do tempo, e que acreditam em um futuro mais justo, regenerativo e enraizado em pertencimento. \u201cNo Trajet\u00f3rias Criativas, a sustentabilidade n\u00e3o \u00e9 tend\u00eancia, \u00e9 pr\u00e1tica cotidiana, cultura viva e modo de existir com responsabilidade e verdade\u201d afirma o fot\u00f3grafo, que tem investido em projetos onde o ser humano \u00e9 a mola propulsora, seja ao lado de m\u00e1quinas, da natureza, nas hist\u00f3rias de trabalho e de comunidade. \u201cDamos visibilidade a quem cria com as m\u00e3os, o instinto, a t\u00e9cnica e a imagina\u00e7\u00e3o. Escultores, chefs, artes\u00e3os, inventores e vision\u00e1rios que transformam mat\u00e9ria-prima em express\u00e3o, alimento em afeto, objetos em identidade\u201d, resume Eurico.<\/p>\n<p>&nbsp;<\/p>\n<p>Assim como nos outros trabalhos de Eurico Salis, cada trajet\u00f3ria inspira. Seja ao esculpir a pedra, colher cogumelos, moldar o barro ou tingir tecidos, essas pessoas tamb\u00e9m moldam novos modos de estar no mundo. Pelas lentes do fot\u00f3grafo, a cultura ga\u00facha se revela em sua ess\u00eancia: viva, cotidiana, potente. Nas m\u00e3os que criam com simplicidade e alma, nos quintais, nos galp\u00f5es e nas cozinhas, est\u00e1 a verdadeira identidade de um povo que pulsa, transforma e permanece. \u201cO Bez Batti, homenageado nesta obra, recolhe os seixos do rio das Antas, e transforma o basalto em obras maravilhosas. Assim como os outros aqui, ou aqueles que transformaram suas pequenas propriedades no morro, no campo e mesmo na periferia da cidade em locais de arte, em museus a c\u00e9u aberto, em restaurantes, como o Valle Rustico, aqueles que utilizam somente verduras do local, ou a Rama Permacultura que ensina as pessoas a retornarem \u00e0 vida no campo\u201d, reflete o fot\u00f3grafo.<\/p>\n<p>&nbsp;<\/p>\n<p>O livro amplia mais de trinta hist\u00f3rias de pessoas espalhadas pelo RS. Gente que trabalha com performances teatrais e cria bonecos, compartilhando seu conhecimento em espa\u00e7os culturais de suas cidades; gente como o Carlo Andrei, do Chal\u00e9 Azul, que promove o encontro do api\u00e1rio de abelhas sem ferr\u00e3o com o ensino do desenho, voltado para atender mais de 80 crian\u00e7as; gente como o Borghetti e sua F\u00e1brica de Gaiteiros, como o Caco Xavier e seus tambores t\u00edpicos da m\u00fasica afro-ga\u00facha, todos atuando na educa\u00e7\u00e3o, na cultura e na busca de um mundo melhor.<\/p>\n<p>&nbsp;<\/p>\n<p>Terra Ga\u00facha \u2013 Trajet\u00f3rias Criativas ter\u00e1 lan\u00e7amento dia 5 de dezembro, \u00e0s 18h30min no Espa\u00e7o CMPC, no Tecnopuc. Como nos demais projetos do artista, haver\u00e1 doa\u00e7\u00e3o gratuita de 300 exemplares para institui\u00e7\u00f5es como Instituto do C\u00e2ncer Infantil, Lar Santo Ant\u00f4nio dos Excepcionais e Kinder &#8211; Escola de Assist\u00eancia \u00e0 Inf\u00e2ncia Carente. Al\u00e9m disso, 200 exemplares ser\u00e3o distribu\u00eddos para o Sistema estadual de Bibliotecas P\u00fablicas do RS. Ao longo do projeto, ser\u00e1 poss\u00edvel visitar a Mostra Fotogr\u00e1fica Digital no YouTube, redes sociais no Facebook e Instagram, bem como uma oficina de fotografia.<\/p>\n<p>&nbsp;<\/p>\n<p>Eurico Salis \u00e9 autor de diversos livros de fotografia, como Caminhos Ga\u00fachos \u2013 Olhar dos Viajantes (2005), Porto Alegre &#8211; Cenas Urbanas, Paisagens Rurais (2008), Cidades Ga\u00fachas \u2013 Paisagens Urbanas (2010), Rio Grande do Sul \u2013 O Solo e o Homem (2013), A For\u00e7a da Terra, (2015) e Rio Grande do Sul \u2013 Homens e M\u00e1quinas (2017). Entre suas premia\u00e7\u00f5es est\u00e3o o Pr\u00eamio Joaquim Felizardo de Fotografia e o pr\u00eamio de melhor livro concedido pela Abigraf-RS (Associa\u00e7\u00e3o Brasileira de Ind\u00fastria Gr\u00e1fica) em 2012. Realizou a exposi\u00e7\u00e3o fotogr\u00e1fica The Power of the Land, com fotografias de pequenos agricultores brasileiros, na ExpoMil\u00e3o 2015, It\u00e1lia. No ano seguinte levou esta mesma exposi\u00e7\u00e3o para uma mostra individual em Paris e Bruxelas. Entre seus \u00faltimos projetos, destacam-se Retratos Ga\u00fachos \u2013 Olhares Inesperados, de 2022 e Terra Ga\u00facha \u2013 Gera\u00e7\u00f5es, de 2024.<\/p>\n<p>&nbsp;<\/p>\n<p>Terra Ga\u00facha \u2013 Trajet\u00f3rias Criativas \/ Lan\u00e7amento do livro de Eurico Salis<\/p>\n<p>Dia 5 de dezembro, \u00e0s 18h30min<\/p>\n<p>Espa\u00e7o CMPC \/ Tecnopuc &#8211; Av. Ipiranga, 6681<\/p>\n<p>Entrada franca<\/p>\n<p>&nbsp;<\/p>\n<p>Formato do livro 28x30cm \/ capa dura \/ 180 p\u00e1ginas<\/p>\n<p>Textos de Francine Bastos (portugu\u00eas \/ingl\u00eas)<\/p>\n<p>Projeto gr\u00e1fico de Gustavo Demarchi<\/p>\n<p>&nbsp;<\/p>\n<p>Patrocinadores:<\/p>\n<p>Banrisul Vero, Peruzzo Supermercados, Rio Grande Seguros, Stihl, Instituto BAT (Souza Cruz)<\/p>\n<p>&nbsp;<\/p>\n<p>Este \u00e9 um projeto de Lei Rouanet\/ Minist\u00e9rio da Cultura \u2013 Governo Federal<\/p>\n","protected":false},"excerpt":{"rendered":"<p>O projeto Terra Ga\u00facha \u2013 Trajet\u00f3rias Criativas, idealizado e fotografado por Eurico Salis, percorre o Rio Grande do Sul em busca de hist\u00f3rias que brotam &hellip; <\/p>\n","protected":false},"author":2,"featured_media":35219,"comment_status":"closed","ping_status":"closed","sticky":false,"template":"","format":"standard","meta":{"footnotes":""},"categories":[2],"tags":[],"class_list":["post-35218","post","type-post","status-publish","format-standard","has-post-thumbnail","hentry","category-noticias","latest_post"],"_links":{"self":[{"href":"https:\/\/gilpimentel.com.br\/site\/wp-json\/wp\/v2\/posts\/35218","targetHints":{"allow":["GET"]}}],"collection":[{"href":"https:\/\/gilpimentel.com.br\/site\/wp-json\/wp\/v2\/posts"}],"about":[{"href":"https:\/\/gilpimentel.com.br\/site\/wp-json\/wp\/v2\/types\/post"}],"author":[{"embeddable":true,"href":"https:\/\/gilpimentel.com.br\/site\/wp-json\/wp\/v2\/users\/2"}],"replies":[{"embeddable":true,"href":"https:\/\/gilpimentel.com.br\/site\/wp-json\/wp\/v2\/comments?post=35218"}],"version-history":[{"count":1,"href":"https:\/\/gilpimentel.com.br\/site\/wp-json\/wp\/v2\/posts\/35218\/revisions"}],"predecessor-version":[{"id":35220,"href":"https:\/\/gilpimentel.com.br\/site\/wp-json\/wp\/v2\/posts\/35218\/revisions\/35220"}],"wp:featuredmedia":[{"embeddable":true,"href":"https:\/\/gilpimentel.com.br\/site\/wp-json\/wp\/v2\/media\/35219"}],"wp:attachment":[{"href":"https:\/\/gilpimentel.com.br\/site\/wp-json\/wp\/v2\/media?parent=35218"}],"wp:term":[{"taxonomy":"category","embeddable":true,"href":"https:\/\/gilpimentel.com.br\/site\/wp-json\/wp\/v2\/categories?post=35218"},{"taxonomy":"post_tag","embeddable":true,"href":"https:\/\/gilpimentel.com.br\/site\/wp-json\/wp\/v2\/tags?post=35218"}],"curies":[{"name":"wp","href":"https:\/\/api.w.org\/{rel}","templated":true}]}}