{"id":35209,"date":"2025-12-03T22:00:13","date_gmt":"2025-12-04T01:00:13","guid":{"rendered":"https:\/\/gilpimentel.com.br\/site\/?p=35209"},"modified":"2025-12-03T22:02:57","modified_gmt":"2025-12-04T01:02:57","slug":"projeto-busca-financiamento-coletivo-para-fazer-hortas-biodinamicas-pos-enchentes-no-rio-grande-do-sul","status":"publish","type":"post","link":"https:\/\/gilpimentel.com.br\/site\/projeto-busca-financiamento-coletivo-para-fazer-hortas-biodinamicas-pos-enchentes-no-rio-grande-do-sul\/","title":{"rendered":"PROJETO BUSCA FINANCIAMENTO COLETIVO PARA FAZER HORTAS BIODIN\u00c2MICAS P\u00d3S ENCHENTES NO RIO GRANDE DO SUL"},"content":{"rendered":"<p>Depois do evento clim\u00e1tico que atingiu em cheio o Rio Grande do Sul em 2024, um grupo de mulheres e educadoras decidiu transformar a dor em a\u00e7\u00e3o. Assim nasceu o Projeto Ra\u00edzes do Futuro \u2013 Hortas Biodin\u00e2micas para Resili\u00eancia Clim\u00e1tica e Empoderamento Feminino, uma iniciativa que une agricultura regenerativa, educa\u00e7\u00e3o ambiental e protagonismo feminino.<\/p>\n<p>&nbsp;<\/p>\n<p>O projeto vai iniciar na cidade de Bento Gon\u00e7alves e Caxias do Sul, tem como meta criar hortas comunit\u00e1rias biodin\u00e2micas \u2014em escolas p\u00fablicas e em comunidades vulner\u00e1veis \u2014 para produzir alimentos saud\u00e1veis, fortalecer a economia local e preparar novas gera\u00e7\u00f5es para os desafios das mudan\u00e7as clim\u00e1ticas.<\/p>\n<p>&nbsp;<\/p>\n<p>A idealizadora da proposta, Deise Pelicioli, afirma \u201cque um futuro justo e resiliente come\u00e7a no cuidado com a terra e com as pessoas\u201d. Deise \u00e9 especialista em agricultura biodin\u00e2mica e consultora internacional credenciada pela Demeter International. \u201cA ideia \u00e9 regenerar o solo, mas tamb\u00e9m cultivar esperan\u00e7a, autonomia e v\u00ednculos humanos,\u201d ressalta a especialista.<\/p>\n<p>&nbsp;<\/p>\n<p>Para viabilizar a proposta, o Projeto Ra\u00edzes do Futuro abriu a Campanha de financiamento coletivo. A meta de arrecada\u00e7\u00e3o \u00e9 de R$ 30 mil, em parceria com o programa TrilhaRS, que far\u00e1 o repasse de parte dos recursos arrecadados. Para participar, basta acessar o site Benfeitoria (https:\/\/benfeitoria.com\/projeto\/raizesdofuturors) e doar. \u00c9 poss\u00edvel entrar na categoria \u201capoiador\u201d que recebe algumas recompensas de contrapartida dos idealizadores como certificado de participa\u00e7\u00e3o, calend\u00e1rio e acesso a cursos, bem como doar diretamente \u00e0 campanha com o valor m\u00ednimo de R$ 10,00.<\/p>\n<p>&nbsp;<\/p>\n<p>Sobre a proponente<\/p>\n<p>&nbsp;<\/p>\n<p>Deise Pelicioli \u00e9 en\u00f3loga, pesquisadora, mestre em viticultura e enologia e especialista em agricultura biodin\u00e2mica. Atua como professora na especializa\u00e7\u00e3o em Agricultura Biodin\u00e2mica do Instituto Elo, \u00e9 a \u00fanica en\u00f3loga brasileira credenciada pela Demeter International e pesquisadora do comit\u00ea brasileiro da OIV em viticultura sustent\u00e1vel. Sua trajet\u00f3ria une ci\u00eancia, inova\u00e7\u00e3o e a\u00e7\u00e3o comunit\u00e1ria em prol da regenera\u00e7\u00e3o do solo e do empoderamento de mulheres agricultoras.<\/p>\n<p>&nbsp;<\/p>\n<p>O que s\u00e3o hortas biodin\u00e2micas<\/p>\n<p>&nbsp;<\/p>\n<p>S\u00e3o sistemas de cultivo baseados nos princ\u00edpios da agricultura biodin\u00e2mica, que consideram a propriedade agr\u00edcola como um organismo vivo e integrado e buscam a harmonia com os ciclos naturais e c\u00f3smicos. A horta \u00e9 vista como um ecossistema autossuficiente e fechado, onde solo, plantas, animais e seres humanos interagem em equil\u00edbrio. Semelhante \u00e0 agricultura org\u00e2nica, n\u00e3o utiliza fertilizantes qu\u00edmicos, pesticidas ou organismos geneticamente modificados. Para o controle de desequil\u00edbrios s\u00e3o usados compostos especiais feitos a partir de subst\u00e2ncias minerais, vegetais e esterco, que s\u00e3o aplicados em doses m\u00ednimas para fortalecer o solo, estimular a vitalidade das plantas e harmonizar o sistema.<\/p>\n<p>&nbsp;<\/p>\n<p>As atividades de plantio, cultivo e colheita s\u00e3o orientadas por um calend\u00e1rio que considera as fases da lua e as posi\u00e7\u00f5es dos planetas. A fertilidade do solo \u00e9 gerada internamente atrav\u00e9s de compostagem, rota\u00e7\u00e3o de culturas e, idealmente, a integra\u00e7\u00e3o de animais para a produ\u00e7\u00e3o de esterco, criando um ciclo cont\u00ednuo de nutrientes.<\/p>\n<p>&nbsp;<\/p>\n<p>A horta biodin\u00e2mica \u00e9 uma abordagem de cultivo que busca n\u00e3o apenas produzir alimentos saud\u00e1veis, mas tamb\u00e9m regenerar a terra e criar uma conex\u00e3o mais profunda entre o agricultor e o meio ambiente.<\/p>\n","protected":false},"excerpt":{"rendered":"<p>Depois do evento clim\u00e1tico que atingiu em cheio o Rio Grande do Sul em 2024, um grupo de mulheres e educadoras decidiu transformar a dor &hellip; <\/p>\n","protected":false},"author":2,"featured_media":35210,"comment_status":"closed","ping_status":"closed","sticky":false,"template":"","format":"standard","meta":{"footnotes":""},"categories":[2],"tags":[],"class_list":["post-35209","post","type-post","status-publish","format-standard","has-post-thumbnail","hentry","category-noticias","latest_post"],"_links":{"self":[{"href":"https:\/\/gilpimentel.com.br\/site\/wp-json\/wp\/v2\/posts\/35209","targetHints":{"allow":["GET"]}}],"collection":[{"href":"https:\/\/gilpimentel.com.br\/site\/wp-json\/wp\/v2\/posts"}],"about":[{"href":"https:\/\/gilpimentel.com.br\/site\/wp-json\/wp\/v2\/types\/post"}],"author":[{"embeddable":true,"href":"https:\/\/gilpimentel.com.br\/site\/wp-json\/wp\/v2\/users\/2"}],"replies":[{"embeddable":true,"href":"https:\/\/gilpimentel.com.br\/site\/wp-json\/wp\/v2\/comments?post=35209"}],"version-history":[{"count":1,"href":"https:\/\/gilpimentel.com.br\/site\/wp-json\/wp\/v2\/posts\/35209\/revisions"}],"predecessor-version":[{"id":35211,"href":"https:\/\/gilpimentel.com.br\/site\/wp-json\/wp\/v2\/posts\/35209\/revisions\/35211"}],"wp:featuredmedia":[{"embeddable":true,"href":"https:\/\/gilpimentel.com.br\/site\/wp-json\/wp\/v2\/media\/35210"}],"wp:attachment":[{"href":"https:\/\/gilpimentel.com.br\/site\/wp-json\/wp\/v2\/media?parent=35209"}],"wp:term":[{"taxonomy":"category","embeddable":true,"href":"https:\/\/gilpimentel.com.br\/site\/wp-json\/wp\/v2\/categories?post=35209"},{"taxonomy":"post_tag","embeddable":true,"href":"https:\/\/gilpimentel.com.br\/site\/wp-json\/wp\/v2\/tags?post=35209"}],"curies":[{"name":"wp","href":"https:\/\/api.w.org\/{rel}","templated":true}]}}