{"id":35206,"date":"2025-12-03T22:02:48","date_gmt":"2025-12-04T01:02:48","guid":{"rendered":"https:\/\/gilpimentel.com.br\/site\/?p=35206"},"modified":"2025-12-03T22:01:24","modified_gmt":"2025-12-04T01:01:24","slug":"as-batucas-encerram-2025-em-grande-estilo-como-sempre-apresentando-shows-dias-6-e-14-de-dezembro-no-grezz","status":"publish","type":"post","link":"https:\/\/gilpimentel.com.br\/site\/as-batucas-encerram-2025-em-grande-estilo-como-sempre-apresentando-shows-dias-6-e-14-de-dezembro-no-grezz\/","title":{"rendered":"AS BATUCAS ENCERRAM 2025 EM GRANDE ESTILO, COMO SEMPRE, APRESENTANDO SHOWS DIAS 6 E 14 DE DEZEMBRO NO GREZZ  \u00a0"},"content":{"rendered":"<p>Grupo vocal, pandeiro e dan\u00e7a estar\u00e3o no dia 6 mostrando seus aprendizados do ano. J\u00e1 no dia 14 \u00e9 a vez das sete turmas de percuss\u00e3o subirem ao palco do Grezz<\/p>\n<p>&nbsp;<\/p>\n<p>Ap\u00f3s um ano repleto de ritmo, aprendizado e trocas, As Batucas iniciam sua temporada de shows de final de ano no Grezz. No dia 06 de dezembro, o espet\u00e1culo re\u00fane as turmas de pandeiro, lideradas por Julia Pianta, o grupo vocal, sob a reg\u00eancia de Raquel Pianta e Madalena Rasslan, e as turmas de dan\u00e7a, coordenadas por Luiza Alves \u2014 juntas, celebrando a for\u00e7a e a alegria da m\u00fasica feita por mulheres. No repert\u00f3rio, uma mistura contagiante de samba, rock, funk, bai\u00e3o e muitos outros ritmos brasileiros e internacionais. A noite come\u00e7a \u00e0s 19h, com uma playlist especial preparada pelas Batucas, e segue em clima de festa ap\u00f3s o show, com novo setlist do coletivo para manter a energia at\u00e9 a meia-noite.<\/p>\n<p>&nbsp;<\/p>\n<p>J\u00e1 no dia 14 de dezembro, re\u00fanem suas sete turmas de percuss\u00e3o para celebrar mais um ano de constru\u00e7\u00e3o e aprendizados. Na apresenta\u00e7\u00e3o ritmos como ax\u00e9, samba, funk, rock, cumbia e forr\u00f3 se encontram para embalar a noite, com a diversidade musical que As Batucas sempre trazem para seus eventos, em instrumentos como surdo, repique, caixa, tamborim, agog\u00f4 e chocalhos. A casa abre \u00e0s 17h, e nesse dia tamb\u00e9m tem destaque a playlist especial preparada pelas gurias para aquecer o clima. A apresenta\u00e7\u00e3o se inicia \u00e0s 19h e depois a festa rola at\u00e9 \u00e0s 23h com um novo setlist do coletivo, mantendo a anima\u00e7\u00e3o at\u00e9 o final. O Grezz fica na Rua Almirante Barroso, 328, Floresta e integra o charmoso Quarto Distrito de Porto Alegre. \u00c9 um espa\u00e7o contempor\u00e2neo que une bar e restaurante com alta gastronomia, m\u00fasica, entretenimento e cultura.<\/p>\n<p>&nbsp;<\/p>\n<p>Sobre As Batucas<\/p>\n<p>&nbsp;<\/p>\n<p>Idealizada pela renomada baterista Biba Meira, As Batucas \u00e9 uma escola de m\u00fasica voltada para mulheres, fundada em 2015, que promove espa\u00e7os de aprendizagem, conviv\u00eancia e empoderamento coletivo. Com aulas de percuss\u00e3o, pandeiro, canto e dan\u00e7a, o projeto re\u00fane mulheres de todas as idades em torno da for\u00e7a transformadora da m\u00fasica e da arte compartilhada. Biba Meira, Julia Pianta e Vini Silva se concentram nas aulas de percuss\u00e3o e pandeiro; Raquel Pianta, ao lado de Madalena Rasslan, organiza os estudos do grupo vocal; mais recentemente, as aulas de dan\u00e7a, com Luiza Alves, conquistaram as gurias com o aprendizado de samba no p\u00e9, ritmos latinos e dan\u00e7as populares brasileiras.<\/p>\n<p>&nbsp;<\/p>\n<p>Grupo vocal, pandeiro e dan\u00e7a<\/p>\n<p>6 de dezembro, \u00e0s 19h<\/p>\n<p>Grezz &#8211; R. Alm. Barroso, 328 &#8211; Floresta<\/p>\n<p>Ingressos: R$ 70 e R$35 (meia-entrada)<\/p>\n<p>https:\/\/www.sympla.com.br\/evento\/as-batucas-show-dos-grupos-de-vocal-pandeiro-e-danca\/3209320<\/p>\n<p>&nbsp;<\/p>\n<p>Percuss\u00e3o<\/p>\n<p>14 de dezembro, a partir das 17h<\/p>\n<p>Grezz &#8211; R. Alm. Barroso, 328 &#8211; Floresta<\/p>\n<p>Ingressos: R$ 70,00 e R$ 35,00 (meia-entrada)<\/p>\n<p>https:\/\/www.sympla.com.br\/evento\/sarau-batucas-turmas-de-percussao\/3227358<\/p>\n<p>&nbsp;<\/p>\n<p>Redes As Batucas:<\/p>\n<p>https:\/\/www.instagram.com\/asbatucas\/<\/p>\n<p>https:\/\/www.youtube.com\/c\/AsBatucas<\/p>\n","protected":false},"excerpt":{"rendered":"<p>Grupo vocal, pandeiro e dan\u00e7a estar\u00e3o no dia 6 mostrando seus aprendizados do ano. J\u00e1 no dia 14 \u00e9 a vez das sete turmas de &hellip; <\/p>\n","protected":false},"author":2,"featured_media":35207,"comment_status":"closed","ping_status":"closed","sticky":false,"template":"","format":"standard","meta":{"footnotes":""},"categories":[2],"tags":[],"class_list":["post-35206","post","type-post","status-publish","format-standard","has-post-thumbnail","hentry","category-noticias","latest_post"],"_links":{"self":[{"href":"https:\/\/gilpimentel.com.br\/site\/wp-json\/wp\/v2\/posts\/35206","targetHints":{"allow":["GET"]}}],"collection":[{"href":"https:\/\/gilpimentel.com.br\/site\/wp-json\/wp\/v2\/posts"}],"about":[{"href":"https:\/\/gilpimentel.com.br\/site\/wp-json\/wp\/v2\/types\/post"}],"author":[{"embeddable":true,"href":"https:\/\/gilpimentel.com.br\/site\/wp-json\/wp\/v2\/users\/2"}],"replies":[{"embeddable":true,"href":"https:\/\/gilpimentel.com.br\/site\/wp-json\/wp\/v2\/comments?post=35206"}],"version-history":[{"count":1,"href":"https:\/\/gilpimentel.com.br\/site\/wp-json\/wp\/v2\/posts\/35206\/revisions"}],"predecessor-version":[{"id":35208,"href":"https:\/\/gilpimentel.com.br\/site\/wp-json\/wp\/v2\/posts\/35206\/revisions\/35208"}],"wp:featuredmedia":[{"embeddable":true,"href":"https:\/\/gilpimentel.com.br\/site\/wp-json\/wp\/v2\/media\/35207"}],"wp:attachment":[{"href":"https:\/\/gilpimentel.com.br\/site\/wp-json\/wp\/v2\/media?parent=35206"}],"wp:term":[{"taxonomy":"category","embeddable":true,"href":"https:\/\/gilpimentel.com.br\/site\/wp-json\/wp\/v2\/categories?post=35206"},{"taxonomy":"post_tag","embeddable":true,"href":"https:\/\/gilpimentel.com.br\/site\/wp-json\/wp\/v2\/tags?post=35206"}],"curies":[{"name":"wp","href":"https:\/\/api.w.org\/{rel}","templated":true}]}}