{"id":35203,"date":"2025-12-03T21:59:06","date_gmt":"2025-12-04T00:59:06","guid":{"rendered":"https:\/\/gilpimentel.com.br\/site\/?p=35203"},"modified":"2025-12-03T21:59:06","modified_gmt":"2025-12-04T00:59:06","slug":"opiniao-apresenta-mayra-andrade","status":"publish","type":"post","link":"https:\/\/gilpimentel.com.br\/site\/opiniao-apresenta-mayra-andrade\/","title":{"rendered":"OPINI\u00c3O APRESENTA MAYRA ANDRADE"},"content":{"rendered":"<p>Mayra Andrade, uma das mais aclamadas vozes da m\u00fasica cabo-verdiana, vai fazer a sua estreia em Porto Alegre. A cantora subir\u00e1 ao palco do Opini\u00e3o, no dia 4 de dezembro, com o show intimista do \u00e1lbum ao vivo \u201creEncanto\u201d, que chegou aos servi\u00e7os de streaming no ano passado.<\/p>\n<p>&nbsp;<\/p>\n<p>Gravado em Londres ao lado do guitarrista Djodje Almeida, o projeto levou Mayra de volta \u00e0 ess\u00eancia das suas can\u00e7\u00f5es. Durante o espet\u00e1culo, ela vai revisitar os melhores momentos da sua trajet\u00f3ria com simplicidade e intensidade, resgatando a atmosfera dos seus primeiros passos no mundo da m\u00fasica, ainda na adolesc\u00eancia.<\/p>\n<p>&nbsp;<\/p>\n<p>A apresenta\u00e7\u00e3o passeia por sucessos como \u201cAfeto\u201d, \u201cWe Used to Call It Love\u201d, \u201cComme s\u2019il en Pleuvait\u201d e por outras can\u00e7\u00f5es marcantes, de discos como \u201cLovely Difficult\u201d (2013) e \u201cNavega\u201d (2006). A turn\u00ea teve in\u00edcio em 2022 e j\u00e1 percorreu a Europa, com shows tamb\u00e9m nos Estados Unidos e em Cabo Verde. \u201cO \u2018reEncanto\u2019 criou um espa\u00e7o em que pude compartilhar as hist\u00f3rias que inspiraram essas m\u00fasicas\u201d adianta a cantora, em um comunicado enviado \u00e0 imprensa do mundo todo.<\/p>\n<p>&nbsp;<\/p>\n<p>MAYRA ANDRADE<\/p>\n<p>&nbsp;<\/p>\n<p>Mayra Andrade \u00e9 uma das principais representantes da nova gera\u00e7\u00e3o da m\u00fasica cabo-verdiana. Criada entre diferentes pa\u00edses, como Angola e Alemanha, a artista cresceu em um ambiente multicultural que ampliou as suas refer\u00eancias, refletidas em sua trajet\u00f3ria como cantora e compositora.<\/p>\n<p>&nbsp;<\/p>\n<p>O seu primeiro \u00e1lbum, chamado \u201cNavega\u201d (2006), projetou o seu nome internacionalmente. Desde ent\u00e3o, ela consolidou uma carreira marcada pelo di\u00e1logo entre a tradi\u00e7\u00e3o cabo-verdiana e influ\u00eancias contempor\u00e2neas, explorando sonoridades que transitam pelo jazz, pelo pop e pelos ritmos africanos.<\/p>\n<p>&nbsp;<\/p>\n<p>Ao longo de sua trajet\u00f3ria, Mayra se apresentou em alguns dos palcos mais importantes do circuito mundial, recebendo distin\u00e7\u00f5es como o BBC Radio 3 Awards for World Music. A sua obra inclui ainda outros trabalhos de grande repercuss\u00e3o, como \u201cSt\u00f3ria, St\u00f3ria&#8230;\u201d (2009), \u201cLovely Difficult\u201d (2013) e \u201cManga\u201d (2019), sempre ressaltados pela consist\u00eancia e sofistica\u00e7\u00e3o musical.<\/p>\n<p>&nbsp;<\/p>\n<p>O seu projeto mais recente \u00e9 o disco ao vivo \u201creEncanto\u201d (2024), gravado em Londres com o guitarrista Djodje Almeida. Nele, a cantora revisita o seu repert\u00f3rio no formato voz e viol\u00e3o, resgatando a ess\u00eancia das suas can\u00e7\u00f5es. O registro reafirma o seu papel primordial dentro da m\u00fasica lus\u00f3fona moderna.<\/p>\n<p>&nbsp;<\/p>\n<p>SERVI\u00c7O \u2013 MAYRA ANDRADE<\/p>\n<p>&nbsp;<\/p>\n<p>Onde: Opini\u00e3o (Rua Jos\u00e9 do Patroc\u00ednio, 834)<\/p>\n<p>Quando: 4 de dezembro, quinta-feira, \u00e0s 22h<\/p>\n<p>Abertura da casa: 20h30<\/p>\n<p>Classifica\u00e7\u00e3o: 16 anos<\/p>\n<p>&nbsp;<\/p>\n<p>Ingressos:<\/p>\n<p>&nbsp;<\/p>\n<p>* O Opini\u00e3o n\u00e3o se responsabiliza por ingressos comprados na plataforma Viagogo e em demais canais n\u00e3o oficiais.<\/p>\n<p>&nbsp;<\/p>\n<p>Lote 1:<\/p>\n<p>Inteira Solid\u00e1ria (todas as pessoas podem comprar mediante a doa\u00e7\u00e3o de 1kg de alimento n\u00e3o perec\u00edvel): R$ 90<\/p>\n<p>Meia-entrada (desconto de 50%): R$ 85<\/p>\n<p>Inteira: R$ 170<\/p>\n<p>&nbsp;<\/p>\n<p>Lote 2:<\/p>\n<p>Inteira Solid\u00e1ria (todas as pessoas podem comprar mediante a doa\u00e7\u00e3o de 1kg de alimento n\u00e3o perec\u00edvel): R$ 100<\/p>\n<p>Meia-entrada (desconto de 50%): R$ 95<\/p>\n<p>Inteira: R$ 190<\/p>\n<p>&nbsp;<\/p>\n<p>Lote 3:<\/p>\n<p>Inteira Solid\u00e1ria (todas as pessoas podem comprar mediante a doa\u00e7\u00e3o de 1kg de alimento n\u00e3o perec\u00edvel): R$ 120<\/p>\n<p>Meia-entrada (desconto de 50%): R$ 115<\/p>\n<p>Inteira: R$ 230<\/p>\n<p>&nbsp;<\/p>\n<p>Lote 4:<\/p>\n<p>Inteira Solid\u00e1ria (todas as pessoas podem comprar mediante a doa\u00e7\u00e3o de 1kg de alimento n\u00e3o perec\u00edvel): R$ 130<\/p>\n<p>Meia-entrada (desconto de 50%): R$ 125<\/p>\n<p>Inteira: R$ 250<\/p>\n<p>&nbsp;<\/p>\n<p>Lote 5:<\/p>\n<p>Inteira Solid\u00e1ria (todas as pessoas podem comprar mediante a doa\u00e7\u00e3o de 1kg de alimento n\u00e3o perec\u00edvel): R$ 145<\/p>\n<p>Meia-entrada (desconto de 50%): R$ 140<\/p>\n<p>Inteira: R$ 280<\/p>\n<p>&nbsp;<\/p>\n<p>* Os alimentos dever\u00e3o ser entregues no Opini\u00e3o, no momento da entrada ao evento.<\/p>\n<p>&nbsp;<\/p>\n<p>** Para o benef\u00edcio da meia-entrada (50% de desconto), \u00e9 necess\u00e1ria a apresenta\u00e7\u00e3o da Carteira de Identifica\u00e7\u00e3o Estudantil (CIE) na entrada do espet\u00e1culo. Os documentos aceitos como v\u00e1lidos est\u00e3o determinados na Lei Federal 12.933\/13.<\/p>\n<p>&nbsp;<\/p>\n<p>Demais descontos:<\/p>\n<p>&nbsp;<\/p>\n<p>* 50% para idosos: Lei Federal 10.741\/03 \u2013 obrigat\u00f3ria apresenta\u00e7\u00e3o de identidade ou documento oficial com foto.<\/p>\n<p>* 50% para jovens pertencentes a fam\u00edlias de baixa renda: Lei Federal 12.933\/13 \u2013 obrigat\u00f3ria apresenta\u00e7\u00e3o da Carteira de Identidade Jovem e de documento oficial com foto.<\/p>\n<p>* 50% para pessoas com defici\u00eancia (e acompanhante quando necess\u00e1rio): Lei Federal 12.933\/13 \u2013 obrigat\u00f3ria apresenta\u00e7\u00e3o do Cart\u00e3o de Benef\u00edcio de Presta\u00e7\u00e3o Continuada da Assist\u00eancia Social da Pessoa com Defici\u00eancia ou de documento emitido pelo Instituto Nacional do Seguro Social (INSS).<\/p>\n<p>* 50% para doadores regulares de sangue: Lei Estadual n\u00b0 13.891\/12 \u2013 obrigat\u00f3ria apresenta\u00e7\u00e3o de documento oficial v\u00e1lido e expedido pelos hemocentros\/bancos de sangue.<\/p>\n<p>* 50% para s\u00f3cio do Clube do Assinante ZH.<\/p>\n<p>* 50% para clientes Banrisul (com cart\u00e3o de cr\u00e9dito Visa ou Mastercard) na compra de at\u00e9 quatro ingressos (tanto nas bilheterias f\u00edsicas como na modalidade online).<\/p>\n<p>* 50% para clientes Banrisul, exclusivamente com pagamento no cart\u00e3o Banricompras, limitado \u00e0 compra de at\u00e9 quatro ingressos por cliente (v\u00e1lido somente nas bilheterias f\u00edsicas).<\/p>\n<p>&nbsp;<\/p>\n<p>Pontos de venda:<\/p>\n<p>&nbsp;<\/p>\n<p>Bilheteria oficial (sem taxa de conveni\u00eancia \u2013 somente em dinheiro):<\/p>\n<p>Loja Planeta Surf Bourbon Wallig (Avenida Assis Brasil, 2611)<\/p>\n<p>Hor\u00e1rio de funcionamento: de segunda a s\u00e1bado, das 14h \u00e0s 21h<\/p>\n<p>&nbsp;<\/p>\n<p>Online: www.sympla.com.br\/opiniao<\/p>\n<p>&nbsp;<\/p>\n<p>Informa\u00e7\u00f5es:<\/p>\n<p>www.opiniao.com.br<\/p>\n<p>www.facebook.com\/opiniao.produtora<\/p>\n<p>www.instagram.com\/opiniao<\/p>\n<p>www.twitter.com\/opiniao<\/p>\n<p>(51) 3211-2838<\/p>\n","protected":false},"excerpt":{"rendered":"<p>Mayra Andrade, uma das mais aclamadas vozes da m\u00fasica cabo-verdiana, vai fazer a sua estreia em Porto Alegre. A cantora subir\u00e1 ao palco do Opini\u00e3o, &hellip; <\/p>\n","protected":false},"author":2,"featured_media":35204,"comment_status":"closed","ping_status":"closed","sticky":false,"template":"","format":"standard","meta":{"footnotes":""},"categories":[2],"tags":[],"class_list":["post-35203","post","type-post","status-publish","format-standard","has-post-thumbnail","hentry","category-noticias","latest_post"],"_links":{"self":[{"href":"https:\/\/gilpimentel.com.br\/site\/wp-json\/wp\/v2\/posts\/35203","targetHints":{"allow":["GET"]}}],"collection":[{"href":"https:\/\/gilpimentel.com.br\/site\/wp-json\/wp\/v2\/posts"}],"about":[{"href":"https:\/\/gilpimentel.com.br\/site\/wp-json\/wp\/v2\/types\/post"}],"author":[{"embeddable":true,"href":"https:\/\/gilpimentel.com.br\/site\/wp-json\/wp\/v2\/users\/2"}],"replies":[{"embeddable":true,"href":"https:\/\/gilpimentel.com.br\/site\/wp-json\/wp\/v2\/comments?post=35203"}],"version-history":[{"count":1,"href":"https:\/\/gilpimentel.com.br\/site\/wp-json\/wp\/v2\/posts\/35203\/revisions"}],"predecessor-version":[{"id":35205,"href":"https:\/\/gilpimentel.com.br\/site\/wp-json\/wp\/v2\/posts\/35203\/revisions\/35205"}],"wp:featuredmedia":[{"embeddable":true,"href":"https:\/\/gilpimentel.com.br\/site\/wp-json\/wp\/v2\/media\/35204"}],"wp:attachment":[{"href":"https:\/\/gilpimentel.com.br\/site\/wp-json\/wp\/v2\/media?parent=35203"}],"wp:term":[{"taxonomy":"category","embeddable":true,"href":"https:\/\/gilpimentel.com.br\/site\/wp-json\/wp\/v2\/categories?post=35203"},{"taxonomy":"post_tag","embeddable":true,"href":"https:\/\/gilpimentel.com.br\/site\/wp-json\/wp\/v2\/tags?post=35203"}],"curies":[{"name":"wp","href":"https:\/\/api.w.org\/{rel}","templated":true}]}}