{"id":35138,"date":"2025-12-02T11:30:55","date_gmt":"2025-12-02T14:30:55","guid":{"rendered":"https:\/\/gilpimentel.com.br\/site\/?p=35138"},"modified":"2025-12-03T19:44:18","modified_gmt":"2025-12-03T22:44:18","slug":"magia-de-natal-no-vale-iluminado-de-galopolis-chega-em-sua-20a-edicao-com-decoracao-na-vila-operaria-e-programacao-artistica","status":"publish","type":"post","link":"https:\/\/gilpimentel.com.br\/site\/magia-de-natal-no-vale-iluminado-de-galopolis-chega-em-sua-20a-edicao-com-decoracao-na-vila-operaria-e-programacao-artistica\/","title":{"rendered":"MAGIA DE NATAL NO VALE ILUMINADO, DE GAL\u00d3POLIS, CHEGA EM SUA 20\u00aa EDI\u00c7\u00c3O COM DECORA\u00c7\u00c3O NA VILA OPER\u00c1RIA E PROGRAMA\u00c7\u00c3O ART\u00cdSTICA"},"content":{"rendered":"<p>De 6 a 21 de dezembro, evento promove atividades culturais e visita\u00e7\u00f5es guiadas pela comunidade<\/p>\n<p>&nbsp;<\/p>\n<p>Com o tema \u201cDa primeira vela acesa ao Vale Iluminado\u201d, a Magia de Natal de Gal\u00f3polis chega em sua 20\u00aa edi\u00e7\u00e3o, com uma programa\u00e7\u00e3o que une f\u00e9, turismo, hospitalidade e hist\u00f3ria. De 6 a 21 de dezembro, a localidade se transforma em um cen\u00e1rio encantado pela decora\u00e7\u00e3o da Vila Oper\u00e1ria, com apresenta\u00e7\u00f5es art\u00edsticas, espet\u00e1culos, mercado comunit\u00e1rio e visita\u00e7\u00e3o guiada.<\/p>\n<p>&nbsp;<\/p>\n<p>A abertura da programa\u00e7\u00e3o para a comunidade ser\u00e1 realizada oficialmente no s\u00e1bado, dia 6 de dezembro, com o tradicional acendimento das luzes e chegada do Papai Noel.<\/p>\n<p>&nbsp;<\/p>\n<p>Entre as novidades dessa edi\u00e7\u00e3o est\u00e3o: a amplia\u00e7\u00e3o da decora\u00e7\u00e3o e novos pontos iluminados, que fortalecem o circuito de visita\u00e7\u00e3o, e a integra\u00e7\u00e3o com projetos culturais e iniciativas comunit\u00e1rias, que ampliam o impacto do evento.<\/p>\n<p>&nbsp;<\/p>\n<p>A Vila Iluminada conta com a Casa do Papai Noel para visita\u00e7\u00e3o, cen\u00e1rios tem\u00e1ticos e pontos de luz que tornam o bairro uma experi\u00eancia natalina imersiva.<\/p>\n<p>&nbsp;<\/p>\n<p>O p\u00fablico tamb\u00e9m pode aproveitar o passeio de jipe, guiado pela comunidade, que mostra hist\u00f3rias e lugares marcantes de Gal\u00f3polis. Tamb\u00e9m s\u00e3o oferecidas caminhadas noturnas que possibilitam vivenciar a localidade \u00e0 noite de um jeito \u00fanico.<\/p>\n<p>&nbsp;<\/p>\n<p>Al\u00e9m da programa\u00e7\u00e3o art\u00edstica com m\u00fasica, dan\u00e7a, corais e atra\u00e7\u00f5es locais, oficinas artesanais e culturais conduzidas pelos pr\u00f3prios moradores e artes\u00e3os tamb\u00e9m integram a Magia de Natal deste ano. O artesanato e a gastronomia t\u00edpica se somam ao evento na valoriza\u00e7\u00e3o de empreendedores e da economia criativa.<\/p>\n<p>&nbsp;<\/p>\n<p>A Magia de Natal de Gal\u00f3polis nasceu h\u00e1 duas d\u00e9cadas como uma celebra\u00e7\u00e3o criada pela pr\u00f3pria comunidade. Durante muitos anos, foi um evento simples e afetivo, realizado pelos moradores, escolas, volunt\u00e1rios e artes\u00e3os, um momento de iluminar a pra\u00e7a, fortalecer la\u00e7os e viver o esp\u00edrito natalino entre as fam\u00edlias do bairro.<\/p>\n<p>&nbsp;<\/p>\n<p>A edi\u00e7\u00e3o de 2024 marcou uma virada importante. O evento ganhou uma estrutura mais profissional e passou tamb\u00e9m a ser pensado como um atrativo tur\u00edstico cultural, sem perder a sua ess\u00eancia comunit\u00e1ria. Desde ent\u00e3o, a Magia continua sendo constru\u00edda pelo bairro, mas agora tamb\u00e9m acolhe visitantes que desejam conhecer a hist\u00f3ria, a cultura e o acolhimento de Gal\u00f3polis.<\/p>\n<p>&nbsp;<\/p>\n<p>Renato S\u00f3lio, presidente da Associa\u00e7\u00e3o Tur\u00edstica Gal\u00f3polis (ATG) Tecendo Hist\u00f3rias, conta que no ano passado cerca de 30 mil pessoas circularam pelo evento e foram realizadas mais de 25 atra\u00e7\u00f5es culturais.<\/p>\n<p>&nbsp;<\/p>\n<p>\u201cA Magia de Natal fortalece o sentimento de pertencimento, valoriza tradi\u00e7\u00f5es e une a comunidade em torno de um objetivo comum. Tamb\u00e9m impulsiona o turismo local, movimenta empreendimentos, amplia a visibilidade do bairro e consolida Gal\u00f3polis como um destino cultural dentro de Caxias do Sul. \u00c9 um evento que gera impacto social, cultural e econ\u00f4mico, refor\u00e7ando a identidade e o esp\u00edrito colaborativo da localidade\u201d, descreve S\u00f3lio.<\/p>\n<p>&nbsp;<\/p>\n<p>O evento \u00e9 realizado pela Associa\u00e7\u00e3o Tur\u00edstica Gal\u00f3polis Tecendo Hist\u00f3rias, com produ\u00e7\u00e3o cultural da Cali Gest\u00e3o Cultural e com financiamento da Lei Municipal de Incentivo \u00e0 Cultura, da Prefeitura de Caxias do Sul.<\/p>\n<p>&nbsp;<\/p>\n<p>Mais informa\u00e7\u00f5es sobre as atra\u00e7\u00f5es podem ser encontradas no @magiadenatalgalopolis, no Instagram.<\/p>\n<p>&nbsp;<\/p>\n<p>CONCURSO BRILHA GAL\u00d3POLIS<\/p>\n<p>&nbsp;<\/p>\n<p>A Comiss\u00e3o Organizadora da XX Magia de Natal no Vale Iluminado tamb\u00e9m est\u00e1 \u00e0 frente do concurso Brilha Gal\u00f3polis, que tem como objetivo estimular a criatividade e o esp\u00edrito natalino na comunidade, incentivando a decora\u00e7\u00e3o das resid\u00eancias com tem\u00e1tica natalina. Ser\u00e3o selecionadas e premiadas as casas mais iluminadas e decoradas com o tema natalino.<\/p>\n<p>&nbsp;<\/p>\n<p>Podem participar todos os propriet\u00e1rios ou moradores de resid\u00eancias localizadas em Gal\u00f3polis e arredores. As inscri\u00e7\u00f5es seguem at\u00e9 o dia 10 de dezembro e podem ser feitas com Zil\u00e1 Dalberto pelo telefone (54) 9953-8488 ou pelo link https:\/\/abre.ai\/brilhagalopolis2025.<\/p>\n<p>&nbsp;<\/p>\n<p>PROGRAMA\u00c7\u00c3O<\/p>\n<p>&nbsp;<\/p>\n<p>06\/12 \u2013 S\u00e1bado<\/p>\n<p>&nbsp;<\/p>\n<p>:: 20h \u2013 Abertura oficial<\/p>\n<p>&nbsp;<\/p>\n<p>Cortejo art\u00edstico para a chegada do Papai Noel com Cia Espicula<\/p>\n<p>&nbsp;<\/p>\n<p>07\/12 \u2013 Domingo<\/p>\n<p>&nbsp;<\/p>\n<p>:: 16h &#8211; Show de m\u00e1gicas O Encanto m\u00e1gico de Natal com Marcelo Soccol<\/p>\n<p>&nbsp;<\/p>\n<p>:: 19h &#8211; Um canto de Natal com Coro C\u00eanico Encanta<\/p>\n<p>&nbsp;<\/p>\n<p>:: 20h \u2013 Viz\u00edlia de Natal com Miseri Coloni<\/p>\n<p>&nbsp;<\/p>\n<p>Apresenta\u00e7\u00f5es e interven\u00e7\u00f5es art\u00edsticas durante a programa\u00e7\u00e3o<\/p>\n<p>&nbsp;<\/p>\n<p>10\/12 \u2013 Quarta-feira<\/p>\n<p>&nbsp;<\/p>\n<p>:: 18h30 &#8211; Oficina de biscoitos | Local: Ao lado da Casa do Papai Noel<\/p>\n<p>&nbsp;<\/p>\n<p>11\/12 \u2013 Quinta-feira<\/p>\n<p>&nbsp;<\/p>\n<p>:: 15h \u2013 Um Natal Maluco (Cia Garagem)<\/p>\n<p>&nbsp;<\/p>\n<p>:: 18h \u2013 Apresenta\u00e7\u00e3o Musical com Paulo Johan<\/p>\n<p>&nbsp;<\/p>\n<p>:: 19h30 &#8211; Apresenta\u00e7\u00e3o de natal da Escola Ismael Chaves<\/p>\n<p>&nbsp;<\/p>\n<p>:: 21h \u2013 Interven\u00e7\u00e3o art\u00edstica com Elas Elfas<\/p>\n<p>&nbsp;<\/p>\n<p>12\/12 \u2013 Sexta-feira<\/p>\n<p>&nbsp;<\/p>\n<p>:: 18h30 &#8211; Conta\u00e7\u00e3o de Hist\u00f3rias e confec\u00e7\u00e3o de lamparinas para crian\u00e7as<\/p>\n<p>&nbsp;<\/p>\n<p>:: 18h &#8211; Encontro de Carros Antigos<\/p>\n<p>&nbsp;<\/p>\n<p>:: 20h &#8211; Show Natal Encantos com Tita e Rafa<\/p>\n<p>&nbsp;<\/p>\n<p>13\/12 \u2013 S\u00e1bado<\/p>\n<p>&nbsp;<\/p>\n<p>:: 14h \u2013 Oficina de Guirlandas<\/p>\n<p>&nbsp;<\/p>\n<p>:: 16h \u2013 Musical infantil \u2018Entre luzes e can\u00e7\u00f5es\u201d &#8211; Sandra Mirelli e Bento Martins<\/p>\n<p>&nbsp;<\/p>\n<p>:: 18h &#8211; Missa<\/p>\n<p>&nbsp;<\/p>\n<p>:: 18h &#8211; Conta\u00e7\u00e3o de Hist\u00f3rias \u201cA Magia da Vila\u201d para adultos<\/p>\n<p>&nbsp;<\/p>\n<p>:: 18h30 &#8211; Caminhada Noturna<\/p>\n<p>&nbsp;<\/p>\n<p>:: 19h &#8211; Alberi Musicali trio<\/p>\n<p>&nbsp;<\/p>\n<p>:: 21h &#8211; Show Musical Grupo Archipellago<\/p>\n<p>&nbsp;<\/p>\n<p>14\/12 \u2013 Domingo<\/p>\n<p>&nbsp;<\/p>\n<p>:: 16h \u2013 Teatro musical: O Natal de Natanael<\/p>\n<p>&nbsp;<\/p>\n<p>:: 19h &#8211; Um canto de Natal com Coro C\u00eanico Encanta<\/p>\n<p>&nbsp;<\/p>\n<p>:: 20h \u2013 Show Cantata em Harmonia com Dirceu Pastori, Caroline Gobbato e Paulo Johann<\/p>\n<p>&nbsp;<\/p>\n<p>17\/12 \u2013 Quarta-feira<\/p>\n<p>&nbsp;<\/p>\n<p>:: 19h \u00e0s 21h \u2013 Interven\u00e7\u00e3o art\u00edstica com Elas Elfas<\/p>\n<p>&nbsp;<\/p>\n<p>18\/12 \u2013 Quinta-feira<\/p>\n<p>&nbsp;<\/p>\n<p>:: 19h &#8211; Show de m\u00e1gica O Encanto m\u00e1gico de Natal com Marcelo Soccol<\/p>\n<p>&nbsp;<\/p>\n<p>19\/12 \u2013 Sexta-feira<\/p>\n<p>&nbsp;<\/p>\n<p>:: 18h30 &#8211; Conta\u00e7\u00e3o de Hist\u00f3rias e confec\u00e7\u00e3o de lamparinas para crian\u00e7as<\/p>\n<p>&nbsp;<\/p>\n<p>:: 19h \u2013 Interven\u00e7\u00e3o art\u00edstica: Os Arautos de Natal<\/p>\n<p>&nbsp;<\/p>\n<p>:: 20h \u2013 Cantata em Harmonia com Dirceu Pastori, Caroline Gobbato e Paulo Johann<\/p>\n<p>&nbsp;<\/p>\n<p>20\/12 \u2013 S\u00e1bado<\/p>\n<p>&nbsp;<\/p>\n<p>:: 14h \u2013 Oficina de Guirlandas | Local: Ao lado da Casa do Papai Noel<\/p>\n<p>&nbsp;<\/p>\n<p>:: 16h &#8211; Musical infantil \u2018Entre luzes e can\u00e7\u00f5es\u201d com Sandra Mirelli e Bento Martins<\/p>\n<p>&nbsp;<\/p>\n<p>:: 18h &#8211; Missa<\/p>\n<p>&nbsp;<\/p>\n<p>:: 18h &#8211; Conta\u00e7\u00e3o de Hist\u00f3rias \u201cA Magia da Vila\u201d para adultos<\/p>\n<p>&nbsp;<\/p>\n<p>:: 18h30 &#8211; Caminhada Noturna<\/p>\n<p>&nbsp;<\/p>\n<p>:: 19h &#8211; Show musical Quartetando o Natal<\/p>\n<p>&nbsp;<\/p>\n<p>21\/12 \u2013 Domingo<\/p>\n<p>&nbsp;<\/p>\n<p>:: 19h &#8211; Cerim\u00f4nia c\u00eanica de encerramento<\/p>\n<p>&nbsp;<\/p>\n<p>:: 19h30 &#8211; Show com Tr\u00edade &#8211; Especial de Natal<\/p>\n<p>&nbsp;<\/p>\n<p>:: 21h &#8211; Show de Despedida do Noel<\/p>\n<p>&nbsp;<\/p>\n<p>PROGRAMA\u00c7\u00c3O PERMANENTE<\/p>\n<p>&nbsp;<\/p>\n<p>Mercado Comunit\u00e1rio<\/p>\n<p>&nbsp;<\/p>\n<p>Casa do Papai Noel<\/p>\n<p>&nbsp;<\/p>\n<p>PASSEIO DE JEEP<\/p>\n<p>&nbsp;<\/p>\n<p>Quarta e quintas-feiras das 19h \u00e0s 22h<\/p>\n<p>&nbsp;<\/p>\n<p>Sextas-feiras das 19h \u00e0s 22h<\/p>\n<p>&nbsp;<\/p>\n<p>S\u00e1bados e domingo das 16h \u00e0s 22h<\/p>\n<p>&nbsp;<\/p>\n<p>Valores: Quarta e quinta-feira R$5,00<\/p>\n<p>&nbsp;<\/p>\n<p>De sexta a domingo R$10,00<\/p>\n<p>&nbsp;<\/p>\n<p>Para maiores informa\u00e7\u00f5es: 54 9973-4464<\/p>\n<p>&nbsp;<\/p>\n<p>Em caso de chuva:<\/p>\n<p>&nbsp;<\/p>\n<p>Shows musicais: Igreja<\/p>\n<p>&nbsp;<\/p>\n<p>Teatro: Sal\u00e3o Paroquial<\/p>\n<p>&nbsp;<\/p>\n<p>Mercado comunit\u00e1rio: mantido no mesmo espa\u00e7o<\/p>\n<p>&nbsp;<\/p>\n<p>Estacionamento<\/p>\n<p>&nbsp;<\/p>\n<p>FICHA T\u00c9CNICA<\/p>\n<p>&nbsp;<\/p>\n<p>:: Produ\u00e7\u00e3o Cultural: Cali Gest\u00e3o Cultural<\/p>\n<p>:: Apoio: Curta Caxias<\/p>\n<p>&nbsp;<\/p>\n<p>:: Apoio Cultural: Randoncorp, Unimed Serra Ga\u00facha, Grazziotin Neg\u00f3cios Imobili\u00e1rios e Cootegal<\/p>\n<p>&nbsp;<\/p>\n<p>:: Patroc\u00ednio: Sicredi Pioneira, GGB Brinquedos, Roseflor Alimentos, Padaria Gal\u00f3polis e Sindicato T\u00eaxtil de Gal\u00f3polis (SindiGal)<\/p>\n<p>&nbsp;<\/p>\n<p>:: Financiamento: Lei Municipal de Incentivo \u00e0 Cultura | Prefeitura de Caxias do Sul e Pr\u00f3 Cultura do Governo do Estado do Rio Grande do Sul<\/p>\n<p>&nbsp;<\/p>\n<p>:: Realiza\u00e7\u00e3o: Associa\u00e7\u00e3o Tur\u00edstica Gal\u00f3polis Tecendo Hist\u00f3rias<\/p>\n<p>&nbsp;<\/p>\n<p>SERVI\u00c7O:<\/p>\n<p>&nbsp;<\/p>\n<p>:: O qu\u00ea: 20\u00aa edi\u00e7\u00e3o da Magia de Natal no Vale Iluminado, de Gal\u00f3polis<\/p>\n<p>&nbsp;<\/p>\n<p>:: Quando: de 6 a 21 de dezembro<\/p>\n<p>&nbsp;<\/p>\n<p>:: Onde: Gal\u00f3polis \u2013 Caxias do Sul\/RS<\/p>\n<p>&nbsp;<\/p>\n<p>:: Entrada gratuita<\/p>\n","protected":false},"excerpt":{"rendered":"<p>De 6 a 21 de dezembro, evento promove atividades culturais e visita\u00e7\u00f5es guiadas pela comunidade &nbsp; Com o tema \u201cDa primeira vela acesa ao Vale &hellip; <\/p>\n","protected":false},"author":2,"featured_media":35139,"comment_status":"closed","ping_status":"closed","sticky":false,"template":"","format":"standard","meta":{"footnotes":""},"categories":[2],"tags":[],"class_list":["post-35138","post","type-post","status-publish","format-standard","has-post-thumbnail","hentry","category-noticias","latest_post"],"_links":{"self":[{"href":"https:\/\/gilpimentel.com.br\/site\/wp-json\/wp\/v2\/posts\/35138","targetHints":{"allow":["GET"]}}],"collection":[{"href":"https:\/\/gilpimentel.com.br\/site\/wp-json\/wp\/v2\/posts"}],"about":[{"href":"https:\/\/gilpimentel.com.br\/site\/wp-json\/wp\/v2\/types\/post"}],"author":[{"embeddable":true,"href":"https:\/\/gilpimentel.com.br\/site\/wp-json\/wp\/v2\/users\/2"}],"replies":[{"embeddable":true,"href":"https:\/\/gilpimentel.com.br\/site\/wp-json\/wp\/v2\/comments?post=35138"}],"version-history":[{"count":1,"href":"https:\/\/gilpimentel.com.br\/site\/wp-json\/wp\/v2\/posts\/35138\/revisions"}],"predecessor-version":[{"id":35140,"href":"https:\/\/gilpimentel.com.br\/site\/wp-json\/wp\/v2\/posts\/35138\/revisions\/35140"}],"wp:featuredmedia":[{"embeddable":true,"href":"https:\/\/gilpimentel.com.br\/site\/wp-json\/wp\/v2\/media\/35139"}],"wp:attachment":[{"href":"https:\/\/gilpimentel.com.br\/site\/wp-json\/wp\/v2\/media?parent=35138"}],"wp:term":[{"taxonomy":"category","embeddable":true,"href":"https:\/\/gilpimentel.com.br\/site\/wp-json\/wp\/v2\/categories?post=35138"},{"taxonomy":"post_tag","embeddable":true,"href":"https:\/\/gilpimentel.com.br\/site\/wp-json\/wp\/v2\/tags?post=35138"}],"curies":[{"name":"wp","href":"https:\/\/api.w.org\/{rel}","templated":true}]}}