{"id":35129,"date":"2025-12-02T11:00:02","date_gmt":"2025-12-02T14:00:02","guid":{"rendered":"https:\/\/gilpimentel.com.br\/site\/?p=35129"},"modified":"2025-12-03T20:19:13","modified_gmt":"2025-12-03T23:19:13","slug":"fioreze-hoteis-lanca-edicao-especial-propria-de-chocolates-artesanais-para-o-natal","status":"publish","type":"post","link":"https:\/\/gilpimentel.com.br\/site\/fioreze-hoteis-lanca-edicao-especial-propria-de-chocolates-artesanais-para-o-natal\/","title":{"rendered":"FIOREZE HOT\u00c9IS LAN\u00c7A EDI\u00c7\u00c3O ESPECIAL PR\u00d3PRIA DE CHOCOLATES ARTESANAIS PARA O NATAL"},"content":{"rendered":"<p>Barra ao leite e bombons cl\u00e1ssicos foram elaborados em colabora\u00e7\u00e3o com a Prawer, refer\u00eancia na Serra Ga\u00facha<\/p>\n<p>&nbsp;<\/p>\n<p>Com aroma de cacau e afeto, em uma colabora\u00e7\u00e3o que valoriza a hist\u00f3ria da Serra Ga\u00facha, os Hot\u00e9is Fioreze lan\u00e7am a sua primeira edi\u00e7\u00e3o especial de chocolates. Barra ao leite (100 gramas) e bombons cl\u00e1ssicos (160 gramas) j\u00e1 est\u00e3o dispon\u00edveis para h\u00f3spedes e visitantes nos meios de hospedagem da marca em Gramado.<\/p>\n<p>&nbsp;<\/p>\n<p>Os doces com a sua assinatura s\u00e3o elaborados pela Prawer, uma das marcas pioneiras da produ\u00e7\u00e3o artesanal na Serra Ga\u00facha. A linha exclusiva tamb\u00e9m \u00e9 composta por fondue 38% cacau (250 gramas). \u201cTudo o que criamos carrega a mesma verdade que nos guia h\u00e1 anos que \u00e9 a de acolher bem e com cuidado. Os chocolates s\u00e3o mais uma forma de transformar a nossa hospitalidade em mem\u00f3ria, pois percebemos que muitos visitantes queriam levar uma lembran\u00e7a afetiva da estadia\u201d, destaca o diretor dos hot\u00e9is, Felipe Fioreze.<\/p>\n<p>&nbsp;<\/p>\n<p>O diretor acrescenta que a escolha da Prawer para o desenvolvimento da edi\u00e7\u00e3o pr\u00f3pria especial foi natural, pois al\u00e9m da sua tradi\u00e7\u00e3o artesanal, t\u00e9cnica e sabor caracter\u00edsticos, os Hot\u00e9is Fioreze comercializam, h\u00e1 certo tempo, os chocolates da empresa junto aos seus h\u00f3spedes, o que abriu caminho para a parceria.<\/p>\n<p>&nbsp;<\/p>\n<p>O diretor adianta que a Fioreze estuda a possibilidade de lan\u00e7ar novos produtos com sua assinatura independente das festas natalinas, valorizando marcas e produtores de qualidade e com \u201cra\u00edzes conectadas\u201d ao territ\u00f3rio da Serra Ga\u00facha. \u201cProdutos regionais que carreguem o selo da fam\u00edlia Fioreze, refor\u00e7ando o desejo de que cada visitante leve um pouco da ess\u00eancia da nossa hospitalidade para casa\u201d, conclui.<\/p>\n<p>&nbsp;<\/p>\n<p>Programa\u00e7\u00e3o de Natal<\/p>\n<p>&nbsp;<\/p>\n<p>At\u00e9 janeiro, nos finais de semana o caf\u00e9 da manh\u00e3 dos h\u00f3spedes nos Hot\u00e9is Fioreze tem a companhia dos \u201cArautos Peregrinos\u201d, em uma agenda de apresenta\u00e7\u00f5es. Com dire\u00e7\u00e3o e texto de Marcelo Wasen e Paula Lovatto, o pocket show tem 15 minutos de dura\u00e7\u00e3o, com os \u201cviajantes do tempo\u201d transformando a primeira refei\u00e7\u00e3o do dia em um momento diferenciado.<\/p>\n<p>&nbsp;<\/p>\n<p>No espet\u00e1culo intimista os personagens \u00cdris e Lumi contam hist\u00f3rias de desafios e reencontros pois, todos os anos, os \u201cArautos Peregrinos\u201d partem em busca de conhecimento e sabedoria, percorrendo terras e mares em diversos continentes fict\u00edcios.<\/p>\n<p>&nbsp;<\/p>\n<p>A presen\u00e7a do Papai Noel est\u00e1 confirmada no dia 24 de dezembro nos diversos endere\u00e7os dos hot\u00e9is Fioreze, a partir das 18h30, na v\u00e9spera do Natal.<\/p>\n<p>&nbsp;<\/p>\n<p>Servi\u00e7o<\/p>\n<p>&nbsp;<\/p>\n<p>Edi\u00e7\u00e3o especial de chocolates Fioreze<\/p>\n<p>&nbsp;<\/p>\n<p>-Barra ao leite (100 gramas)<\/p>\n<p>&nbsp;<\/p>\n<p>-Bombons cl\u00e1ssicos (160 gramas)<\/p>\n<p>&nbsp;<\/p>\n<p>Site: www.hoteisfioreze.com.br<\/p>\n<p>&nbsp;<\/p>\n<p>Endere\u00e7os<\/p>\n<p>&nbsp;<\/p>\n<p>-Hotel Fioreze Quero Quero: Rua Vigilante, 200 (Gramado)<\/p>\n<p>&nbsp;<\/p>\n<p>-Hotel Fioreze Centro: R. S\u00e3o Pedro, 438 (Gramado)<\/p>\n<p>&nbsp;<\/p>\n<p>-Hotel Cabanas Tio M\u00fcller: R. J\u00falio Hanke, 184 (Gramado)<\/p>\n<p>&nbsp;<\/p>\n<p>-Hotel Fioreze Primo: Av. Borges de Medeiros, 3650 (Gramado)<\/p>\n<p>&nbsp;<\/p>\n<p>-Hotel Fioreze Origem: Av. das Hort\u00eansias, 1207 (Gramado)<\/p>\n<p>&nbsp;<\/p>\n<p>-Chal\u00e9s Fam\u00edlias Fioreze: Rua Jo\u00e3o Scur, Estr. Linha \u00c1vila, 1890 (Gramado)<\/p>\n","protected":false},"excerpt":{"rendered":"<p>Barra ao leite e bombons cl\u00e1ssicos foram elaborados em colabora\u00e7\u00e3o com a Prawer, refer\u00eancia na Serra Ga\u00facha &nbsp; Com aroma de cacau e afeto, em &hellip; <\/p>\n","protected":false},"author":2,"featured_media":35179,"comment_status":"closed","ping_status":"closed","sticky":false,"template":"","format":"standard","meta":{"footnotes":""},"categories":[2],"tags":[],"class_list":["post-35129","post","type-post","status-publish","format-standard","has-post-thumbnail","hentry","category-noticias","latest_post"],"_links":{"self":[{"href":"https:\/\/gilpimentel.com.br\/site\/wp-json\/wp\/v2\/posts\/35129","targetHints":{"allow":["GET"]}}],"collection":[{"href":"https:\/\/gilpimentel.com.br\/site\/wp-json\/wp\/v2\/posts"}],"about":[{"href":"https:\/\/gilpimentel.com.br\/site\/wp-json\/wp\/v2\/types\/post"}],"author":[{"embeddable":true,"href":"https:\/\/gilpimentel.com.br\/site\/wp-json\/wp\/v2\/users\/2"}],"replies":[{"embeddable":true,"href":"https:\/\/gilpimentel.com.br\/site\/wp-json\/wp\/v2\/comments?post=35129"}],"version-history":[{"count":1,"href":"https:\/\/gilpimentel.com.br\/site\/wp-json\/wp\/v2\/posts\/35129\/revisions"}],"predecessor-version":[{"id":35130,"href":"https:\/\/gilpimentel.com.br\/site\/wp-json\/wp\/v2\/posts\/35129\/revisions\/35130"}],"wp:featuredmedia":[{"embeddable":true,"href":"https:\/\/gilpimentel.com.br\/site\/wp-json\/wp\/v2\/media\/35179"}],"wp:attachment":[{"href":"https:\/\/gilpimentel.com.br\/site\/wp-json\/wp\/v2\/media?parent=35129"}],"wp:term":[{"taxonomy":"category","embeddable":true,"href":"https:\/\/gilpimentel.com.br\/site\/wp-json\/wp\/v2\/categories?post=35129"},{"taxonomy":"post_tag","embeddable":true,"href":"https:\/\/gilpimentel.com.br\/site\/wp-json\/wp\/v2\/tags?post=35129"}],"curies":[{"name":"wp","href":"https:\/\/api.w.org\/{rel}","templated":true}]}}