{"id":35126,"date":"2025-12-02T08:34:23","date_gmt":"2025-12-02T11:34:23","guid":{"rendered":"https:\/\/gilpimentel.com.br\/site\/?p=35126"},"modified":"2025-12-03T19:35:20","modified_gmt":"2025-12-03T22:35:20","slug":"os-sabores-pelo-mundo-o-que-diferentes-paises-comem-nas-festas-de-final-de-ano","status":"publish","type":"post","link":"https:\/\/gilpimentel.com.br\/site\/os-sabores-pelo-mundo-o-que-diferentes-paises-comem-nas-festas-de-final-de-ano\/","title":{"rendered":"OS SABORES PELO MUNDO: O QUE DIFERENTES PA\u00cdSES COMEM NAS FESTAS DE FINAL DE ANO"},"content":{"rendered":"<p>Chef Will Peters explica tradi\u00e7\u00f5es gastron\u00f4micas e como cada cultura transforma o fim de ano em uma celebra\u00e7\u00e3o de sabores<\/p>\n<p>&nbsp;<\/p>\n<p>Dezembro \u00e9 um dos meses mais ricos do calend\u00e1rio gastron\u00f4mico mundial. Conforme o ano se aproxima do fim, diferentes pa\u00edses celebram com pratos que carregam hist\u00f3ria, simbolismo e uma boa dose de identidade cultural. Do salgado ao doce, da simplicidade ao luxo, a mesa de fim de ano \u00e9 um retrato da alma de cada povo. \u00c9 exatamente esse retrato que inspira o badalado chef Will Peters, do Saza Cozinha, de Curitiba (PR), a explorar como cada canto do planeta transforma a comida em celebra\u00e7\u00e3o.<\/p>\n<p>&nbsp;<\/p>\n<p>\u201cGastronomia \u00e9 uma forma de contar hist\u00f3rias. Quando analisamos o que cada pa\u00eds coloca na mesa em dezembro, entendemos mais sobre suas mem\u00f3rias, seus ancestrais e seus valores. Entendemos como as fam\u00edlias pelo mundo celebram essa data. \u00c9 um mapa cultural feito de sabores e sotaques\u201d, ressalta o chef.<\/p>\n<p>&nbsp;<\/p>\n<p>A seguir, conhe\u00e7a alguns dos pratos mais emblem\u00e1ticos das festas ao redor do mundo e o que eles representam.<\/p>\n<p>&nbsp;<\/p>\n<p>It\u00e1lia \u2013 Panettone e Tortellini in Brodo: na \u201cvelha bota\u201d, a mesa de dezembro \u00e9 dominada pela tradi\u00e7\u00e3o. O panettone, criado em Mil\u00e3o, \u00e9 hoje um s\u00edmbolo global do Natal. J\u00e1 em regi\u00f5es como Emilia-Romagna, o destaque vai para o tortellini in brodo, uma sopa quente e reconfortante que mistura afeto e t\u00e9cnica apurada. \u201cNa It\u00e1lia, a comida de dezembro une fam\u00edlia. S\u00e3o pratos que refor\u00e7am o aconchego e a mem\u00f3ria afetiva\u201d, comenta Peters.<\/p>\n<p>&nbsp;<\/p>\n<p>Alemanha \u2013 Stollen e Pretzels Festivos: o famoso Stollen, p\u00e3o doce recheado de frutas secas e marzip\u00e3, \u00e9 a estrela das festas germanas. O sabor marcado por especiarias remete \u00e0 espiritualidade e aos mercados de Natal que atravessam s\u00e9culos. Pretzels decorados com a\u00e7\u00facar e especiarias tamb\u00e9m ganham espa\u00e7o.<\/p>\n<p>&nbsp;<\/p>\n<p>Fran\u00e7a \u2013 B\u00fbche de No\u00ebl: os franceses celebram com eleg\u00e2ncia \u2014 e a sobremesa que n\u00e3o pode faltar \u00e9 a tradicional B\u00fbche de No\u00ebl, um rocambole decorado como um tronco de madeira. A simbologia remete ao antigo costume de queimar toras no inverno para purifica\u00e7\u00e3o e boa sorte. \u201cA Fran\u00e7a \u00e9 o ber\u00e7o da alta confeitaria, e a B\u00fbche traduz isso perfeitamente. \u00c9 t\u00e9cnica, hist\u00f3ria e est\u00e9tica num s\u00f3 prato\u201d, destaca o chef.<\/p>\n<p>&nbsp;<\/p>\n<p>M\u00e9xico \u2013 Tamales e Ponche Navide\u00f1o: no M\u00e9xico, o Natal tem sabores intensos e celebra\u00e7\u00e3o calorosa. Tamales de milho recheados s\u00e3o presen\u00e7a obrigat\u00f3ria, preparados coletivamente em fam\u00edlia. Para acompanhar, o tradicional Ponche Navide\u00f1o, bebida quente feita com frutas, canela e especiarias.<\/p>\n<p>&nbsp;<\/p>\n<p>Austr\u00e1lia \u2013 Pavlova e frutos do mar: por ser ver\u00e3o no hemisf\u00e9rio sul, a ceia australiana privilegia leveza e frescor. A Pavlova, sobremesa \u00e0 base de merengue crocante por fora e macio por dentro, \u00e9 decorada com frutas frescas. Nos pratos principais, frutos do mar brilham sob o sol de dezembro.<\/p>\n<p>&nbsp;<\/p>\n<p>Noruega \u2013 Lutefisk e Kransekake: o Lutefisk, peixe seco reidratado e cozido, \u00e9 um cl\u00e1ssico de origem viking que permanece vivo nas festas norueguesas. Para ado\u00e7ar a mesa, o Kransekake, bolo em formato de torre feito com am\u00eandoas, representa prosperidade para o ano que chega.<\/p>\n<p>&nbsp;<\/p>\n<p>Brasil \u2013 Mistura de tradi\u00e7\u00f5es e tropicalidade: no Brasil, o Natal \u00e9 uma fus\u00e3o deliciosa de influ\u00eancias europeias com ingredientes tropicais. Peru, farofa, salada de maionese e rabanada convivem harmoniosamente com manga, abacaxi, uvas e cerejas frescas. \u201cO Brasil tem uma mesa \u00fanica: acolhedora, plural, afetiva e cheia de sabor. \u00c9 um dos pa\u00edses que mais mistura tradi\u00e7\u00f5es com liberdade criativa\u201d, analisa Peters.<\/p>\n<p>&nbsp;<\/p>\n<p>Will Peters ressalta que, apesar das diferen\u00e7as culturais, h\u00e1 algo em comum entre todos os pa\u00edses: o desejo de celebrar unindo pessoas ao redor da mesa. \u201cAs festas de dezembro n\u00e3o s\u00e3o apenas sobre comer, s\u00e3o sobre pertencimento. Cada prato, em qualquer lugar do mundo, carrega um significado que atravessa gera\u00e7\u00f5es\u201d, finaliza o chef.<\/p>\n","protected":false},"excerpt":{"rendered":"<p>Chef Will Peters explica tradi\u00e7\u00f5es gastron\u00f4micas e como cada cultura transforma o fim de ano em uma celebra\u00e7\u00e3o de sabores &nbsp; Dezembro \u00e9 um dos &hellip; <\/p>\n","protected":false},"author":2,"featured_media":35127,"comment_status":"closed","ping_status":"closed","sticky":false,"template":"","format":"standard","meta":{"footnotes":""},"categories":[2],"tags":[],"class_list":["post-35126","post","type-post","status-publish","format-standard","has-post-thumbnail","hentry","category-noticias","latest_post"],"_links":{"self":[{"href":"https:\/\/gilpimentel.com.br\/site\/wp-json\/wp\/v2\/posts\/35126","targetHints":{"allow":["GET"]}}],"collection":[{"href":"https:\/\/gilpimentel.com.br\/site\/wp-json\/wp\/v2\/posts"}],"about":[{"href":"https:\/\/gilpimentel.com.br\/site\/wp-json\/wp\/v2\/types\/post"}],"author":[{"embeddable":true,"href":"https:\/\/gilpimentel.com.br\/site\/wp-json\/wp\/v2\/users\/2"}],"replies":[{"embeddable":true,"href":"https:\/\/gilpimentel.com.br\/site\/wp-json\/wp\/v2\/comments?post=35126"}],"version-history":[{"count":1,"href":"https:\/\/gilpimentel.com.br\/site\/wp-json\/wp\/v2\/posts\/35126\/revisions"}],"predecessor-version":[{"id":35128,"href":"https:\/\/gilpimentel.com.br\/site\/wp-json\/wp\/v2\/posts\/35126\/revisions\/35128"}],"wp:featuredmedia":[{"embeddable":true,"href":"https:\/\/gilpimentel.com.br\/site\/wp-json\/wp\/v2\/media\/35127"}],"wp:attachment":[{"href":"https:\/\/gilpimentel.com.br\/site\/wp-json\/wp\/v2\/media?parent=35126"}],"wp:term":[{"taxonomy":"category","embeddable":true,"href":"https:\/\/gilpimentel.com.br\/site\/wp-json\/wp\/v2\/categories?post=35126"},{"taxonomy":"post_tag","embeddable":true,"href":"https:\/\/gilpimentel.com.br\/site\/wp-json\/wp\/v2\/tags?post=35126"}],"curies":[{"name":"wp","href":"https:\/\/api.w.org\/{rel}","templated":true}]}}