{"id":35043,"date":"2025-12-04T00:13:55","date_gmt":"2025-12-04T03:13:55","guid":{"rendered":"https:\/\/gilpimentel.com.br\/site\/?p=35043"},"modified":"2025-11-30T00:14:44","modified_gmt":"2025-11-30T03:14:44","slug":"tribo-de-atuadores-oi-nois-aqui-traveiz-lanca-o-livro-por-um-museu-de-memorias-da-cena-de-clovis-massa-dia-10-de-dezembro-na-terreira-da-tribo","status":"publish","type":"post","link":"https:\/\/gilpimentel.com.br\/site\/tribo-de-atuadores-oi-nois-aqui-traveiz-lanca-o-livro-por-um-museu-de-memorias-da-cena-de-clovis-massa-dia-10-de-dezembro-na-terreira-da-tribo\/","title":{"rendered":"TRIBO DE ATUADORES \u00d3I N\u00d3IS AQUI TRAVEIZ LAN\u00c7A O LIVRO POR UM MUSEU DE MEM\u00d3RIAS DA CENA, DE CLOVIS MASSA, DIA 10 DE DEZEMBRO, NA TERREIRA DA TRIBO"},"content":{"rendered":"<p>Na ocasi\u00e3o, o grupo abre a exposi\u00e7\u00e3o fotogr\u00e1fica Teatro, tempo e mem\u00f3ria sobre os grupos de teatro longevos do nosso pa\u00eds. Estes lan\u00e7amentos s\u00e3o parte do projeto Arte P\u00fablica<\/p>\n<p>&nbsp;<\/p>\n<p>Por um Museu de Mem\u00f3rias da Cena &#8211; Incurs\u00f5es da Tribo de Atuadores \u00d3i N\u00f3is Aqui Traveiz em acervos de grupos longevos do Teatro Brasileiro, escrito pelo professor doutor da UFRGS Cl\u00f3vis Dias Massa e editado pelo selo \u00d3i N\u00f3is na Mem\u00f3ria, ganha lan\u00e7amento dia 10 de dezembro, \u00e0s 20h, na Terreira da Tribo. A noite conta ainda com a abertura da exposi\u00e7\u00e3o fotogr\u00e1fica Teatro, Tempo e Mem\u00f3ria, com imagens que trazem um recorte sobre importantes grupos de teatro do Brasil, fortalecendo a mem\u00f3ria do teatro de grupo brasileiro.<\/p>\n<p>&nbsp;<\/p>\n<p>A Tribo de Atuadores \u00d3i N\u00f3is Aqui Traveiz, que h\u00e1 quase 50 anos existe e resiste no Sul do pa\u00eds, percorreu as sedes e espa\u00e7os de mem\u00f3ria de oito coletivos de teatro da regi\u00e3o Sudeste: T\u00e1 na Rua (RJ), Teatro Oficina (SP), Grupo Galp\u00e3o (MG), Sobrevento (SP), Cia Ensaio Aberto (RJ), Pombas Urbanas (SP), Engenho Teatral (SP) e Cia do Tijolo (SP). Esta \u00faltima companhia trouxe consigo as mem\u00f3rias do grupo Vento Forte de Ilo Krugli (RJ-SP). Foram realizadas entrevistas gravadas em v\u00eddeo e visitas \u00e0 sede dos grupos. O objetivo da Etapa Mem\u00f3ria do Projeto Arte P\u00fablica &#8211; realizado com recursos da Funarte do Minist\u00e9rio da Cultura atrav\u00e9s de emenda parlamentar de autoria da Deputada Fernanda Melchionna, foi o de gerar reflex\u00e3o sobre a necessidade de uma pol\u00edtica p\u00fablica para preservar a mem\u00f3ria desta arte ef\u00eamera que \u00e9 o teatro, e isso num recorte espec\u00edfico, o dos coletivos teatrais de a\u00e7\u00e3o continuada, os grupos longevos do Brasil.<\/p>\n<p>&nbsp;<\/p>\n<p>Cl\u00f3vis Massa aceitou o desafio de transformar as muitas horas de conversas da Tribo de Atuadores com estes coletivos nesta obra. A dificuldade de fazer teatro de forma cont\u00ednua e comprometida evidencia a aus\u00eancia de pol\u00edticas para a longevidade dos grupos de teatro brasileiros. Na \u00e1rdua batalha para sobreviver e fazer bom teatro, nem sempre \u00e9 poss\u00edvel preocupar-se ativamente com a\u00e7\u00f5es de preserva\u00e7\u00e3o de mem\u00f3ria dos grupos. A partir das conversas com os coletivos, Clovis Massa retratou como cada um dos grupos lida com o tema da mem\u00f3ria.<\/p>\n<p>&nbsp;<\/p>\n<p>Cl\u00f3vis Dias Massa \u00e9 Professor Titular da Universidade Federal do Rio Grande do Sul, onde atua nos cursos de Teatro do Departamento de Arte Dram\u00e1tica e no Programa de P\u00f3s-gradua\u00e7\u00e3o em Artes C\u00eanicas. Doutor em Teoria da Literatura pela PUCRS. Mestre pela Escola de Comunica\u00e7\u00f5es e Artes da USP. Graduado em Artes C\u00eanicas\/Interpreta\u00e7\u00e3o Teatral pela UFRGS. Pesquisador acad\u00eamico no campo da dramaturgia e da hist\u00f3ria do teatro, da teatralidade, da po\u00e9tica e da est\u00e9tica teatral. Integrante do Grupo de Pesquisa Teoria Teatral: Hist\u00f3ria, Dramaturgia e Est\u00e9tica do Espet\u00e1culo, vinculado ao Diret\u00f3rio de Grupos de Pesquisa do CNPq.<\/p>\n<p>&nbsp;<\/p>\n<p>A exposi\u00e7\u00e3o fotogr\u00e1fica Teatro, tempo e mem\u00f3ria traz uma vis\u00e3o sobre a atua\u00e7\u00e3o teatral desses grupos, que vem marcando a hist\u00f3ria do Teatro Brasileiro. A curadoria \u00e9 da atuadora T\u00e2nia Farias e a mostra ficar\u00e1 aberta \u00e0 visita\u00e7\u00e3o p\u00fablica durante os meses de dezembro, fevereiro e mar\u00e7o, de ter\u00e7a a sexta-feira, no hor\u00e1rio das 14h \u00e0s 18h.<\/p>\n<p>&nbsp;<\/p>\n<p>Por um Museu de Mem\u00f3rias da Cena \u2013 lan\u00e7amento do livro de Cl\u00f3vis Massa<\/p>\n<p>Dia 10 de dezembro, \u00e0s 20h<\/p>\n<p>Terreira da Tribo \u2013 Av. P\u00e1tria, 98<\/p>\n<p>Entrada franca<\/p>\n<p>&nbsp;<\/p>\n<p>Teatro, Tempo e Mem\u00f3ria &#8211; Exposi\u00e7\u00e3o de fotos com curadoria de T\u00e2nia Farias<\/p>\n<p>Abertura dia 10 de dezembro, \u00e0s 20h<\/p>\n<p>Terreira da Tribo \u2013 Av. P\u00e1tria, 98<\/p>\n<p>Visita\u00e7\u00e3o de ter\u00e7as a sextas, das 14h \u00e0s 18h em dezembro, fevereiro e mar\u00e7o<\/p>\n<p>Entrada franca<\/p>\n<p>&nbsp;<\/p>\n<p>Redes da Tribo:<\/p>\n<p>https:\/\/www.oinoisaquitraveiz.com.br\/<\/p>\n<p>https:\/\/www.instagram.com\/oinoisaquitraveiz\/<\/p>\n<p>https:\/\/www.youtube.com\/oinoisaquitraveiz<\/p>\n<p>https:\/\/www.facebook.com\/oinoisaquitraveiz2\/<\/p>\n","protected":false},"excerpt":{"rendered":"<p>Na ocasi\u00e3o, o grupo abre a exposi\u00e7\u00e3o fotogr\u00e1fica Teatro, tempo e mem\u00f3ria sobre os grupos de teatro longevos do nosso pa\u00eds. Estes lan\u00e7amentos s\u00e3o parte &hellip; <\/p>\n","protected":false},"author":2,"featured_media":35044,"comment_status":"closed","ping_status":"closed","sticky":false,"template":"","format":"standard","meta":{"footnotes":""},"categories":[2],"tags":[],"class_list":["post-35043","post","type-post","status-publish","format-standard","has-post-thumbnail","hentry","category-noticias","latest_post"],"_links":{"self":[{"href":"https:\/\/gilpimentel.com.br\/site\/wp-json\/wp\/v2\/posts\/35043","targetHints":{"allow":["GET"]}}],"collection":[{"href":"https:\/\/gilpimentel.com.br\/site\/wp-json\/wp\/v2\/posts"}],"about":[{"href":"https:\/\/gilpimentel.com.br\/site\/wp-json\/wp\/v2\/types\/post"}],"author":[{"embeddable":true,"href":"https:\/\/gilpimentel.com.br\/site\/wp-json\/wp\/v2\/users\/2"}],"replies":[{"embeddable":true,"href":"https:\/\/gilpimentel.com.br\/site\/wp-json\/wp\/v2\/comments?post=35043"}],"version-history":[{"count":1,"href":"https:\/\/gilpimentel.com.br\/site\/wp-json\/wp\/v2\/posts\/35043\/revisions"}],"predecessor-version":[{"id":35045,"href":"https:\/\/gilpimentel.com.br\/site\/wp-json\/wp\/v2\/posts\/35043\/revisions\/35045"}],"wp:featuredmedia":[{"embeddable":true,"href":"https:\/\/gilpimentel.com.br\/site\/wp-json\/wp\/v2\/media\/35044"}],"wp:attachment":[{"href":"https:\/\/gilpimentel.com.br\/site\/wp-json\/wp\/v2\/media?parent=35043"}],"wp:term":[{"taxonomy":"category","embeddable":true,"href":"https:\/\/gilpimentel.com.br\/site\/wp-json\/wp\/v2\/categories?post=35043"},{"taxonomy":"post_tag","embeddable":true,"href":"https:\/\/gilpimentel.com.br\/site\/wp-json\/wp\/v2\/tags?post=35043"}],"curies":[{"name":"wp","href":"https:\/\/api.w.org\/{rel}","templated":true}]}}