{"id":35003,"date":"2025-12-01T08:44:16","date_gmt":"2025-12-01T11:44:16","guid":{"rendered":"https:\/\/gilpimentel.com.br\/site\/?p=35003"},"modified":"2025-11-30T15:04:33","modified_gmt":"2025-11-30T18:04:33","slug":"apartamento-reformado-traz-modernidade-e-funcionalidade-a-espacos-ociosos","status":"publish","type":"post","link":"https:\/\/gilpimentel.com.br\/site\/apartamento-reformado-traz-modernidade-e-funcionalidade-a-espacos-ociosos\/","title":{"rendered":"APARTAMENTO REFORMADO TRAZ MODERNIDADE E FUNCIONALIDADE A ESPA\u00c7OS OCIOSOS"},"content":{"rendered":"<p>Arquiteta Debora Durigon reforma apartamento e incorpora \u00e1rea sem uso ampliando a cozinha e integra home office<\/p>\n<p>&nbsp;<\/p>\n<p>Localizado no bairro da Penha, Zona Leste da Capital Paulista, projeto de antigo apartamento com 3 quartos passou por reforma e agregou funcionalidade mantendo alguns carater\u00edsticas originais solicitadas pelos propriet\u00e1rios (um casal com uma filha pequena), como o piso de madeira maci\u00e7a j\u00e1 existente. Como o piso de madeira foi mantido n\u00e3o houve altera\u00e7\u00e3o na sala nem nos dormit\u00f3rios, sendo a reforma focada na integra\u00e7\u00e3o da cozinha com a \u00e1rea social e na viabiliza\u00e7\u00e3o de um home office, que fosse ao mesmo tempo integrado, mas que tivesse privacidade.<\/p>\n<p>&nbsp;<\/p>\n<p>O propriet\u00e1rio por trabalhar em casa gostaria de um espa\u00e7o amplo e com visibilidade para a \u00e1rea social e cozinha, para que pudesse cuidar da filha. Para isso, a arquiteta Debora Durigon, transformou um dos quartos em home office \u201caqu\u00e1rio\u201d, substituindo parte da alvenaria das paredes com vidro, permitindo assim integra\u00e7\u00e3o total, mas podendo ficar privado com o uso de persianas.<\/p>\n<p>&nbsp;<\/p>\n<p>Al\u00e9m dessa necessidade visual, o morador por ser gamer solicitou espa\u00e7os para guardar os acess\u00f3rios e aparelhos de uso no trabalho e uma ampla bancada. Toda marcenaria foi desenvolvida por D\u00e9bora Durigon que pensou em cada detalhe. A bancada foi desenhada em L obtendo assim um espa\u00e7o generoso e uma calha foi projetada em todo per\u00edmetro da mesa para ocultar a fia\u00e7\u00e3o, roteadores e equipamento de internet, mantendo o ambiente com visual organizado.<\/p>\n<p>&nbsp;<\/p>\n<p>Essa bancada fica de frente \u00e0 parede de vidro permitindo visibilidade para todo o apartamento. Na parede oposta, a arquiteta criou um arm\u00e1rio com portas de vidro para serem expostos acess\u00f3rios, livros e objetos de gamers. Abaixo, foi projetado um aparador para armazenar documentos e sobre o m\u00f3vel foi instalada a impressora e a cafeteira.<\/p>\n<p>&nbsp;<\/p>\n<p>Cozinha integrada com interruptores inteligentes<\/p>\n<p>&nbsp;<\/p>\n<p>Outro desejo dos moradores era transformar a cozinha em um espa\u00e7o de conv\u00edvio social. Por se tratar de um apartamento antigo a arquiteta derrubou as paredes unificando os ambientes. Onde era a parede foi projetada uma mesa de jantar em pedra natural (Via L\u00e1ctea), entretanto, um dos desafios foi o quadro de energia que estava justamente na parede que seria demolida, \u201cna abertura do quadro geral de energia notei que toda a fia\u00e7\u00e3o estava vindo do ch\u00e3o at\u00e9 a altura do quadro, com isso encontrei a solu\u00e7\u00e3o de apenas abaixar a altura do quadro, sem fazer altera\u00e7\u00e3o de parede, permitindo assim que a parede de divisa dos ambientes fosse parcialmente removida\u201d, explica a arquiteta.<\/p>\n<p>&nbsp;<\/p>\n<p>A parte que sobrou da parede foi transformada em mureta e se tornou apoio para o tampo da mesa de jantar que ganhou cadeiras e acess\u00f3rios (Bucalo). Tanto na mesa de jantar quanto na bancada das \u00e1reas molhada e de coc\u00e7\u00e3o foram instalados interruptores e tomadas inteligentes acionadas por controle remoto via app no celular.<\/p>\n<p>&nbsp;<\/p>\n<p>Amplia\u00e7\u00e3o com \u00e1rea n\u00e3o utilizada do pr\u00e9dio<\/p>\n<p>&nbsp;<\/p>\n<p>O apartamento teve o layout da cozinha ampliado devido a um espa\u00e7o ocioso conhecido como \u201ccaix\u00e3o perdido do elevador\u201d, uma \u00e1rea inutilizada que proporcionou ao projeto algumas metragens. \u201c Era uma \u00e1rea escura com p\u00e9 direito baixo e um labirinto de portas de acessos, analisei todo o espa\u00e7o e notei que poderia remover uma s\u00e9rie de pequenas paredes incluindo vergas (parte de cima da parede que parecem vigas) que v\u00e3o eram vigas. Isso permitiu integra\u00e7\u00e3o total com a cozinha e se tornou um anexo\u201d, diz D\u00e9bora Durigon.<\/p>\n<p>&nbsp;<\/p>\n<p>Nesse anexo a arquiteta instalou a geladeira e os eletrodom\u00e9sticos e projetou um arm\u00e1rio em MDF com portas vazadas para melhor circula\u00e7\u00e3o de ar e uma cristaleira. O novo espa\u00e7o recebeu forro de gesso e porcelanato marmorizado no piso e parede seguindo a mesma padronagem usada na cozinha e lavanderia.<\/p>\n","protected":false},"excerpt":{"rendered":"<p>Arquiteta Debora Durigon reforma apartamento e incorpora \u00e1rea sem uso ampliando a cozinha e integra home office &nbsp; Localizado no bairro da Penha, Zona Leste &hellip; <\/p>\n","protected":false},"author":2,"featured_media":35004,"comment_status":"closed","ping_status":"closed","sticky":false,"template":"","format":"standard","meta":{"footnotes":""},"categories":[2],"tags":[],"class_list":["post-35003","post","type-post","status-publish","format-standard","has-post-thumbnail","hentry","category-noticias","latest_post"],"_links":{"self":[{"href":"https:\/\/gilpimentel.com.br\/site\/wp-json\/wp\/v2\/posts\/35003","targetHints":{"allow":["GET"]}}],"collection":[{"href":"https:\/\/gilpimentel.com.br\/site\/wp-json\/wp\/v2\/posts"}],"about":[{"href":"https:\/\/gilpimentel.com.br\/site\/wp-json\/wp\/v2\/types\/post"}],"author":[{"embeddable":true,"href":"https:\/\/gilpimentel.com.br\/site\/wp-json\/wp\/v2\/users\/2"}],"replies":[{"embeddable":true,"href":"https:\/\/gilpimentel.com.br\/site\/wp-json\/wp\/v2\/comments?post=35003"}],"version-history":[{"count":1,"href":"https:\/\/gilpimentel.com.br\/site\/wp-json\/wp\/v2\/posts\/35003\/revisions"}],"predecessor-version":[{"id":35005,"href":"https:\/\/gilpimentel.com.br\/site\/wp-json\/wp\/v2\/posts\/35003\/revisions\/35005"}],"wp:featuredmedia":[{"embeddable":true,"href":"https:\/\/gilpimentel.com.br\/site\/wp-json\/wp\/v2\/media\/35004"}],"wp:attachment":[{"href":"https:\/\/gilpimentel.com.br\/site\/wp-json\/wp\/v2\/media?parent=35003"}],"wp:term":[{"taxonomy":"category","embeddable":true,"href":"https:\/\/gilpimentel.com.br\/site\/wp-json\/wp\/v2\/categories?post=35003"},{"taxonomy":"post_tag","embeddable":true,"href":"https:\/\/gilpimentel.com.br\/site\/wp-json\/wp\/v2\/tags?post=35003"}],"curies":[{"name":"wp","href":"https:\/\/api.w.org\/{rel}","templated":true}]}}