{"id":34985,"date":"2025-12-01T08:20:53","date_gmt":"2025-12-01T11:20:53","guid":{"rendered":"https:\/\/gilpimentel.com.br\/site\/?p=34985"},"modified":"2025-11-30T15:06:31","modified_gmt":"2025-11-30T18:06:31","slug":"sarau-cultural-e-roda-de-samba-na-rua-marcam-celebracoes-do-dia-nacional-do-samba-em-caxias-do-sul","status":"publish","type":"post","link":"https:\/\/gilpimentel.com.br\/site\/sarau-cultural-e-roda-de-samba-na-rua-marcam-celebracoes-do-dia-nacional-do-samba-em-caxias-do-sul\/","title":{"rendered":"SARAU CULTURAL E RODA DE SAMBA NA RUA MARCAM CELEBRA\u00c7\u00d5ES DO DIA NACIONAL DO SAMBA EM CAXIAS DO SUL"},"content":{"rendered":"<p>O Bar do Luizinho sediar\u00e1 os eventos na ter\u00e7a-feira (2) e no domingo (7)<\/p>\n<p>&nbsp;<\/p>\n<p>A tradi\u00e7\u00e3o do samba vai tomar conta de Caxias do Sul nos dias 2 e 7 de dezembro. O projeto \u201cDia do Samba\u201d, idealizado pelo empreendedor Leonardo dos Santos, chega \u00e0 sua quarta edi\u00e7\u00e3o com uma programa\u00e7\u00e3o especial para celebrar o Dia Nacional do Samba, comemorado em 2 de dezembro.<\/p>\n<p>&nbsp;<\/p>\n<p>O local escolhido para a comemora\u00e7\u00e3o n\u00e3o poderia ser mais simb\u00f3lico: no Bar do Luizinho, reduto hist\u00f3rico do samba h\u00e1 27 anos na cidade, localizado no bairro Cohab. O projeto valoriza a cultura popular e refor\u00e7a o papel do samba como s\u00edmbolo nacional de identidade, resist\u00eancia e inclus\u00e3o social.<\/p>\n<p>&nbsp;<\/p>\n<p>A abertura da programa\u00e7\u00e3o, nesta ter\u00e7a-feira, dia 2 de dezembro, ser\u00e1 marcada por um encontro que une m\u00fasica, hist\u00f3ria e reflex\u00e3o. O Sarau Dia do Samba contar\u00e1 com a presen\u00e7a de dois nomes fundamentais para a preserva\u00e7\u00e3o do g\u00eanero: Ernani Vieira, pesquisador do tema, que abordar\u00e1 a trajet\u00f3ria do samba em Caxias do Sul e suas ra\u00edzes locais; e Mestre Batata, personagem central do document\u00e1rio \u201cDe que lado tu samba?\u201d, refer\u00eancia na cultura do samba e na resist\u00eancia art\u00edstica da cidade.<\/p>\n<p>&nbsp;<\/p>\n<p>O Bar do Luizinho abre \u00e0s 18h, o bate-papo inicia \u00e0s 20h e ter\u00e1 apresenta\u00e7\u00e3o do Samba de Raiz com Seresteiros do Luar a partir das 21h. A entrada \u00e9 gratuita.<\/p>\n<p>&nbsp;<\/p>\n<p>No domingo, dia 7 de dezembro, a partir das 15h, a rua Jacob Luchesi, em frente ao Bar do Luizinho, se transformar\u00e1 em palco aberto para uma grande roda de samba, com m\u00fasicos locais e artistas convidados.<\/p>\n<p>&nbsp;<\/p>\n<p>A celebra\u00e7\u00e3o contar\u00e1 ainda com a tradicional gastronomia de boteco e um repert\u00f3rio recheado de cl\u00e1ssicos do samba, valorizando a ess\u00eancia do g\u00eanero. A entrada custa R$ 20.<\/p>\n<p>&nbsp;<\/p>\n<p>Leonardo dos Santos explica que a iniciativa do Dia do Samba visa reafirmar o g\u00eanero musical como patrim\u00f4nio vivo da cultura brasileira, um espa\u00e7o de resist\u00eancia, celebra\u00e7\u00e3o e pertencimento.<\/p>\n<p>&nbsp;<\/p>\n<p>\u201cO samba \u00e9 muito mais que m\u00fasica: \u00e9 identidade, mem\u00f3ria e coletividade. Em Caxias do Sul, cidade marcada pela imigra\u00e7\u00e3o italiana, o samba pode n\u00e3o ser predominante, mas suas manifesta\u00e7\u00f5es persistem e resistem. Clubes, escolas de samba e blocos de rua registram essa diversidade cultural. O Dia do Samba busca justamente fortalecer essa presen\u00e7a, valorizar as ra\u00edzes afro-brasileiras e combater o preconceito racial por meio da arte\u201d, expressa.<\/p>\n<p>&nbsp;<\/p>\n<p>O projeto conta com produ\u00e7\u00e3o cultural de Cali Gest\u00e3o Cultural e financiamento do Financiarte da Prefeitura Municipal de Caxias do Sul.<\/p>\n<p>&nbsp;<\/p>\n<p>PROGRAMA\u00c7\u00c3O<\/p>\n<p>&nbsp;<\/p>\n<p>2 de dezembro (ter\u00e7a-feira) \u2013 entrada gratuita<\/p>\n<p>&nbsp;<\/p>\n<p>:: 20h: Bate-papo sobre a hist\u00f3ria do samba com o turism\u00f3logo Me. Ernani Viana e Mestre Batata<\/p>\n<p>&nbsp;<\/p>\n<p>:: 21h: Samba de Raiz com Seresteiros do Luar<\/p>\n<p>&nbsp;<\/p>\n<p>7 de dezembro (domingo) \u2013 entrada: R$20<\/p>\n<p>&nbsp;<\/p>\n<p>:: 15h: Roda de Samba na Rua<\/p>\n","protected":false},"excerpt":{"rendered":"<p>O Bar do Luizinho sediar\u00e1 os eventos na ter\u00e7a-feira (2) e no domingo (7) &nbsp; A tradi\u00e7\u00e3o do samba vai tomar conta de Caxias do &hellip; <\/p>\n","protected":false},"author":2,"featured_media":34986,"comment_status":"closed","ping_status":"closed","sticky":false,"template":"","format":"standard","meta":{"footnotes":""},"categories":[2],"tags":[],"class_list":["post-34985","post","type-post","status-publish","format-standard","has-post-thumbnail","hentry","category-noticias","latest_post"],"_links":{"self":[{"href":"https:\/\/gilpimentel.com.br\/site\/wp-json\/wp\/v2\/posts\/34985","targetHints":{"allow":["GET"]}}],"collection":[{"href":"https:\/\/gilpimentel.com.br\/site\/wp-json\/wp\/v2\/posts"}],"about":[{"href":"https:\/\/gilpimentel.com.br\/site\/wp-json\/wp\/v2\/types\/post"}],"author":[{"embeddable":true,"href":"https:\/\/gilpimentel.com.br\/site\/wp-json\/wp\/v2\/users\/2"}],"replies":[{"embeddable":true,"href":"https:\/\/gilpimentel.com.br\/site\/wp-json\/wp\/v2\/comments?post=34985"}],"version-history":[{"count":1,"href":"https:\/\/gilpimentel.com.br\/site\/wp-json\/wp\/v2\/posts\/34985\/revisions"}],"predecessor-version":[{"id":34987,"href":"https:\/\/gilpimentel.com.br\/site\/wp-json\/wp\/v2\/posts\/34985\/revisions\/34987"}],"wp:featuredmedia":[{"embeddable":true,"href":"https:\/\/gilpimentel.com.br\/site\/wp-json\/wp\/v2\/media\/34986"}],"wp:attachment":[{"href":"https:\/\/gilpimentel.com.br\/site\/wp-json\/wp\/v2\/media?parent=34985"}],"wp:term":[{"taxonomy":"category","embeddable":true,"href":"https:\/\/gilpimentel.com.br\/site\/wp-json\/wp\/v2\/categories?post=34985"},{"taxonomy":"post_tag","embeddable":true,"href":"https:\/\/gilpimentel.com.br\/site\/wp-json\/wp\/v2\/tags?post=34985"}],"curies":[{"name":"wp","href":"https:\/\/api.w.org\/{rel}","templated":true}]}}