{"id":34891,"date":"2025-12-03T00:32:04","date_gmt":"2025-12-03T03:32:04","guid":{"rendered":"https:\/\/gilpimentel.com.br\/site\/?p=34891"},"modified":"2025-12-03T20:07:04","modified_gmt":"2025-12-03T23:07:04","slug":"sesc-anchieta-promove-1a-rustica-sescorrer-em-14-12","status":"publish","type":"post","link":"https:\/\/gilpimentel.com.br\/site\/sesc-anchieta-promove-1a-rustica-sescorrer-em-14-12\/","title":{"rendered":"SESC ANCHIETA PROMOVE 1\u00aa R\u00daSTICA SESCORRER EM 14\/12"},"content":{"rendered":"<p>As inscri\u00e7\u00f5es est\u00e3o abertas. Prova ter\u00e1 dist\u00e2ncias de 3 km e 6 km<\/p>\n<p>&nbsp;<\/p>\n<p>No dia 14 de dezembro, o Sesc Anchieta vai realizar uma corrida de rua que promete movimentar o bairro e incentivar a pr\u00e1tica esportiva na comunidade porto-alegrense. A 1\u00aa R\u00fastica Sescorrer ter\u00e1 largada \u00e0s 8h, na sede da Fecom\u00e9rcio-RS, e contar\u00e1 com dist\u00e2ncias de 3km e 6km. Al\u00e9m das modalidades de corrida, o evento tamb\u00e9m contar\u00e1 com uma caminhada participativa de 3km, com largada prevista para \u00e0s 8h05, e a corrida kids, que ser\u00e1 realizada \u00e0s 9h, com dist\u00e2ncias que variam de 50m a 500m conforme a faixa et\u00e1ria dos participantes, de 3 a 15 anos.<\/p>\n<p>&nbsp;<\/p>\n<p>As inscri\u00e7\u00f5es seguem abertas at\u00e9 10 de dezembro, ou at\u00e9 atingir o limite de 300 atletas inscritos. Os valores variam conforme a categoria: R$ 60 para comerci\u00e1rios, R$ 48 para funcion\u00e1rios do Sesc, Senac e Fecom\u00e9rcio e R$ 70 para o p\u00fablico geral. A inscri\u00e7\u00e3o para a corrida kids custa R$ 30. As inscri\u00e7\u00f5es podem ser realizadas atrav\u00e9s do site www.sesc-rs.com.br\/esporte\/corridas, ou presencialmente em qualquer Unidade do Sesc\/RS.<\/p>\n<p>&nbsp;<\/p>\n<p>Todos os participantes receber\u00e3o kit completo, sendo que o kit adulto para os percursos de 3km, 6km e caminhada inclui regata, chip eletr\u00f4nico e n\u00famero de peito, enquanto o kit kids \u00e9 composto por joaninhas e n\u00famero de peito. A retirada acontecer\u00e1 no dia da prova, das 6h \u00e0s 7h30. Mais informa\u00e7\u00f5es podem ser obtidas pelo WhatsApp (51) 9221-0092.<\/p>\n<p>&nbsp;<\/p>\n<p>Esporte Sesc \u2013 Para promover o bem-estar f\u00edsico da comunidade ga\u00facha, o Sesc\/RS realiza torneios e competi\u00e7\u00f5es, tais como o Circuito Ver\u00e3o Sesc de Esportes, Circuito Sesc de Corridas, MTB e Maratona, al\u00e9m de campeonatos das mais diversas modalidades e a\u00e7\u00f5es voltadas \u00e0 qualidade de vida promovidas pelas Academias Sesc \u2013 com 52 unidades no Estado. Para contribuir com a forma\u00e7\u00e3o de h\u00e1bitos saud\u00e1veis desde a inf\u00e2ncia, o Sesc conta ainda com o projeto de Forma\u00e7\u00e3o Esportiva, presente em 30 Unidades com 18 modalidades, proporcionando o aprendizado do esporte com enfoque no conv\u00edvio social, na integra\u00e7\u00e3o e na valoriza\u00e7\u00e3o dos participantes. Saiba mais em www.sesc-rs.com.br\/esporte.<\/p>\n<p>&nbsp;<\/p>\n<p>1\u00aa R\u00fastica Sescorrer &#8211; Sesc Anchieta<\/p>\n<p>&nbsp;<\/p>\n<p>Data: 14\/12 (domingo)<\/p>\n<p>&nbsp;<\/p>\n<p>Largada: \u00c0s 8h, na Sede da Fecom\u00e9rcio-RS (Rua Fecom\u00e9rcio, 101)<\/p>\n<p>&nbsp;<\/p>\n<p>Inscri\u00e7\u00f5es: Pelo site www.sesc-rs.com.br\/esporte\/corridas, por R$ 60 para comerci\u00e1rios, R$ 48 para funcion\u00e1rios do Sesc, Senac e Fecom\u00e9rcio, R$ 70 para o p\u00fablico geral e R$ 30 para a corrida kids.<\/p>\n","protected":false},"excerpt":{"rendered":"<p>As inscri\u00e7\u00f5es est\u00e3o abertas. Prova ter\u00e1 dist\u00e2ncias de 3 km e 6 km &nbsp; No dia 14 de dezembro, o Sesc Anchieta vai realizar uma &hellip; <\/p>\n","protected":false},"author":2,"featured_media":34892,"comment_status":"closed","ping_status":"closed","sticky":false,"template":"","format":"standard","meta":{"footnotes":""},"categories":[2],"tags":[],"class_list":["post-34891","post","type-post","status-publish","format-standard","has-post-thumbnail","hentry","category-noticias","latest_post"],"_links":{"self":[{"href":"https:\/\/gilpimentel.com.br\/site\/wp-json\/wp\/v2\/posts\/34891","targetHints":{"allow":["GET"]}}],"collection":[{"href":"https:\/\/gilpimentel.com.br\/site\/wp-json\/wp\/v2\/posts"}],"about":[{"href":"https:\/\/gilpimentel.com.br\/site\/wp-json\/wp\/v2\/types\/post"}],"author":[{"embeddable":true,"href":"https:\/\/gilpimentel.com.br\/site\/wp-json\/wp\/v2\/users\/2"}],"replies":[{"embeddable":true,"href":"https:\/\/gilpimentel.com.br\/site\/wp-json\/wp\/v2\/comments?post=34891"}],"version-history":[{"count":1,"href":"https:\/\/gilpimentel.com.br\/site\/wp-json\/wp\/v2\/posts\/34891\/revisions"}],"predecessor-version":[{"id":34893,"href":"https:\/\/gilpimentel.com.br\/site\/wp-json\/wp\/v2\/posts\/34891\/revisions\/34893"}],"wp:featuredmedia":[{"embeddable":true,"href":"https:\/\/gilpimentel.com.br\/site\/wp-json\/wp\/v2\/media\/34892"}],"wp:attachment":[{"href":"https:\/\/gilpimentel.com.br\/site\/wp-json\/wp\/v2\/media?parent=34891"}],"wp:term":[{"taxonomy":"category","embeddable":true,"href":"https:\/\/gilpimentel.com.br\/site\/wp-json\/wp\/v2\/categories?post=34891"},{"taxonomy":"post_tag","embeddable":true,"href":"https:\/\/gilpimentel.com.br\/site\/wp-json\/wp\/v2\/tags?post=34891"}],"curies":[{"name":"wp","href":"https:\/\/api.w.org\/{rel}","templated":true}]}}