{"id":34648,"date":"2025-10-29T21:28:56","date_gmt":"2025-10-30T00:28:56","guid":{"rendered":"https:\/\/gilpimentel.com.br\/site\/?p=34648"},"modified":"2025-11-21T21:30:24","modified_gmt":"2025-11-22T00:30:24","slug":"parque-do-caracol-tera-o-natal-das-raizes-com-atracoes-ate-janeiro-de-2026","status":"publish","type":"post","link":"https:\/\/gilpimentel.com.br\/site\/parque-do-caracol-tera-o-natal-das-raizes-com-atracoes-ate-janeiro-de-2026\/","title":{"rendered":"PARQUE DO CARACOL TER\u00c1 O &#8220;NATAL DAS RA\u00cdZES&#8221;, COM ATRA\u00c7\u00d5ES AT\u00c9 JANEIRO DE 2026"},"content":{"rendered":"<p>A programa\u00e7\u00e3o inicia nesta quinta-feira, 30 de outubro, e ter\u00e1 visita do Papai Noel e experi\u00eancias para toda a fam\u00edlia.<\/p>\n<p>&nbsp;<\/p>\n<p>O Parque do Caracol, em Canela, convida seus visitantes a celebrarem um Natal inspirado na simplicidade e no conv\u00edvio em fam\u00edlia, que resgata tradi\u00e7\u00f5es. A partir desta quinta-feira, 30 de outubro, o atrativo d\u00e1 in\u00edcio ao \u201cNatal das Ra\u00edzes\u201d, uma programa\u00e7\u00e3o especial com experi\u00eancias para todas as idades. As atividades s\u00e3o gratuitas para os visitantes e acontecem at\u00e9 18 de janeiro de 2026, acompanhando a programa\u00e7\u00e3o do 38\u00ba Sonho de Natal de Canela.<\/p>\n<p>&nbsp;<\/p>\n<p>O \u201ccora\u00e7\u00e3o\u201d da programa\u00e7\u00e3o de Natal do Parque do Caracol \u00e9 a Casa Ra\u00edzes, ponto de visita\u00e7\u00e3o que conta a hist\u00f3ria do atrativo, de sua natureza e de Canela. No local, crian\u00e7as e adultos poder\u00e3o tirar a t\u00e3o esperada foto com o Papai Noel com a Foto Oficial do parque, em um cen\u00e1rio montado no deck da casa, cheio de natureza, em um registro que promete encantar os visitantes.<\/p>\n<p>&nbsp;<\/p>\n<p>A visita do Noel acontecer\u00e1 no dia da inaugura\u00e7\u00e3o, 30 de outubro, aos s\u00e1bados e domingos at\u00e9 23 de novembro, das 12h \u00e0s 16h. A partir de 27 de novembro, o novo Mirante da Cascata do Caracol tamb\u00e9m servir\u00e1 de cen\u00e1rio para a tradicional foto com o bom velhinho. A atra\u00e7\u00e3o ficar\u00e1 dispon\u00edvel de quinta a domingo, das 13h \u00e0s 16h. \u00c0s 13h, o Noel estar\u00e1 no novo Mirante da Cascata do Caracol, e a partir das 14h, ele retorna \u00e0 Casa. J\u00e1 em dezembro a visita segue de quinta a domingo, incluindo a v\u00e9spera do Natal, dia 24 (das 12h \u00e0s 15h). Em janeiro, volta a ser apenas aos s\u00e1bados e domingos, das 13h \u00e0s 16h, at\u00e9 a campanha encerrar, em 18 de janeiro.<\/p>\n<p>&nbsp;<\/p>\n<p>A Casa Ra\u00edzes tamb\u00e9m ser\u00e1 o ponto da Paradinha de Natal, realizada em parceria com a Associa\u00e7\u00e3o Padre Franco. O desfile tem\u00e1tico acontece no jardim da casa, acontecendo aos domingos de novembro e dezembro, \u00e0s 14h.<\/p>\n<p>&nbsp;<\/p>\n<p>O \u201cPassaporte do Caracol \u2013 Uma Jornada na Natureza\u201d, ganha uma capa personalizada e uma cartela de adesivos natalinos para as crian\u00e7as colarem e guardarem de recorda\u00e7\u00e3o ao completarem a jornada de visita\u00e7\u00e3o no parque. J\u00e1 a tradicional \u201cfitinha do desejo\u201d ser\u00e1 da cor vermelha tem\u00e1tica durante a programa\u00e7\u00e3o especial e ter\u00e1 gravadas as palavras amor, fam\u00edlia e tradi\u00e7\u00e3o.<\/p>\n<p>&nbsp;<\/p>\n<p>\u201cO Natal \u00e9 um dos per\u00edodos mais encantadores do ano, queremos que cada visitante sinta essa magia aqui no Parque do Caracol. Nossa programa\u00e7\u00e3o foi pensada para reunir fam\u00edlias, celebrar tradi\u00e7\u00f5es, um Natal com cheiro de inf\u00e2ncia e sobre a beleza de compartilhar momentos. E, claro, tudo isso com a natureza \u00edmpar daqui\u201d, afirma Sandra Ferraz, gerente geral do Parque do Caracol.<\/p>\n<p>&nbsp;<\/p>\n<p>O clima natalino tamb\u00e9m estar\u00e1 presente ao longo da jornada do parque, que receber\u00e1 decora\u00e7\u00e3o especial.<\/p>\n<p>&nbsp;<\/p>\n<p>Esquete tem\u00e1tica com \u201cOs Protetores da Natureza\u201d<\/p>\n<p>&nbsp;<\/p>\n<p>Para completar a programa\u00e7\u00e3o, a esquete teatral \u201cOs Protetores da Natureza\u201d ganha vers\u00e3o especial de Natal. As apresenta\u00e7\u00f5es acontecem no dia do lan\u00e7amento, 30 de outubro, e partir disso, todos os s\u00e1bados, \u00e0s 11h30, na Pra\u00e7a dos Ga\u00fachos, reunindo os personagens Ar\u00e1uca, Ramilho, Gauvina, Hort\u00eansio e Artina, seres m\u00e1gicos que surgem nesta \u00e9poca do ano para lembrar a import\u00e2ncia da esperan\u00e7a, do cuidado com a natureza e das conex\u00f5es humanas.<\/p>\n<p>&nbsp;<\/p>\n<p>\u201cNatal Ra\u00edzes\u201d do Parque do Caracol<\/p>\n<p>Quando: de 30 de outubro a 18 de janeiro de 2026.<\/p>\n<p>Programa\u00e7\u00e3o completa:<\/p>\n<p>Pra\u00e7a dos Ga\u00fachos (entrada do parque):<\/p>\n<p>Esquete teatral \u201cOs Protetores da Natureza\u201d<\/p>\n<p>Todos os s\u00e1bados, de 30 de outubro a 18 de janeiro de 2026, \u00e0s 11h30.<\/p>\n<p>Casa Ra\u00edzes:<\/p>\n<p>Foto Oficial com o Papai Noel<\/p>\n<p>De 30\/10 a 23\/11: aos s\u00e1bados e domingos, das 12h \u00e0s 16h.<\/p>\n<p>A partir de 27\/11 e no m\u00eas de dezembro (exceto dia 24\/12): de quinta a domingo, das 12h \u00e0s 16h.<\/p>\n<p>24 de dezembro: das 11h \u00e0s 15h<\/p>\n<p>Janeiro: aos s\u00e1bados e domingos, das 13h \u00e0s 16h, at\u00e9 o dia 18\/01.<\/p>\n<p>Paradinha de Natal &#8211; Associa\u00e7\u00e3o Padre Franco<\/p>\n<p>Todos os domingos dos meses de novembro e dezembro, a partir das 14h, no jardim da Casa Ra\u00edzes.<\/p>\n<p>Novo Mirante da Cascata do Caracol (novembro):<\/p>\n<p>Foto Oficial com o Papai Noel<\/p>\n<p>A partir de 27\/11 e no m\u00eas de dezembro (exceto dia 24\/12): de quinta a domingo, das 12h \u00e0s 13h.<\/p>\n<p>24 de dezembro: das 11h \u00e0s 12h<\/p>\n<p>Janeiro: aos s\u00e1bados e domingos, das 12h \u00e0s 13h.<\/p>\n<p>&nbsp;<\/p>\n<p>PARQUE DO CARACOL CANELA-RS<\/p>\n<p>&nbsp;<\/p>\n<p>Endere\u00e7o: Rodovia RS 466, km 0, s\/n &#8211; Caracol, Canela &#8211; RS, 95680-000<\/p>\n<p>Funcionamento: de quinta a segunda-feira, das 9h \u00e0s 17h<\/p>\n<p>Ingressos: Bilhete Caracol: R$ 59,90 antecipado no site e R$ 69,90 na bilheteria<\/p>\n<p>Bilhete Ga\u00facho: R$ 37 antecipado no site<\/p>\n<p>Isen\u00e7\u00e3o:<\/p>\n<p>&#8211; Pessoas nascidas ou moradoras de Canela e Gramado, mediante documenta\u00e7\u00e3o comprobat\u00f3ria<\/p>\n<p>&#8211; Cadeirantes<\/p>\n<p>&#8211; Guias de turismo inscritos na Cadastur<\/p>\n<p>&#8211; Crian\u00e7as at\u00e9 5 anos<\/p>\n<p>&#8211; Pesquisadores<\/p>\n<p>&#8211; Estudantes e professores da rede p\u00fablica de ensino fundamental e m\u00e9dio<\/p>\n<p>&#8211; Servidores e agentes de \u00f3rg\u00e3os de seguran\u00e7a p\u00fablica<\/p>\n<p>Meia-entrada:<\/p>\n<p>&#8211; Pessoas acima de 60 anos, mediante a apresenta\u00e7\u00e3o de documento oficial com foto, conforme artigo 23 da lei 10.741\/2003.<\/p>\n<p>&#8211; Crian\u00e7as (de 6 a 12 anos), mediante a apresenta\u00e7\u00e3o de documento oficial com foto;<\/p>\n<p>&#8211; PcD e Acompanhante, mediante a apresenta\u00e7\u00e3o de laudo m\u00e9dico e\/ou documento oficial com foto.<\/p>\n<p>&#8211; ID Jovem, jovens entre 15 e 29 anos, mediante apresenta\u00e7\u00e3o da Carteira de Identidade Jovem emitida pela Secretaria Nacional de Juventude acompanhada de documento oficial com foto.<\/p>\n<p>Estacionamento: R$15 (valor especial para canelenses e gramadenses). Para os demais visitantes, o valor \u00e9 R$ 30.<\/p>\n<p>Site e redes sociais<\/p>\n<p>https:\/\/www.parquecaracol.com.br\/<\/p>\n<p>https:\/\/www.instagram.com\/parquedocaracol\/<\/p>\n<p>https:\/\/www.facebook.com\/parquedocaracoloficial\/O DE 2026<\/p>\n","protected":false},"excerpt":{"rendered":"<p>A programa\u00e7\u00e3o inicia nesta quinta-feira, 30 de outubro, e ter\u00e1 visita do Papai Noel e experi\u00eancias para toda a fam\u00edlia. &nbsp; O Parque do Caracol, &hellip; <\/p>\n","protected":false},"author":2,"featured_media":34649,"comment_status":"closed","ping_status":"closed","sticky":false,"template":"","format":"standard","meta":{"footnotes":""},"categories":[2],"tags":[],"class_list":["post-34648","post","type-post","status-publish","format-standard","has-post-thumbnail","hentry","category-noticias","latest_post"],"_links":{"self":[{"href":"https:\/\/gilpimentel.com.br\/site\/wp-json\/wp\/v2\/posts\/34648","targetHints":{"allow":["GET"]}}],"collection":[{"href":"https:\/\/gilpimentel.com.br\/site\/wp-json\/wp\/v2\/posts"}],"about":[{"href":"https:\/\/gilpimentel.com.br\/site\/wp-json\/wp\/v2\/types\/post"}],"author":[{"embeddable":true,"href":"https:\/\/gilpimentel.com.br\/site\/wp-json\/wp\/v2\/users\/2"}],"replies":[{"embeddable":true,"href":"https:\/\/gilpimentel.com.br\/site\/wp-json\/wp\/v2\/comments?post=34648"}],"version-history":[{"count":1,"href":"https:\/\/gilpimentel.com.br\/site\/wp-json\/wp\/v2\/posts\/34648\/revisions"}],"predecessor-version":[{"id":34650,"href":"https:\/\/gilpimentel.com.br\/site\/wp-json\/wp\/v2\/posts\/34648\/revisions\/34650"}],"wp:featuredmedia":[{"embeddable":true,"href":"https:\/\/gilpimentel.com.br\/site\/wp-json\/wp\/v2\/media\/34649"}],"wp:attachment":[{"href":"https:\/\/gilpimentel.com.br\/site\/wp-json\/wp\/v2\/media?parent=34648"}],"wp:term":[{"taxonomy":"category","embeddable":true,"href":"https:\/\/gilpimentel.com.br\/site\/wp-json\/wp\/v2\/categories?post=34648"},{"taxonomy":"post_tag","embeddable":true,"href":"https:\/\/gilpimentel.com.br\/site\/wp-json\/wp\/v2\/tags?post=34648"}],"curies":[{"name":"wp","href":"https:\/\/api.w.org\/{rel}","templated":true}]}}