{"id":34486,"date":"2025-11-19T00:32:24","date_gmt":"2025-11-19T03:32:24","guid":{"rendered":"https:\/\/gilpimentel.com.br\/site\/?p=34486"},"modified":"2025-11-18T23:33:21","modified_gmt":"2025-11-19T02:33:21","slug":"croche-transforma-rua-historica-de-belem-em-galeria-de-arte","status":"publish","type":"post","link":"https:\/\/gilpimentel.com.br\/site\/croche-transforma-rua-historica-de-belem-em-galeria-de-arte\/","title":{"rendered":"CROCH\u00ca TRANSFORMA RUA HIST\u00d3RICA DE BEL\u00c9M EM GALERIA DE ARTE\u00a0"},"content":{"rendered":"<p>Maior exposi\u00e7\u00e3o de croch\u00ea a c\u00e9u aberto do Norte do pa\u00eds re\u00fane 250 artes\u00e3s e valoriza o turismo e a cultura local<\/p>\n<p>&nbsp;<\/p>\n<p>A travessa Ocidental do Mercado Francisco Bolonha, no cora\u00e7\u00e3o do Ver-o-Peso, em Bel\u00e9m, recebe a maior exposi\u00e7\u00e3o de croch\u00ea a c\u00e9u aberto do Norte do Brasil. Com cerca de 70 metros de extens\u00e3o, a Rua de Croch\u00ea ser\u00e1 inteiramente coberta por um mosaico colorido formado por cerca de 1 mil squares (quadradinhos) de 50 por 50 cent\u00edmetros, confeccionados por 250 artes\u00e3s e artes\u00e3os da regi\u00e3o. A iniciativa \u00e9 do Movimento Ver-A-Arte, criado pelo Armarinho Ponto Cheio, e conta com o apoio da administra\u00e7\u00e3o municipal, do Sebrae Par\u00e1 e da C\u00edrculo, refer\u00eancia nacional em fios para artesanato.<\/p>\n<p>&nbsp;<\/p>\n<p>O projeto, que permanecer\u00e1 em exibi\u00e7\u00e3o at\u00e9 o fim do ano, ocupa um dos pontos tur\u00edsticos mais emblem\u00e1ticos da capital paraense. A travessa, localizada ao lado do mercado de carne do Ver-o-Peso, \u00e9 diariamente visitada por moradores e turistas que buscam vivenciar a cultura local. A proposta da Rua de Croch\u00ea \u00e9 ampliar esse contato, oferecendo uma experi\u00eancia visual e afetiva que conecta tradi\u00e7\u00e3o, criatividade e pertencimento. Ap\u00f3s a realiza\u00e7\u00e3o da 30\u00aa Confer\u00eancia das Partes (COP30), o espa\u00e7o ser\u00e1 transformado em uma rua iluminada de Natal, reaproveitando a estrutura j\u00e1 instalada.<\/p>\n<p>&nbsp;<\/p>\n<p>Mais de mil novelos da linha Cl\u00e9a Duplo, produzidos com algod\u00e3o 100% e ecologicamente sustent\u00e1vel, foram utilizados na confec\u00e7\u00e3o das pe\u00e7as. Cada square \u00e9 \u00fanico, feito \u00e0 m\u00e3o com dedica\u00e7\u00e3o e t\u00e9cnica por mulheres que encontraram no artesanato uma forma de express\u00e3o, renda e autonomia. A a\u00e7\u00e3o refor\u00e7a o compromisso do Movimento Ver-A-Arte com a valoriza\u00e7\u00e3o do trabalho artesanal e com pr\u00e1ticas sustent\u00e1veis, promovendo o reaproveitamento de materiais e o engajamento comunit\u00e1rio.<\/p>\n<p>&nbsp;<\/p>\n<p>\u201cO croch\u00ea \u00e9 mais do que t\u00e9cnica, \u00e9 afeto, \u00e9 resist\u00eancia. Ver essa rua se tornar uma galeria viva \u00e9 uma forma de reconhecer o talento das artes\u00e3s e artes\u00e3os paraenses e mostrar ao mundo o que somos capazes de criar juntos\u201d, afirma Patr\u00edcia Resque, idealizadora do projeto e respons\u00e1vel pelo Armarinho Ponto Cheio.<\/p>\n<p>&nbsp;<\/p>\n<p>A C\u00edrculo, empresa parceira do projeto, destaca a import\u00e2ncia de iniciativas que unem arte, cultura e impacto social. \u201cO artesanato \u00e9 uma linguagem que conecta pessoas, hist\u00f3rias e territ\u00f3rios. Estar presente em a\u00e7\u00f5es como essa, que valorizam o trabalho manual e promovem inclus\u00e3o, \u00e9 parte do nosso prop\u00f3sito como marca. A Rua de Croch\u00ea \u00e9 um exemplo de como o fio pode entrela\u00e7ar sonhos e transformar espa\u00e7os\u201d, afirma o CEO da C\u00edrculo, Osni de Oliveira Junior.<\/p>\n<p>&nbsp;<\/p>\n<p>Arte que inspira e transforma<\/p>\n<p>&nbsp;<\/p>\n<p>O Movimento Ver-A-Arte nasceu com o objetivo de levar o artesanato a novos espa\u00e7os e incentivar o trabalho coletivo. A Rua de Croch\u00ea \u00e9 uma das express\u00f5es mais potentes dessa miss\u00e3o, reunindo talento, apoio m\u00fatuo e paix\u00e3o pela arte. A montagem do mosaico foi feita entre os dias 10 e 14 de novembro, com a presen\u00e7a das artes\u00e3s que participaram da cria\u00e7\u00e3o das pe\u00e7as. A expectativa \u00e9 que a exposi\u00e7\u00e3o atraia visitantes de todo o Estado e se torne um marco cultural da cidade.<\/p>\n<p>&nbsp;<\/p>\n<p>C\u00edrculo<\/p>\n<p>&nbsp;<\/p>\n<p>A empresa \u00e9 a maior fabricante de fios para trabalhos manuais da Am\u00e9rica Latina e desenvolve produtos e acess\u00f3rios para artesanato. H\u00e1 87 anos no mercado, tem mais de 1,5 mil colaboradores ativos na empresa, exporta para mais de 55 pa\u00edses e \u00e9 a marca com maior atua\u00e7\u00e3o do segmento no pa\u00eds. Conta com mais de 700 produtos em seu mix e, atrav\u00e9s do Time de Artes\u00e3os, que soma 13 profissionais, oferece suporte na educa\u00e7\u00e3o e profissionaliza\u00e7\u00e3o do artesanato, com workshops em todo o Brasil. Ela tamb\u00e9m incentiva quem pratica o trabalho manual como hobby, oferecendo e-books gratuitos, aplicativo pr\u00f3prio e publica\u00e7\u00f5es especializadas em tric\u00f4, croch\u00ea, amigurumi e bordado.<\/p>\n","protected":false},"excerpt":{"rendered":"<p>Maior exposi\u00e7\u00e3o de croch\u00ea a c\u00e9u aberto do Norte do pa\u00eds re\u00fane 250 artes\u00e3s e valoriza o turismo e a cultura local &nbsp; A travessa &hellip; <\/p>\n","protected":false},"author":2,"featured_media":34487,"comment_status":"closed","ping_status":"closed","sticky":false,"template":"","format":"standard","meta":{"footnotes":""},"categories":[2],"tags":[],"class_list":["post-34486","post","type-post","status-publish","format-standard","has-post-thumbnail","hentry","category-noticias","latest_post"],"_links":{"self":[{"href":"https:\/\/gilpimentel.com.br\/site\/wp-json\/wp\/v2\/posts\/34486","targetHints":{"allow":["GET"]}}],"collection":[{"href":"https:\/\/gilpimentel.com.br\/site\/wp-json\/wp\/v2\/posts"}],"about":[{"href":"https:\/\/gilpimentel.com.br\/site\/wp-json\/wp\/v2\/types\/post"}],"author":[{"embeddable":true,"href":"https:\/\/gilpimentel.com.br\/site\/wp-json\/wp\/v2\/users\/2"}],"replies":[{"embeddable":true,"href":"https:\/\/gilpimentel.com.br\/site\/wp-json\/wp\/v2\/comments?post=34486"}],"version-history":[{"count":1,"href":"https:\/\/gilpimentel.com.br\/site\/wp-json\/wp\/v2\/posts\/34486\/revisions"}],"predecessor-version":[{"id":34488,"href":"https:\/\/gilpimentel.com.br\/site\/wp-json\/wp\/v2\/posts\/34486\/revisions\/34488"}],"wp:featuredmedia":[{"embeddable":true,"href":"https:\/\/gilpimentel.com.br\/site\/wp-json\/wp\/v2\/media\/34487"}],"wp:attachment":[{"href":"https:\/\/gilpimentel.com.br\/site\/wp-json\/wp\/v2\/media?parent=34486"}],"wp:term":[{"taxonomy":"category","embeddable":true,"href":"https:\/\/gilpimentel.com.br\/site\/wp-json\/wp\/v2\/categories?post=34486"},{"taxonomy":"post_tag","embeddable":true,"href":"https:\/\/gilpimentel.com.br\/site\/wp-json\/wp\/v2\/tags?post=34486"}],"curies":[{"name":"wp","href":"https:\/\/api.w.org\/{rel}","templated":true}]}}