{"id":32531,"date":"2025-10-16T08:45:55","date_gmt":"2025-10-16T11:45:55","guid":{"rendered":"https:\/\/gilpimentel.com.br\/site\/?p=32531"},"modified":"2025-10-17T16:36:51","modified_gmt":"2025-10-17T19:36:51","slug":"multipropriedade-avanca-entre-publico-que-deseja-investir-com-sabedoria-em-lifestyle","status":"publish","type":"post","link":"https:\/\/gilpimentel.com.br\/site\/multipropriedade-avanca-entre-publico-que-deseja-investir-com-sabedoria-em-lifestyle\/","title":{"rendered":"MULTIPROPRIEDADE AVAN\u00c7A ENTRE P\u00daBLICO QUE DESEJA INVESTIR COM SABEDORIA EM LIFESTYLE"},"content":{"rendered":"<p>Compartilhamento conectado ao turismo \u00e9 tend\u00eancia com potencial para conquistar a classe m\u00e9dia<\/p>\n<p>&nbsp;<\/p>\n<p>O brasileiro est\u00e1 cada vez mais interessado em possuir uma cota de multipropriedade. De acordo com levantamento da consultoria Caio Calfat, o modelo atingiu R$ 92,6 bilh\u00f5es de VGV em abril deste ano, 16,6% a mais do que o mesmo m\u00eas em 2024. O segmento conta com 216 projetos ativos em todo o pa\u00eds, incluindo empreendimentos de porte, como o resort com a marca Hard Rock que o grupo Mundo Planalto est\u00e1 construindo em Gramado (RS).<\/p>\n<p>&nbsp;<\/p>\n<p>Com o compartilhamento proporcionado pela multipropriedade, \u00e9 poss\u00edvel investir apenas na fra\u00e7\u00e3o do im\u00f3vel de f\u00e9rias que ser\u00e1 de fato utilizada, com economia em compara\u00e7\u00e3o \u00e0 compra completa e definitiva de um im\u00f3vel que ser\u00e1 utilizado apenas para temporadas de f\u00e9rias.<\/p>\n<p>&nbsp;<\/p>\n<p>Para o CEO da Mundo Planalto, Jos\u00e9 Roberto Nunes, a experi\u00eancia de venda de cotas de multipropriedade no Brasil tem sido bastante positiva, pois o p\u00fablico local \u00e9 receptivo a modelos que unem praticidade e realiza\u00e7\u00e3o de um desejo.<\/p>\n<p>&nbsp;<\/p>\n<p>\u201cA multipropriedade oferece experi\u00eancias novas a pre\u00e7os acess\u00edveis, permitindo que fam\u00edlias vivam o lifestyle de viajar com mais sabedoria nesse investimento. Temos visto aumento consistente nas vendas, impulsionado pela combina\u00e7\u00e3o de transpar\u00eancia, gest\u00e3o profissional e projetos que passaram a se preocupar em ir al\u00e9m do im\u00f3vel e entregar tamb\u00e9m um estilo de vida\u201d, avalia ele.<\/p>\n<p>&nbsp;<\/p>\n<p>Exemplo desses projetos \u00e9 a bandeira Castelos do Vale, uma proposta idealizada pela Mundo Planalto para aliar hospedagem de alto n\u00edvel e enoturismo. O primeiro resort com esse perfil deve ser inaugurado ainda este ano, dentro da Vin\u00edcola Dom C\u00e2ndido, em Bento Gon\u00e7alves.<\/p>\n<p>&nbsp;<\/p>\n<p>Em Gramado, o grupo est\u00e1 construindo o Residence Club Hard Rock Hotel Gramado, que traz o universo do rock para a multipropriedade. O projeto levou oito anos para ser aprovado de acordo com todas as exig\u00eancias ambientais e espec\u00edficas do munic\u00edpio, seguindo a proposta de ser um cart\u00e3o postal da regi\u00e3o, integrado \u00e0 paisagem serrana.<\/p>\n<p>&nbsp;<\/p>\n<p>Quem adquire multipropriedade no Brasil \u2013 Segundo an\u00e1lises da Mundo Planalto, o perfil do comprador de multipropriedade \u00e9 formado majoritariamente por casais e fam\u00edlias de classe m\u00e9dia e m\u00e9dia-alta, com renda entre R$ 12 mil e R$ 25 mil mensais, que enxergam no modelo uma forma inteligente de acessar im\u00f3veis de lazer de alto padr\u00e3o.<\/p>\n<p>&nbsp;<\/p>\n<p>A faixa et\u00e1ria mais comum est\u00e1 entre 35 e 55 anos, p\u00fablico j\u00e1 consolidado profissionalmente e em busca de experi\u00eancias para compartilhar com a fam\u00edlia. Em termos de origem, predominam compradores das grandes capitais \u2013 como S\u00e3o Paulo, Rio de Janeiro, Belo Horizonte e Porto Alegre \u2013 mas tamb\u00e9m \u00e9 muito marcante a presen\u00e7a de clientes regionais que desejam diversificar suas f\u00e9rias e viver um lifestyle conectado ao turismo e \u00e0 mobilidade global.<\/p>\n<p>&nbsp;<\/p>\n<p>\u201c\u00c9 um p\u00fablico que busca f\u00e9rias com mais intelig\u00eancia e prop\u00f3sito. Diferente da reserva de hot\u00e9is, que representa um gasto que n\u00e3o retorna, a multipropriedade se mant\u00e9m como um ativo e patrim\u00f4nio do cliente, agregando valor no tempo. \u00c9 um modelo que alia racionalidade financeira e investimento em qualidade de vida\u201d, conclui Jos\u00e9 Roberto, da Mundo Planalto<\/p>\n","protected":false},"excerpt":{"rendered":"<p>Compartilhamento conectado ao turismo \u00e9 tend\u00eancia com potencial para conquistar a classe m\u00e9dia &nbsp; O brasileiro est\u00e1 cada vez mais interessado em possuir uma cota &hellip; <\/p>\n","protected":false},"author":2,"featured_media":32532,"comment_status":"closed","ping_status":"closed","sticky":false,"template":"","format":"standard","meta":{"footnotes":""},"categories":[2],"tags":[],"class_list":["post-32531","post","type-post","status-publish","format-standard","has-post-thumbnail","hentry","category-noticias","latest_post"],"_links":{"self":[{"href":"https:\/\/gilpimentel.com.br\/site\/wp-json\/wp\/v2\/posts\/32531","targetHints":{"allow":["GET"]}}],"collection":[{"href":"https:\/\/gilpimentel.com.br\/site\/wp-json\/wp\/v2\/posts"}],"about":[{"href":"https:\/\/gilpimentel.com.br\/site\/wp-json\/wp\/v2\/types\/post"}],"author":[{"embeddable":true,"href":"https:\/\/gilpimentel.com.br\/site\/wp-json\/wp\/v2\/users\/2"}],"replies":[{"embeddable":true,"href":"https:\/\/gilpimentel.com.br\/site\/wp-json\/wp\/v2\/comments?post=32531"}],"version-history":[{"count":1,"href":"https:\/\/gilpimentel.com.br\/site\/wp-json\/wp\/v2\/posts\/32531\/revisions"}],"predecessor-version":[{"id":32533,"href":"https:\/\/gilpimentel.com.br\/site\/wp-json\/wp\/v2\/posts\/32531\/revisions\/32533"}],"wp:featuredmedia":[{"embeddable":true,"href":"https:\/\/gilpimentel.com.br\/site\/wp-json\/wp\/v2\/media\/32532"}],"wp:attachment":[{"href":"https:\/\/gilpimentel.com.br\/site\/wp-json\/wp\/v2\/media?parent=32531"}],"wp:term":[{"taxonomy":"category","embeddable":true,"href":"https:\/\/gilpimentel.com.br\/site\/wp-json\/wp\/v2\/categories?post=32531"},{"taxonomy":"post_tag","embeddable":true,"href":"https:\/\/gilpimentel.com.br\/site\/wp-json\/wp\/v2\/tags?post=32531"}],"curies":[{"name":"wp","href":"https:\/\/api.w.org\/{rel}","templated":true}]}}